{"id":19070,"date":"2024-07-31T15:40:26","date_gmt":"2024-07-31T15:40:26","guid":{"rendered":"https:\/\/nimd.org\/the-voice-of-youth-at-the-table-in-the-big-apple\/"},"modified":"2026-01-26T14:42:11","modified_gmt":"2026-01-26T14:42:11","slug":"the-voice-of-youth-at-the-table-in-the-big-apple","status":"publish","type":"post","link":"https:\/\/nimd.org\/fr\/the-voice-of-youth-at-the-table-in-the-big-apple\/","title":{"rendered":"La voix des jeunes \u00e0 la table de la Grosse Pomme"},"content":{"rendered":"<p>En \u00e9tirant les lettres sur la page, le <a href=\"https:\/\/nimd.org\/fr\/theme-brochures\/the-voice-of-youth-at-the-table\/\">Rapport sur la voix des jeunes \u00e0 la table<\/a> s'est r\u00e9veill\u00e9e de son sommeil ; c'\u00e9tait une journ\u00e9e passionnante. C'\u00e9tait le jour du lancement, \u00e0 New York, rien de moins. Aujourd'hui, il allait montrer au monde ce qu'il avait \u00e0 offrir - une compilation des le\u00e7ons apprises, des histoires et des d\u00e9fis collectifs auxquels ses auteurs avaient \u00e9t\u00e9 confront\u00e9s dans leur travail sur la participation politique des jeunes dans le monde entier. Avec ses auteurs, il allait pr\u00e9senter ses conclusions \u00e0 la Repr\u00e9sentation permanente du Royaume des Pays-Bas aupr\u00e8s de l'Organisation des Nations Unies (ONU) devant un public compos\u00e9 de repr\u00e9sentants (de jeunes) de plusieurs pays, de fonctionnaires de l'ONU, de jeunes d\u00e9l\u00e9gu\u00e9s et d'organisations travaillant sur la participation politique des jeunes. Aujourd'hui, nous partageons avec vous quelques points forts de sa <a href=\"https:\/\/nimd.org\/fr\/event-bridging-the-gap-youth-participation-in-politics\/\">premi\u00e8re sortie<\/a> \u00e0 New York et, plus important encore, que se passe-t-il maintenant ?<\/p>\n<p>Tout d'abord, Chris, de l'association Kenyan Young Members of Country Assemblies (KYMCA), explique au public comment la situation au Kenya est arriv\u00e9e \u00e0 son point culminant actuel, avec des jeunes qui descendent dans la rue pour r\u00e9clamer des changements. Chris a expliqu\u00e9 que s'il existe de bonnes lois au Kenya pour la participation politique des jeunes, elles doivent \u00eatre mises en \u0153uvre de mani\u00e8re plus efficace. Chris est rejoint dans le panel par Kevin Eustatia-Palm, le repr\u00e9sentant de la jeunesse de l'ONU pour le Royaume des Pays-Bas de Cura\u00e7ao\/Royaume des Pays-Bas et Lena Al Aloul de Jordanie, et mod\u00e9r\u00e9 par \u00c1ngela Rodr\u00edguez, la directrice nationale du NIMD en Colombie. Ils ont suivi un expos\u00e9 de Roxanne van der Bliek, du NIMD, qui a fait remarquer que les jeunes sont d\u00e9\u00e7us par la d\u00e9mocratie dans la pratique et non par la d\u00e9mocratie en tant que mod\u00e8le.<\/p>\n<p><strong><img loading=\"lazy\" decoding=\"async\" class=\"wp-image-15836 alignnone\" src=\"http:\/\/nimd.org\/wp-content\/uploads\/2025\/02\/ny3.jpg\" alt=\"\" width=\"586\" height=\"439\" \/><\/strong><\/p>\n<p>Kevin Eustatia-Palm explique que cela fait longtemps que les jeunes font part de leurs besoins aux responsables politiques, mais qu'il n'y a pas encore d'action visible. La voix des jeunes propose une solution prometteuse : engager le dialogue avec les jeunes en vue d'actions concr\u00e8tes et veiller \u00e0 ce que leur voix soit v\u00e9ritablement entendue. Lorsque les jeunes se sentent d\u00e9connect\u00e9s ou n\u00e9glig\u00e9s, ils se tournent vers d'autres voies pour se faire entendre, en recherchant des groupes d'activistes informels ou des structures non formelles. Pour souligner ce point, il convient d'\u00e9tablir des lignes de communication ouvertes et d'impliquer activement les jeunes dans les processus de prise de d\u00e9cision afin d'encourager la participation.<\/p>\n<blockquote><p>En Jordanie, Lena Al Aloul explique que si \"de nombreux jeunes se sentaient auparavant d\u00e9connect\u00e9s de la politique, ce qui entra\u00eenait un sentiment d'apathie, les r\u00e9centes r\u00e9formes l\u00e9gislatives devraient, esp\u00e9rons-le, relancer leur participation\".<\/p><\/blockquote>\n<p>Le gouvernement jordanien, en vue des prochaines \u00e9lections de septembre de cette ann\u00e9e, \"introduira un changement significatif, puisque l'\u00e2ge minimum requis pour les candidats au Parlement a \u00e9t\u00e9 abaiss\u00e9 de 30 \u00e0 25 ans. Les jeunes auront ainsi la possibilit\u00e9 de participer activement et de faire entendre leur voix\". Dans d'autres nouvelles l\u00e9gislatives, Lena partage le fait que la nouvelle loi \u00e9lectorale exige \"que chaque parti politique pr\u00e9sente une femme dans les trois premi\u00e8res positions de la liste, et une dans les trois positions suivantes. La loi exige \u00e9galement qu'au moins un candidat parmi les cinq premiers de la liste soit \u00e2g\u00e9 de 35 ans ou moins\".<\/p>\n<p>Toutefois, comme le <a href=\"https:\/\/nimd.org\/fr\/theme-brochures\/the-voice-of-youth-at-the-table\/\"><u>La voix des jeunes du NIMD<\/u><\/a> a montr\u00e9 que la prochaine \u00e9tape consiste \u00e0 assurer une mise en \u0153uvre ad\u00e9quate de la l\u00e9gislation et \u00e0 veiller \u00e0 ce que les jeunes disposent des outils ad\u00e9quats et soient engag\u00e9s de mani\u00e8re formelle.<\/p>\n<blockquote><p>Mais \"Comment pouvons-nous briser le cycle de la participation des jeunes o\u00f9 nous devons sans cesse expliquer pourquoi c'est important ? s'interroge Sarah Naswari, repr\u00e9sentante de la jeunesse de l'ONU pour le Royaume des Pays-Bas.<\/p><\/blockquote>\n<p>Nous devons aller au-del\u00e0 du regroupement et de l'enfermement des jeunes dans des espaces qui leur sont adapt\u00e9s ; de cette fa\u00e7on, les jeunes existeront parall\u00e8lement aux structures formelles ; il doit y avoir une combinaison des deux\". Il est \u00e9galement important d'inclure les jeunes dans votre \u00e9quipe et de les consid\u00e9rer comme des experts, comme le dit Kevin.<\/p>\n<p>Il est essentiel de stimuler le dialogue entre les g\u00e9n\u00e9rations. En plus d'offrir aux jeunes une importante opportunit\u00e9 de r\u00e9seautage, ces dialogues leur permettent de partager leur expertise. C'est l'occasion d'accro\u00eetre la confiance et la compr\u00e9hension mutuelle, de surmonter les st\u00e9r\u00e9otypes et de r\u00e9duire la polarisation entre les g\u00e9n\u00e9rations en politique.<\/p>\n<p>Mais ces opportunit\u00e9s ne doivent pas \u00eatre r\u00e9serv\u00e9es \u00e0 une petite bulle de jeunes. La repr\u00e9sentation est importante. Et une seule personne ne peut pas repr\u00e9senter les jeunes dans toute leur diversit\u00e9. C'est pourquoi il est important d'aller au-del\u00e0 des suspects habituels dans toutes les formes de participation politique.<\/p>\n<p>Les jeunes ont toutefois besoin d'aide et des bons outils pour participer de mani\u00e8re significative. Lena souligne l'importance d'introduire l'\u00e9ducation civique et politique d\u00e8s le plus jeune \u00e2ge. Elle plaide en faveur d'une \u00e9ducation civique qui trouve un \u00e9cho aupr\u00e8s des participants, qui associe efficacement la th\u00e9orie \u00e0 la pratique et qui rend la politique amusante et b\u00e9n\u00e9fique pour tous. Chris s'est fait l'\u00e9cho de cette id\u00e9e en d\u00e9clarant que la politique devrait \u00eatre accessible \u00e0 tous, par exemple en simplifiant l'information et les processus.<\/p>\n<p>Quels sont donc les changements que les participants souhaitent le plus voir se produire ? Pour Chris, une politique honn\u00eate et \u00e9thique. Pour Kevin, des r\u00e9sultats tangibles et l'implication des jeunes. Il souhaite \u00e9galement que les jeunes s'informent sur les programmes politiques ; ce n'est qu'ainsi qu'ils pourront prendre des d\u00e9cisions en connaissance de cause. Lena conclut la session en souhaitant que les jeunes et les hommes politiques plus \u00e2g\u00e9s \"r\u00e9alisent que c'est ensemble que l'on fait la d\u00e9mocratie\". Pour Lena - comme le montre son amour pour la Jordanie - l'amour pour son pays ne doit pas \u00eatre sous-estim\u00e9 comme un atout que les jeunes apportent \u00e0 la table des n\u00e9gociations.<\/p>\n<p>Sur ce, le rapport s'est assis et a regard\u00e9 avec fiert\u00e9. Non seulement ses conclusions ont \u00e9t\u00e9 partag\u00e9es, mais elles ont \u00e9t\u00e9 longuement discut\u00e9es. Et que faire ensuite ? Les participants se sont exprim\u00e9s et le message est clair : les jeunes ne sont pas seulement l'avenir, ils sont le pr\u00e9sent. Il est temps de leur donner une place \u00e0 la table et de veiller \u00e0 ce que leurs voix influencent la conversation. Comment, me direz-vous ? Nous vous invitons \u00e0 lire le rapport ; c'est le premier pas vers la d\u00e9couverte de la voie \u00e0 suivre pour garantir que les jeunes fassent partie int\u00e9grante du processus de prise de d\u00e9cision - ce qui permettra de cr\u00e9er des d\u00e9mocraties plus inclusives et durables.<\/p>\n<p><strong>Lire l'int\u00e9gralit\u00e9 de la publication \"Youth at the Table\" (en anglais) <a href=\"https:\/\/nimd.org\/fr\/theme-brochures\/the-voice-of-youth-at-the-table\/\">ici.<\/a><\/strong><\/p>","protected":false},"excerpt":{"rendered":"<p>\u00c9tirant les lettres sur la page, le rapport de la Voix des jeunes \u00e0 la table sort de sa torpeur : c'est une journ\u00e9e passionnante. C'\u00e9tait le jour du lancement, \u00e0 New York, rien de moins. Aujourd'hui, il allait montrer au monde ce qu'il avait \u00e0 offrir - une compilation de le\u00e7ons apprises, d'histoires et de ... <a href=\"https:\/\/nimd.org\/fr\/the-voice-of-youth-at-the-table-in-the-big-apple\/\"><\/a><\/p>","protected":false},"author":2,"featured_media":21871,"comment_status":"open","ping_status":"open","sticky":false,"template":"","format":"standard","meta":{"_acf_changed":false,"inline_featured_image":false,"_monsterinsights_skip_tracking":false,"_monsterinsights_sitenote_active":false,"_monsterinsights_sitenote_note":"","_monsterinsights_sitenote_category":0,"footnotes":""},"categories":[99],"tags":[],"countries":[],"theme":[77],"class_list":["post-19070","post","type-post","status-publish","format-standard","has-post-thumbnail","hentry","category-news","theme-youth-in-politics"],"acf":[],"yoast_head":"<!-- This site is optimized with the Yoast SEO Premium plugin v27.1 (Yoast SEO v27.1.1) - https:\/\/yoast.com\/product\/yoast-seo-premium-wordpress\/ -->\n<title>The Voice of Youth at the Table in the Big Apple - NIMD<\/title>\n<meta name=\"robots\" content=\"index, follow, max-snippet:-1, max-image-preview:large, max-video-preview:-1\" \/>\n<link rel=\"canonical\" href=\"https:\/\/nimd.org\/fr\/the-voice-of-youth-at-the-table-in-the-big-apple\/\" \/>\n<meta property=\"og:locale\" content=\"fr_FR\" \/>\n<meta property=\"og:type\" content=\"article\" \/>\n<meta property=\"og:title\" content=\"The Voice of Youth at the Table in the Big Apple\" \/>\n<meta property=\"og:description\" content=\"Stretching the letters on the page, the Voice of Youth at the Table report woke from its slumber; it was an exciting day. It was the day \u2013 the launch, in New York, no less. Today, it would show the world what it had to offer &#8211; a compilation of lessons learned, stories, and collective &hellip;\" \/>\n<meta property=\"og:url\" content=\"https:\/\/nimd.org\/fr\/the-voice-of-youth-at-the-table-in-the-big-apple\/\" \/>\n<meta property=\"og:site_name\" content=\"NIMD\" \/>\n<meta property=\"article:published_time\" content=\"2024-07-31T15:40:26+00:00\" \/>\n<meta property=\"article:modified_time\" content=\"2026-01-26T14:42:11+00:00\" \/>\n<meta property=\"og:image\" content=\"https:\/\/nimd.org\/wp-content\/uploads\/2025\/02\/ny4.jpg\" \/>\n\t<meta property=\"og:image:width\" content=\"1600\" \/>\n\t<meta property=\"og:image:height\" content=\"1200\" \/>\n\t<meta property=\"og:image:type\" content=\"image\/jpeg\" \/>\n<meta name=\"author\" content=\"superadmin\" \/>\n<meta name=\"twitter:card\" content=\"summary_large_image\" \/>\n<meta name=\"twitter:label1\" content=\"\u00c9crit par\" \/>\n\t<meta name=\"twitter:data1\" content=\"superadmin\" \/>\n\t<meta name=\"twitter:label2\" content=\"Dur\u00e9e de lecture estim\u00e9e\" \/>\n\t<meta name=\"twitter:data2\" content=\"5 minutes\" \/>\n<script type=\"application\/ld+json\" class=\"yoast-schema-graph\">{\"@context\":\"https:\/\/schema.org\",\"@graph\":[{\"@type\":\"Article\",\"@id\":\"https:\/\/nimd.org\/fr\/the-voice-of-youth-at-the-table-in-the-big-apple\/#article\",\"isPartOf\":{\"@id\":\"https:\/\/nimd.org\/fr\/the-voice-of-youth-at-the-table-in-the-big-apple\/\"},\"author\":{\"name\":\"superadmin\",\"@id\":\"https:\/\/nimd.org\/fr\/#\/schema\/person\/fecd680c201ede81b56eb098a17ad928\"},\"headline\":\"The Voice of Youth at the Table in the Big Apple\",\"datePublished\":\"2024-07-31T15:40:26+00:00\",\"dateModified\":\"2026-01-26T14:42:11+00:00\",\"mainEntityOfPage\":{\"@id\":\"https:\/\/nimd.org\/fr\/the-voice-of-youth-at-the-table-in-the-big-apple\/\"},\"wordCount\":969,\"commentCount\":0,\"image\":{\"@id\":\"https:\/\/nimd.org\/fr\/the-voice-of-youth-at-the-table-in-the-big-apple\/#primaryimage\"},\"thumbnailUrl\":\"https:\/\/nimd.org\/wp-content\/uploads\/2025\/02\/ny4.jpg\",\"articleSection\":[\"News\"],\"inLanguage\":\"fr-FR\",\"potentialAction\":[{\"@type\":\"CommentAction\",\"name\":\"Comment\",\"target\":[\"https:\/\/nimd.org\/fr\/the-voice-of-youth-at-the-table-in-the-big-apple\/#respond\"]}]},{\"@type\":\"WebPage\",\"@id\":\"https:\/\/nimd.org\/fr\/the-voice-of-youth-at-the-table-in-the-big-apple\/\",\"url\":\"https:\/\/nimd.org\/fr\/the-voice-of-youth-at-the-table-in-the-big-apple\/\",\"name\":\"The Voice of Youth at the Table in the Big Apple - NIMD\",\"isPartOf\":{\"@id\":\"https:\/\/nimd.org\/fr\/#website\"},\"primaryImageOfPage\":{\"@id\":\"https:\/\/nimd.org\/fr\/the-voice-of-youth-at-the-table-in-the-big-apple\/#primaryimage\"},\"image\":{\"@id\":\"https:\/\/nimd.org\/fr\/the-voice-of-youth-at-the-table-in-the-big-apple\/#primaryimage\"},\"thumbnailUrl\":\"https:\/\/nimd.org\/wp-content\/uploads\/2025\/02\/ny4.jpg\",\"datePublished\":\"2024-07-31T15:40:26+00:00\",\"dateModified\":\"2026-01-26T14:42:11+00:00\",\"author\":{\"@id\":\"https:\/\/nimd.org\/fr\/#\/schema\/person\/fecd680c201ede81b56eb098a17ad928\"},\"breadcrumb\":{\"@id\":\"https:\/\/nimd.org\/fr\/the-voice-of-youth-at-the-table-in-the-big-apple\/#breadcrumb\"},\"inLanguage\":\"fr-FR\",\"potentialAction\":[{\"@type\":\"ReadAction\",\"target\":[\"https:\/\/nimd.org\/fr\/the-voice-of-youth-at-the-table-in-the-big-apple\/\"]}]},{\"@type\":\"ImageObject\",\"inLanguage\":\"fr-FR\",\"@id\":\"https:\/\/nimd.org\/fr\/the-voice-of-youth-at-the-table-in-the-big-apple\/#primaryimage\",\"url\":\"https:\/\/nimd.org\/wp-content\/uploads\/2025\/02\/ny4.jpg\",\"contentUrl\":\"https:\/\/nimd.org\/wp-content\/uploads\/2025\/02\/ny4.jpg\",\"width\":1600,\"height\":1200},{\"@type\":\"BreadcrumbList\",\"@id\":\"https:\/\/nimd.org\/fr\/the-voice-of-youth-at-the-table-in-the-big-apple\/#breadcrumb\",\"itemListElement\":[{\"@type\":\"ListItem\",\"position\":1,\"name\":\"Home\",\"item\":\"https:\/\/nimd.org\/fr\/\"},{\"@type\":\"ListItem\",\"position\":2,\"name\":\"The Voice of Youth at the Table in the Big Apple\"}]},{\"@type\":\"WebSite\",\"@id\":\"https:\/\/nimd.org\/fr\/#website\",\"url\":\"https:\/\/nimd.org\/fr\/\",\"name\":\"NIMD\",\"description\":\"Democracy Starts With Dialogue\",\"potentialAction\":[{\"@type\":\"SearchAction\",\"target\":{\"@type\":\"EntryPoint\",\"urlTemplate\":\"https:\/\/nimd.org\/fr\/?s={search_term_string}\"},\"query-input\":{\"@type\":\"PropertyValueSpecification\",\"valueRequired\":true,\"valueName\":\"search_term_string\"}}],\"inLanguage\":\"fr-FR\"},{\"@type\":\"Person\",\"@id\":\"https:\/\/nimd.org\/fr\/#\/schema\/person\/fecd680c201ede81b56eb098a17ad928\",\"name\":\"superadmin\",\"image\":{\"@type\":\"ImageObject\",\"inLanguage\":\"fr-FR\",\"@id\":\"https:\/\/nimd.org\/fr\/#\/schema\/person\/image\/\",\"url\":\"https:\/\/secure.gravatar.com\/avatar\/1d1e7ebaf312b717161d349f71f6060e0ed86d7a652cbc37adc644a79988d181?s=96&d=mm&r=g\",\"contentUrl\":\"https:\/\/secure.gravatar.com\/avatar\/1d1e7ebaf312b717161d349f71f6060e0ed86d7a652cbc37adc644a79988d181?s=96&d=mm&r=g\",\"caption\":\"superadmin\"}}]}<\/script>\n<!-- \/ Yoast SEO Premium plugin. -->","yoast_head_json":{"title":"La voix des jeunes \u00e0 la table de la Grosse Pomme - NIMD","robots":{"index":"index","follow":"follow","max-snippet":"max-snippet:-1","max-image-preview":"max-image-preview:large","max-video-preview":"max-video-preview:-1"},"canonical":"https:\/\/nimd.org\/fr\/the-voice-of-youth-at-the-table-in-the-big-apple\/","og_locale":"fr_FR","og_type":"article","og_title":"The Voice of Youth at the Table in the Big Apple","og_description":"Stretching the letters on the page, the Voice of Youth at the Table report woke from its slumber; it was an exciting day. It was the day \u2013 the launch, in New York, no less. Today, it would show the world what it had to offer &#8211; a compilation of lessons learned, stories, and collective &hellip;","og_url":"https:\/\/nimd.org\/fr\/the-voice-of-youth-at-the-table-in-the-big-apple\/","og_site_name":"NIMD","article_published_time":"2024-07-31T15:40:26+00:00","article_modified_time":"2026-01-26T14:42:11+00:00","og_image":[{"width":1600,"height":1200,"url":"https:\/\/nimd.org\/wp-content\/uploads\/2025\/02\/ny4.jpg","type":"image\/jpeg"}],"author":"superadmin","twitter_card":"summary_large_image","twitter_misc":{"\u00c9crit par":"superadmin","Dur\u00e9e de lecture estim\u00e9e":"5 minutes"},"schema":{"@context":"https:\/\/schema.org","@graph":[{"@type":"Article","@id":"https:\/\/nimd.org\/fr\/the-voice-of-youth-at-the-table-in-the-big-apple\/#article","isPartOf":{"@id":"https:\/\/nimd.org\/fr\/the-voice-of-youth-at-the-table-in-the-big-apple\/"},"author":{"name":"superadmin","@id":"https:\/\/nimd.org\/fr\/#\/schema\/person\/fecd680c201ede81b56eb098a17ad928"},"headline":"The Voice of Youth at the Table in the Big Apple","datePublished":"2024-07-31T15:40:26+00:00","dateModified":"2026-01-26T14:42:11+00:00","mainEntityOfPage":{"@id":"https:\/\/nimd.org\/fr\/the-voice-of-youth-at-the-table-in-the-big-apple\/"},"wordCount":969,"commentCount":0,"image":{"@id":"https:\/\/nimd.org\/fr\/the-voice-of-youth-at-the-table-in-the-big-apple\/#primaryimage"},"thumbnailUrl":"https:\/\/nimd.org\/wp-content\/uploads\/2025\/02\/ny4.jpg","articleSection":["News"],"inLanguage":"fr-FR","potentialAction":[{"@type":"CommentAction","name":"Comment","target":["https:\/\/nimd.org\/fr\/the-voice-of-youth-at-the-table-in-the-big-apple\/#respond"]}]},{"@type":"WebPage","@id":"https:\/\/nimd.org\/fr\/the-voice-of-youth-at-the-table-in-the-big-apple\/","url":"https:\/\/nimd.org\/fr\/the-voice-of-youth-at-the-table-in-the-big-apple\/","name":"La voix des jeunes \u00e0 la table de la Grosse Pomme - NIMD","isPartOf":{"@id":"https:\/\/nimd.org\/fr\/#website"},"primaryImageOfPage":{"@id":"https:\/\/nimd.org\/fr\/the-voice-of-youth-at-the-table-in-the-big-apple\/#primaryimage"},"image":{"@id":"https:\/\/nimd.org\/fr\/the-voice-of-youth-at-the-table-in-the-big-apple\/#primaryimage"},"thumbnailUrl":"https:\/\/nimd.org\/wp-content\/uploads\/2025\/02\/ny4.jpg","datePublished":"2024-07-31T15:40:26+00:00","dateModified":"2026-01-26T14:42:11+00:00","author":{"@id":"https:\/\/nimd.org\/fr\/#\/schema\/person\/fecd680c201ede81b56eb098a17ad928"},"breadcrumb":{"@id":"https:\/\/nimd.org\/fr\/the-voice-of-youth-at-the-table-in-the-big-apple\/#breadcrumb"},"inLanguage":"fr-FR","potentialAction":[{"@type":"ReadAction","target":["https:\/\/nimd.org\/fr\/the-voice-of-youth-at-the-table-in-the-big-apple\/"]}]},{"@type":"ImageObject","inLanguage":"fr-FR","@id":"https:\/\/nimd.org\/fr\/the-voice-of-youth-at-the-table-in-the-big-apple\/#primaryimage","url":"https:\/\/nimd.org\/wp-content\/uploads\/2025\/02\/ny4.jpg","contentUrl":"https:\/\/nimd.org\/wp-content\/uploads\/2025\/02\/ny4.jpg","width":1600,"height":1200},{"@type":"BreadcrumbList","@id":"https:\/\/nimd.org\/fr\/the-voice-of-youth-at-the-table-in-the-big-apple\/#breadcrumb","itemListElement":[{"@type":"ListItem","position":1,"name":"Home","item":"https:\/\/nimd.org\/fr\/"},{"@type":"ListItem","position":2,"name":"The Voice of Youth at the Table in the Big Apple"}]},{"@type":"WebSite","@id":"https:\/\/nimd.org\/fr\/#website","url":"https:\/\/nimd.org\/fr\/","name":"NIMD","description":"La d\u00e9mocratie commence par le dialogue","potentialAction":[{"@type":"SearchAction","target":{"@type":"EntryPoint","urlTemplate":"https:\/\/nimd.org\/fr\/?s={search_term_string}"},"query-input":{"@type":"PropertyValueSpecification","valueRequired":true,"valueName":"search_term_string"}}],"inLanguage":"fr-FR"},{"@type":"Person","@id":"https:\/\/nimd.org\/fr\/#\/schema\/person\/fecd680c201ede81b56eb098a17ad928","name":"superadministrateur","image":{"@type":"ImageObject","inLanguage":"fr-FR","@id":"https:\/\/nimd.org\/fr\/#\/schema\/person\/image\/","url":"https:\/\/secure.gravatar.com\/avatar\/1d1e7ebaf312b717161d349f71f6060e0ed86d7a652cbc37adc644a79988d181?s=96&d=mm&r=g","contentUrl":"https:\/\/secure.gravatar.com\/avatar\/1d1e7ebaf312b717161d349f71f6060e0ed86d7a652cbc37adc644a79988d181?s=96&d=mm&r=g","caption":"superadmin"}}]}},"_links":{"self":[{"href":"https:\/\/nimd.org\/fr\/wp-json\/wp\/v2\/posts\/19070","targetHints":{"allow":["GET"]}}],"collection":[{"href":"https:\/\/nimd.org\/fr\/wp-json\/wp\/v2\/posts"}],"about":[{"href":"https:\/\/nimd.org\/fr\/wp-json\/wp\/v2\/types\/post"}],"author":[{"embeddable":true,"href":"https:\/\/nimd.org\/fr\/wp-json\/wp\/v2\/users\/2"}],"replies":[{"embeddable":true,"href":"https:\/\/nimd.org\/fr\/wp-json\/wp\/v2\/comments?post=19070"}],"version-history":[{"count":7,"href":"https:\/\/nimd.org\/fr\/wp-json\/wp\/v2\/posts\/19070\/revisions"}],"predecessor-version":[{"id":25692,"href":"https:\/\/nimd.org\/fr\/wp-json\/wp\/v2\/posts\/19070\/revisions\/25692"}],"wp:featuredmedia":[{"embeddable":true,"href":"https:\/\/nimd.org\/fr\/wp-json\/wp\/v2\/media\/21871"}],"wp:attachment":[{"href":"https:\/\/nimd.org\/fr\/wp-json\/wp\/v2\/media?parent=19070"}],"wp:term":[{"taxonomy":"category","embeddable":true,"href":"https:\/\/nimd.org\/fr\/wp-json\/wp\/v2\/categories?post=19070"},{"taxonomy":"post_tag","embeddable":true,"href":"https:\/\/nimd.org\/fr\/wp-json\/wp\/v2\/tags?post=19070"},{"taxonomy":"countries","embeddable":true,"href":"https:\/\/nimd.org\/fr\/wp-json\/wp\/v2\/countries?post=19070"},{"taxonomy":"theme","embeddable":true,"href":"https:\/\/nimd.org\/fr\/wp-json\/wp\/v2\/theme?post=19070"}],"curies":[{"name":"wp","href":"https:\/\/api.w.org\/{rel}","templated":true}]}}