{"id":19064,"date":"2024-06-25T07:57:50","date_gmt":"2024-06-25T07:57:50","guid":{"rendered":"https:\/\/nimd.org\/event-bridging-the-gap-youth-participation-in-politics\/"},"modified":"2025-07-07T03:25:38","modified_gmt":"2025-07-07T03:25:38","slug":"event-bridging-the-gap-youth-participation-in-politics","status":"publish","type":"post","link":"https:\/\/nimd.org\/fr\/event-bridging-the-gap-youth-participation-in-politics\/","title":{"rendered":"\u00c9v\u00e9nement : Combler le foss\u00e9 : la participation des jeunes \u00e0 la vie politique"},"content":{"rendered":"<p>Rejoignez-nous pour discuter avec <strong>jeunes dirigeants politiques<\/strong> du monde entier comment combler le foss\u00e9 entre les jeunes et la politique !<\/p>\n<p>Le monde reconna\u00eet de plus en plus le besoin urgent d'inclure les jeunes dans la politique. L'attention accrue port\u00e9e \u00e0 la jeunesse doit toutefois aller de pair avec une plus grande implication des jeunes dans la vie politique.<a title=\"https:\/\/nimd.org\/youth-are-more-than-the-future-they-are-the-present\/\" href=\"https:\/\/nimd.org\/fr\/youth-are-more-than-the-future-they-are-the-present\/\" target=\"_blank\" rel=\"nofollow noopener noreferrer ugc\"> une meilleure compr\u00e9hension des jeunes<\/a>.<\/p>\n<p>Les jeunes participent activement \u00e0 la vie civique et dirigent des mouvements, mais ils ne repr\u00e9sentent que 2,8% des parlementaires dans le monde et le taux de participation \u00e9lectorale des jeunes est faible. Leur participation active \u00e0 la vie politique ne se traduit pas dans les sph\u00e8res politiques formelles, et les jeunes semblent de plus en plus insatisfaits de la fa\u00e7on dont la d\u00e9mocratie a jou\u00e9 pour eux. Garantir la participation politique des jeunes est pourtant essentiel pour atteindre l'objectif de d\u00e9veloppement durable n\u00b0 16, qui vise \u00e0 promouvoir des soci\u00e9t\u00e9s et des institutions inclusives.<\/p>\n<p>Comment pouvons-nous <strong>combler le foss\u00e9 entre les jeunes et la politique<\/strong>? Comment faire en sorte que les jeunes ne soient pas seulement assis \u00e0 la table, mais que leurs voix soient \u00e9galement \u00e9cout\u00e9es et qu'ils collaborent ?<\/p>\n<p>Rejoignez-nous pour discuter avec de jeunes leaders politiques des sujets suivants <strong>Lundi 15 juillet de 16h00 \u00e0 18h00<\/strong> \u00e0 New York<strong>. <\/strong>Cet \u00e9v\u00e9nement en personne est organis\u00e9 \u00e0 la Mission permanente du Royaume des Pays-Bas aupr\u00e8s des Nations Unies, en marge du Forum politique de haut niveau.<\/p>\n<p><strong>Veuillez vous inscrire \u00e0 l'avance pour garantir votre place <a href=\"https:\/\/www.eventbrite.nl\/e\/bridging-the-gap-youth-participation-in-politics-tickets-927751749457?aff=oddtdtcreator\">ici<\/a>. <\/strong>Il s'agit d'un \u00e9v\u00e9nement en personne.<\/p>\n<h2><strong>Programme<\/strong><\/h2>\n<p>15 h 45 - 16 h 00 Ouverture des portes et r\u00e9ception<\/p>\n<p>16:00 - 16:10 Accueil par <strong>Yoka Brandt, Ambassadeur Repr\u00e9sentation permanente des Pays-Bas aupr\u00e8s des Nations unies<\/strong><\/p>\n<p>16 h 10 - 16 h 30 Pr\u00e9sentation sur <strong>NIMD<\/strong>Les enseignements tir\u00e9s de la participation des jeunes \u00e0 la vie politique<\/p>\n<p>16.30 - 17.25 Discussion en panel et questions-r\u00e9ponses avec<strong> jeunes dirigeants politiques<\/strong>: Lina Al Aloul (Jordanie), Chris Mark (Kenya), Kevin Eustatia (Cura\u00e7ao\/Royaume des Pays-Bas) et Angela Rodriguez (NIMD Colombie).<\/p>\n<p>17 h 25 - 17 h 30 Cl\u00f4ture <strong>Sous-secr\u00e9taire g\u00e9n\u00e9ral aux affaires de la jeunesse Felipe Paullier<\/strong><\/p>\n<p>17.30 - 18.00 Boissons de r\u00e9seautage<\/p>\n<h2><strong>Localisation<\/strong><\/h2>\n<p>Mission permanente du Royaume des Pays-Bas aupr\u00e8s des Nations Unies<br \/>\n666 Third Avenue (entre la 42e et la 43e rue), 19e \u00e9tage<br \/>\nNew York 10017, \u00c9tats-Unis<br \/>\n<a title=\"https:\/\/maps.app.goo.gl\/9BtaBZa8ZFhfcBDr7\" href=\"https:\/\/maps.app.goo.gl\/9BtaBZa8ZFhfcBDr7\" target=\"_blank\" rel=\"nofollow noopener noreferrer ugc\">Lien Google Maps<\/a><\/p>\n<p>&nbsp;<\/p>\n<p><strong>Veuillez vous inscrire \u00e0 l'avance et r\u00e9server votre place <a href=\"https:\/\/www.eventbrite.nl\/e\/bridging-the-gap-youth-participation-in-politics-tickets-927751749457?aff=oddtdtcreator\">ici<\/a>. <\/strong>Nous nous r\u00e9jouissons de vous accueillir !<\/p>\n<p>Cet \u00e9v\u00e9nement est soutenu par <a title=\"https:\/\/nimd.org\/mali-young-people-play-a-pivotal-role-in-rebuilding-the-country\/\" href=\"https:\/\/nimd.org\/fr\/mali-young-people-play-a-pivotal-role-in-rebuilding-the-country\/\" target=\"_blank\" rel=\"nofollow noopener noreferrer ugc\">Institut n\u00e9erlandais pour la d\u00e9mocratie multipartite<\/a>, <a title=\"https:\/\/www.netherlandsandyou.nl\/web\/pr-un-new-york\" href=\"https:\/\/www.netherlandsandyou.nl\/web\/pr-un-new-york\" target=\"_blank\" rel=\"nofollow noopener noreferrer ugc\">Royaume des Pays-Bas<\/a>et <a title=\"https:\/\/www.un.org\/youthenvoy\/\" href=\"https:\/\/www.un.org\/youthenvoy\/\" target=\"_blank\" rel=\"nofollow noopener noreferrer ugc\">Office de la jeunesse des Nations unies<\/a>.<\/p>","protected":false},"excerpt":{"rendered":"<p>Rejoignez-nous pour discuter avec de jeunes leaders politiques du monde entier de la mani\u00e8re de combler le foss\u00e9 entre les jeunes et la politique ! Le monde reconna\u00eet de plus en plus le besoin pressant d'inclure les jeunes dans la politique. L'attention port\u00e9e \u00e0 la jeunesse doit toutefois s'accompagner d'une meilleure compr\u00e9hension des jeunes. Les jeunes sont ... <a href=\"https:\/\/nimd.org\/fr\/event-bridging-the-gap-youth-participation-in-politics\/\"><\/a><\/p>","protected":false},"author":2,"featured_media":21854,"comment_status":"open","ping_status":"open","sticky":false,"template":"","format":"standard","meta":{"_acf_changed":false,"inline_featured_image":false,"_monsterinsights_skip_tracking":false,"_monsterinsights_sitenote_active":false,"_monsterinsights_sitenote_note":"","_monsterinsights_sitenote_category":0,"footnotes":""},"categories":[99],"tags":[],"countries":[],"theme":[],"class_list":["post-19064","post","type-post","status-publish","format-standard","has-post-thumbnail","hentry","category-news"],"acf":[],"yoast_head":"<!-- This site is optimized with the Yoast SEO Premium plugin v27.1 (Yoast SEO v27.1.1) - https:\/\/yoast.com\/product\/yoast-seo-premium-wordpress\/ -->\n<title>Event | Bridging the Gap: Youth Participation in Politics - NIMD<\/title>\n<meta name=\"robots\" content=\"index, follow, max-snippet:-1, max-image-preview:large, max-video-preview:-1\" \/>\n<link rel=\"canonical\" href=\"https:\/\/nimd.org\/fr\/event-bridging-the-gap-youth-participation-in-politics\/\" \/>\n<meta property=\"og:locale\" content=\"fr_FR\" \/>\n<meta property=\"og:type\" content=\"article\" \/>\n<meta property=\"og:title\" content=\"Event | Bridging the Gap: Youth Participation in Politics\" \/>\n<meta property=\"og:description\" content=\"Join us to discuss with young political leaders from across the world how to bridge the gap between youth and politics! The world is increasingly recognizing the pressing need of including youth in politics. An increased spotlight on youth should, however, go hand in hand with an increased understanding of young people. Young people are &hellip;\" \/>\n<meta property=\"og:url\" content=\"https:\/\/nimd.org\/fr\/event-bridging-the-gap-youth-participation-in-politics\/\" \/>\n<meta property=\"og:site_name\" content=\"NIMD\" \/>\n<meta property=\"article:published_time\" content=\"2024-06-25T07:57:50+00:00\" \/>\n<meta property=\"article:modified_time\" content=\"2025-07-07T03:25:38+00:00\" \/>\n<meta property=\"og:image\" content=\"https:\/\/nimd.org\/wp-content\/uploads\/2025\/02\/MiniPublic-Youth-Assembly-16-and-17-of-march-2023-2-1.jpg\" \/>\n\t<meta property=\"og:image:width\" content=\"1280\" \/>\n\t<meta property=\"og:image:height\" content=\"853\" \/>\n\t<meta property=\"og:image:type\" content=\"image\/jpeg\" \/>\n<meta name=\"author\" content=\"superadmin\" \/>\n<meta name=\"twitter:card\" content=\"summary_large_image\" \/>\n<meta name=\"twitter:label1\" content=\"\u00c9crit par\" \/>\n\t<meta name=\"twitter:data1\" content=\"superadmin\" \/>\n\t<meta name=\"twitter:label2\" content=\"Dur\u00e9e de lecture estim\u00e9e\" \/>\n\t<meta name=\"twitter:data2\" content=\"2 minutes\" \/>\n<script type=\"application\/ld+json\" class=\"yoast-schema-graph\">{\"@context\":\"https:\/\/schema.org\",\"@graph\":[{\"@type\":\"Article\",\"@id\":\"https:\/\/nimd.org\/nl\/event-bridging-the-gap-youth-participation-in-politics\/#article\",\"isPartOf\":{\"@id\":\"https:\/\/nimd.org\/nl\/event-bridging-the-gap-youth-participation-in-politics\/\"},\"author\":{\"name\":\"superadmin\",\"@id\":\"https:\/\/nimd.org\/fr\/#\/schema\/person\/fecd680c201ede81b56eb098a17ad928\"},\"headline\":\"Event | Bridging the Gap: Youth Participation in Politics\",\"datePublished\":\"2024-06-25T07:57:50+00:00\",\"dateModified\":\"2025-07-07T03:25:38+00:00\",\"mainEntityOfPage\":{\"@id\":\"https:\/\/nimd.org\/nl\/event-bridging-the-gap-youth-participation-in-politics\/\"},\"wordCount\":369,\"commentCount\":0,\"image\":{\"@id\":\"https:\/\/nimd.org\/nl\/event-bridging-the-gap-youth-participation-in-politics\/#primaryimage\"},\"thumbnailUrl\":\"https:\/\/nimd.org\/wp-content\/uploads\/2025\/02\/MiniPublic-Youth-Assembly-16-and-17-of-march-2023-2-1.jpg\",\"articleSection\":[\"News\"],\"inLanguage\":\"fr-FR\",\"potentialAction\":[{\"@type\":\"CommentAction\",\"name\":\"Comment\",\"target\":[\"https:\/\/nimd.org\/nl\/event-bridging-the-gap-youth-participation-in-politics\/#respond\"]}]},{\"@type\":\"WebPage\",\"@id\":\"https:\/\/nimd.org\/nl\/event-bridging-the-gap-youth-participation-in-politics\/\",\"url\":\"https:\/\/nimd.org\/nl\/event-bridging-the-gap-youth-participation-in-politics\/\",\"name\":\"Event | Bridging the Gap: Youth Participation in Politics - NIMD\",\"isPartOf\":{\"@id\":\"https:\/\/nimd.org\/fr\/#website\"},\"primaryImageOfPage\":{\"@id\":\"https:\/\/nimd.org\/nl\/event-bridging-the-gap-youth-participation-in-politics\/#primaryimage\"},\"image\":{\"@id\":\"https:\/\/nimd.org\/nl\/event-bridging-the-gap-youth-participation-in-politics\/#primaryimage\"},\"thumbnailUrl\":\"https:\/\/nimd.org\/wp-content\/uploads\/2025\/02\/MiniPublic-Youth-Assembly-16-and-17-of-march-2023-2-1.jpg\",\"datePublished\":\"2024-06-25T07:57:50+00:00\",\"dateModified\":\"2025-07-07T03:25:38+00:00\",\"author\":{\"@id\":\"https:\/\/nimd.org\/fr\/#\/schema\/person\/fecd680c201ede81b56eb098a17ad928\"},\"breadcrumb\":{\"@id\":\"https:\/\/nimd.org\/nl\/event-bridging-the-gap-youth-participation-in-politics\/#breadcrumb\"},\"inLanguage\":\"fr-FR\",\"potentialAction\":[{\"@type\":\"ReadAction\",\"target\":[\"https:\/\/nimd.org\/nl\/event-bridging-the-gap-youth-participation-in-politics\/\"]}]},{\"@type\":\"ImageObject\",\"inLanguage\":\"fr-FR\",\"@id\":\"https:\/\/nimd.org\/nl\/event-bridging-the-gap-youth-participation-in-politics\/#primaryimage\",\"url\":\"https:\/\/nimd.org\/wp-content\/uploads\/2025\/02\/MiniPublic-Youth-Assembly-16-and-17-of-march-2023-2-1.jpg\",\"contentUrl\":\"https:\/\/nimd.org\/wp-content\/uploads\/2025\/02\/MiniPublic-Youth-Assembly-16-and-17-of-march-2023-2-1.jpg\",\"width\":1280,\"height\":853},{\"@type\":\"BreadcrumbList\",\"@id\":\"https:\/\/nimd.org\/nl\/event-bridging-the-gap-youth-participation-in-politics\/#breadcrumb\",\"itemListElement\":[{\"@type\":\"ListItem\",\"position\":1,\"name\":\"Home\",\"item\":\"https:\/\/nimd.org\/fr\/\"},{\"@type\":\"ListItem\",\"position\":2,\"name\":\"Event | Bridging the Gap: Youth Participation in Politics\"}]},{\"@type\":\"WebSite\",\"@id\":\"https:\/\/nimd.org\/fr\/#website\",\"url\":\"https:\/\/nimd.org\/fr\/\",\"name\":\"NIMD\",\"description\":\"Democracy Starts With Dialogue\",\"potentialAction\":[{\"@type\":\"SearchAction\",\"target\":{\"@type\":\"EntryPoint\",\"urlTemplate\":\"https:\/\/nimd.org\/fr\/?s={search_term_string}\"},\"query-input\":{\"@type\":\"PropertyValueSpecification\",\"valueRequired\":true,\"valueName\":\"search_term_string\"}}],\"inLanguage\":\"fr-FR\"},{\"@type\":\"Person\",\"@id\":\"https:\/\/nimd.org\/fr\/#\/schema\/person\/fecd680c201ede81b56eb098a17ad928\",\"name\":\"superadmin\",\"image\":{\"@type\":\"ImageObject\",\"inLanguage\":\"fr-FR\",\"@id\":\"https:\/\/nimd.org\/fr\/#\/schema\/person\/image\/\",\"url\":\"https:\/\/secure.gravatar.com\/avatar\/1d1e7ebaf312b717161d349f71f6060e0ed86d7a652cbc37adc644a79988d181?s=96&d=mm&r=g\",\"contentUrl\":\"https:\/\/secure.gravatar.com\/avatar\/1d1e7ebaf312b717161d349f71f6060e0ed86d7a652cbc37adc644a79988d181?s=96&d=mm&r=g\",\"caption\":\"superadmin\"}}]}<\/script>\n<!-- \/ Yoast SEO Premium plugin. -->","yoast_head_json":{"title":"\u00c9v\u00e9nement - Combler le foss\u00e9 : la participation des jeunes \u00e0 la vie politique - NIMD","robots":{"index":"index","follow":"follow","max-snippet":"max-snippet:-1","max-image-preview":"max-image-preview:large","max-video-preview":"max-video-preview:-1"},"canonical":"https:\/\/nimd.org\/fr\/event-bridging-the-gap-youth-participation-in-politics\/","og_locale":"fr_FR","og_type":"article","og_title":"Event | Bridging the Gap: Youth Participation in Politics","og_description":"Join us to discuss with young political leaders from across the world how to bridge the gap between youth and politics! The world is increasingly recognizing the pressing need of including youth in politics. An increased spotlight on youth should, however, go hand in hand with an increased understanding of young people. Young people are &hellip;","og_url":"https:\/\/nimd.org\/fr\/event-bridging-the-gap-youth-participation-in-politics\/","og_site_name":"NIMD","article_published_time":"2024-06-25T07:57:50+00:00","article_modified_time":"2025-07-07T03:25:38+00:00","og_image":[{"width":1280,"height":853,"url":"https:\/\/nimd.org\/wp-content\/uploads\/2025\/02\/MiniPublic-Youth-Assembly-16-and-17-of-march-2023-2-1.jpg","type":"image\/jpeg"}],"author":"superadmin","twitter_card":"summary_large_image","twitter_misc":{"\u00c9crit par":"superadmin","Dur\u00e9e de lecture estim\u00e9e":"2 minutes"},"schema":{"@context":"https:\/\/schema.org","@graph":[{"@type":"Article","@id":"https:\/\/nimd.org\/nl\/event-bridging-the-gap-youth-participation-in-politics\/#article","isPartOf":{"@id":"https:\/\/nimd.org\/nl\/event-bridging-the-gap-youth-participation-in-politics\/"},"author":{"name":"superadmin","@id":"https:\/\/nimd.org\/fr\/#\/schema\/person\/fecd680c201ede81b56eb098a17ad928"},"headline":"Event | Bridging the Gap: Youth Participation in Politics","datePublished":"2024-06-25T07:57:50+00:00","dateModified":"2025-07-07T03:25:38+00:00","mainEntityOfPage":{"@id":"https:\/\/nimd.org\/nl\/event-bridging-the-gap-youth-participation-in-politics\/"},"wordCount":369,"commentCount":0,"image":{"@id":"https:\/\/nimd.org\/nl\/event-bridging-the-gap-youth-participation-in-politics\/#primaryimage"},"thumbnailUrl":"https:\/\/nimd.org\/wp-content\/uploads\/2025\/02\/MiniPublic-Youth-Assembly-16-and-17-of-march-2023-2-1.jpg","articleSection":["News"],"inLanguage":"fr-FR","potentialAction":[{"@type":"CommentAction","name":"Comment","target":["https:\/\/nimd.org\/nl\/event-bridging-the-gap-youth-participation-in-politics\/#respond"]}]},{"@type":"WebPage","@id":"https:\/\/nimd.org\/nl\/event-bridging-the-gap-youth-participation-in-politics\/","url":"https:\/\/nimd.org\/nl\/event-bridging-the-gap-youth-participation-in-politics\/","name":"\u00c9v\u00e9nement - Combler le foss\u00e9 : la participation des jeunes \u00e0 la vie politique - NIMD","isPartOf":{"@id":"https:\/\/nimd.org\/fr\/#website"},"primaryImageOfPage":{"@id":"https:\/\/nimd.org\/nl\/event-bridging-the-gap-youth-participation-in-politics\/#primaryimage"},"image":{"@id":"https:\/\/nimd.org\/nl\/event-bridging-the-gap-youth-participation-in-politics\/#primaryimage"},"thumbnailUrl":"https:\/\/nimd.org\/wp-content\/uploads\/2025\/02\/MiniPublic-Youth-Assembly-16-and-17-of-march-2023-2-1.jpg","datePublished":"2024-06-25T07:57:50+00:00","dateModified":"2025-07-07T03:25:38+00:00","author":{"@id":"https:\/\/nimd.org\/fr\/#\/schema\/person\/fecd680c201ede81b56eb098a17ad928"},"breadcrumb":{"@id":"https:\/\/nimd.org\/nl\/event-bridging-the-gap-youth-participation-in-politics\/#breadcrumb"},"inLanguage":"fr-FR","potentialAction":[{"@type":"ReadAction","target":["https:\/\/nimd.org\/nl\/event-bridging-the-gap-youth-participation-in-politics\/"]}]},{"@type":"ImageObject","inLanguage":"fr-FR","@id":"https:\/\/nimd.org\/nl\/event-bridging-the-gap-youth-participation-in-politics\/#primaryimage","url":"https:\/\/nimd.org\/wp-content\/uploads\/2025\/02\/MiniPublic-Youth-Assembly-16-and-17-of-march-2023-2-1.jpg","contentUrl":"https:\/\/nimd.org\/wp-content\/uploads\/2025\/02\/MiniPublic-Youth-Assembly-16-and-17-of-march-2023-2-1.jpg","width":1280,"height":853},{"@type":"BreadcrumbList","@id":"https:\/\/nimd.org\/nl\/event-bridging-the-gap-youth-participation-in-politics\/#breadcrumb","itemListElement":[{"@type":"ListItem","position":1,"name":"Home","item":"https:\/\/nimd.org\/fr\/"},{"@type":"ListItem","position":2,"name":"Event | Bridging the Gap: Youth Participation in Politics"}]},{"@type":"WebSite","@id":"https:\/\/nimd.org\/fr\/#website","url":"https:\/\/nimd.org\/fr\/","name":"NIMD","description":"La d\u00e9mocratie commence par le dialogue","potentialAction":[{"@type":"SearchAction","target":{"@type":"EntryPoint","urlTemplate":"https:\/\/nimd.org\/fr\/?s={search_term_string}"},"query-input":{"@type":"PropertyValueSpecification","valueRequired":true,"valueName":"search_term_string"}}],"inLanguage":"fr-FR"},{"@type":"Person","@id":"https:\/\/nimd.org\/fr\/#\/schema\/person\/fecd680c201ede81b56eb098a17ad928","name":"superadministrateur","image":{"@type":"ImageObject","inLanguage":"fr-FR","@id":"https:\/\/nimd.org\/fr\/#\/schema\/person\/image\/","url":"https:\/\/secure.gravatar.com\/avatar\/1d1e7ebaf312b717161d349f71f6060e0ed86d7a652cbc37adc644a79988d181?s=96&d=mm&r=g","contentUrl":"https:\/\/secure.gravatar.com\/avatar\/1d1e7ebaf312b717161d349f71f6060e0ed86d7a652cbc37adc644a79988d181?s=96&d=mm&r=g","caption":"superadmin"}}]}},"_links":{"self":[{"href":"https:\/\/nimd.org\/fr\/wp-json\/wp\/v2\/posts\/19064","targetHints":{"allow":["GET"]}}],"collection":[{"href":"https:\/\/nimd.org\/fr\/wp-json\/wp\/v2\/posts"}],"about":[{"href":"https:\/\/nimd.org\/fr\/wp-json\/wp\/v2\/types\/post"}],"author":[{"embeddable":true,"href":"https:\/\/nimd.org\/fr\/wp-json\/wp\/v2\/users\/2"}],"replies":[{"embeddable":true,"href":"https:\/\/nimd.org\/fr\/wp-json\/wp\/v2\/comments?post=19064"}],"version-history":[{"count":3,"href":"https:\/\/nimd.org\/fr\/wp-json\/wp\/v2\/posts\/19064\/revisions"}],"predecessor-version":[{"id":25695,"href":"https:\/\/nimd.org\/fr\/wp-json\/wp\/v2\/posts\/19064\/revisions\/25695"}],"wp:featuredmedia":[{"embeddable":true,"href":"https:\/\/nimd.org\/fr\/wp-json\/wp\/v2\/media\/21854"}],"wp:attachment":[{"href":"https:\/\/nimd.org\/fr\/wp-json\/wp\/v2\/media?parent=19064"}],"wp:term":[{"taxonomy":"category","embeddable":true,"href":"https:\/\/nimd.org\/fr\/wp-json\/wp\/v2\/categories?post=19064"},{"taxonomy":"post_tag","embeddable":true,"href":"https:\/\/nimd.org\/fr\/wp-json\/wp\/v2\/tags?post=19064"},{"taxonomy":"countries","embeddable":true,"href":"https:\/\/nimd.org\/fr\/wp-json\/wp\/v2\/countries?post=19064"},{"taxonomy":"theme","embeddable":true,"href":"https:\/\/nimd.org\/fr\/wp-json\/wp\/v2\/theme?post=19064"}],"curies":[{"name":"wp","href":"https:\/\/api.w.org\/{rel}","templated":true}]}}