{"id":19056,"date":"2024-04-08T12:22:00","date_gmt":"2024-04-08T12:22:00","guid":{"rendered":"https:\/\/nimd.org\/launching-armenias-first-democracy-academy\/"},"modified":"2025-07-07T03:25:40","modified_gmt":"2025-07-07T03:25:40","slug":"launching-armenias-first-democracy-academy","status":"publish","type":"post","link":"https:\/\/nimd.org\/fr\/launching-armenias-first-democracy-academy\/","title":{"rendered":"Lancement de la premi\u00e8re Acad\u00e9mie de la d\u00e9mocratie en Arm\u00e9nie"},"content":{"rendered":"<p><span data-contrast=\"none\">&#8220;It is vital to unlock the potential of young people in politics, civic engagement, and leadership. This programme aims to achieve just that,&#8221; said Margarita Hakobyan, Executive Director of the OxYGen Foundation, whilst launching the Armenian Multiparty Democracy Academy (ARMDA).\u00a0\u00a0<\/span><span data-ccp-props=\"{&quot;201341983&quot;:0,&quot;335551550&quot;:6,&quot;335551620&quot;:6,&quot;335559685&quot;:-360,&quot;335559737&quot;:-340,&quot;335559738&quot;:240,&quot;335559739&quot;:200,&quot;335559740&quot;:276}\">\u00a0<\/span><\/p>\n<p><span data-contrast=\"none\">ARMDA is the localization of NIMD&#8217;s <a href=\"https:\/\/nimd.org\/what-we-do\/democracy-education\/\">Democracy Schools<\/a> in Armenia, thought out and implemented together with our new partner <a href=\"https:\/\/oxygen.org.am\/en\/\">OxYGen<\/a>. NIMD&#8217;s schools provide a safe space for individuals from diverse social and political backgrounds to engage in dialogue and exchange ideas on various issues of common interest. &#8220;We bring to the table a value-add in the form of democracy education and facilitation of dialogue as an honest and trusted broker. Given Armenia&#8217;s current political polarization and serious security challenges &#8211; this support has never been more critical to ensure Armenia&#8217;s democratic trajectory,&#8221; shares Armen Sahakyan, NIMD Armenia&#8217;s Country Director.\u00a0<\/span><\/p>\n<p><span style=\"font-size: 14px;\" data-contrast=\"none\">As, despite current efforts to stimulate youth participation in Armenia, there remains a need for action from the youth and widespread youth apathy towards politics and political institutions. This was also visible in the low voter turnout, with only around 35% of young people turning out to vote in Armenia&#8217;s 2018 parliamentary elections.\u00a0 <\/span><span style=\"font-size: 14px;\" data-ccp-props=\"{&quot;201341983&quot;:0,&quot;335551550&quot;:6,&quot;335551620&quot;:6,&quot;335559685&quot;:-360,&quot;335559737&quot;:-340,&quot;335559738&quot;:240,&quot;335559739&quot;:200,&quot;335559740&quot;:276}\">\u00a0<\/span><\/p>\n<p><span data-contrast=\"none\">Through ARMDA, together with OxYGen we aim to address the apathy among youth and create more opportunities for young leaders. The Academy will equip young politicians with the necessary knowledge, skills, and attitudes to become influential leaders and advocates for democracy and civic engagement in Armenia &#8211; promoting a culture of inclusivity and democracy.\u00a0 <\/span><span data-ccp-props=\"{&quot;201341983&quot;:0,&quot;335551550&quot;:6,&quot;335551620&quot;:6,&quot;335559685&quot;:-360,&quot;335559737&quot;:-340,&quot;335559738&quot;:240,&quot;335559739&quot;:200,&quot;335559740&quot;:276}\">\u00a0<\/span><\/p>\n<p><span data-contrast=\"none\">The new class of ARMDA is a committed group of 25 youth, the inaugural class comprises of 40% individuals, 32% political party members, and 28% from Civil Society Organizations.\u00a0<\/span><span data-ccp-props=\"{&quot;201341983&quot;:0,&quot;335551550&quot;:6,&quot;335551620&quot;:6,&quot;335559685&quot;:-360,&quot;335559737&quot;:-340,&quot;335559738&quot;:240,&quot;335559739&quot;:200,&quot;335559740&quot;:276}\">\u00a0<\/span><\/p>\n<p><span data-contrast=\"none\">The youth are the backbone of the school and by their graduation we hope to:\u00a0<\/span><span data-ccp-props=\"{&quot;201341983&quot;:0,&quot;335551550&quot;:6,&quot;335551620&quot;:6,&quot;335559685&quot;:-360,&quot;335559737&quot;:-340,&quot;335559738&quot;:240,&quot;335559739&quot;:200,&quot;335559740&quot;:276}\">\u00a0<\/span><\/p>\n<ul>\n<li data-leveltext=\"\uf0b7\" data-font=\"Symbol\" data-listid=\"4\" data-list-defn-props=\"{&quot;335551500&quot;:0,&quot;335552541&quot;:1,&quot;335559685&quot;:720,&quot;335559991&quot;:360,&quot;469769226&quot;:&quot;Symbol&quot;,&quot;469769242&quot;:[8226],&quot;469777803&quot;:&quot;left&quot;,&quot;469777804&quot;:&quot;\uf0b7&quot;,&quot;469777815&quot;:&quot;multilevel&quot;}\" aria-setsize=\"-1\" data-aria-posinset=\"1\" data-aria-level=\"1\"><span data-contrast=\"none\">promote multi-stakeholder dialogue, build trust and cooperation among politically aspiring youth from different backgrounds in Armenia through training and coaching, debates, political and civic initiatives.<\/span><span data-ccp-props=\"{&quot;134233117&quot;:true,&quot;134233118&quot;:true,&quot;201341983&quot;:0,&quot;335551550&quot;:6,&quot;335551620&quot;:6,&quot;335559740&quot;:240}\">\u00a0<\/span><\/li>\n<li data-leveltext=\"\uf0b7\" data-font=\"Symbol\" data-listid=\"4\" data-list-defn-props=\"{&quot;335551500&quot;:0,&quot;335552541&quot;:1,&quot;335559685&quot;:720,&quot;335559991&quot;:360,&quot;469769226&quot;:&quot;Symbol&quot;,&quot;469769242&quot;:[8226],&quot;469777803&quot;:&quot;left&quot;,&quot;469777804&quot;:&quot;\uf0b7&quot;,&quot;469777815&quot;:&quot;multilevel&quot;}\" aria-setsize=\"-1\" data-aria-posinset=\"2\" data-aria-level=\"1\"><span data-contrast=\"none\">equip participants with the necessary knowledge, skills, and attitudes through an in-depth training programme on democracy, political systems, and leadership to become effective leaders and advocates for democracy and civic engagement in their communities and at the national level.<\/span><span data-ccp-props=\"{&quot;134233117&quot;:true,&quot;134233118&quot;:true,&quot;201341983&quot;:0,&quot;335551550&quot;:6,&quot;335551620&quot;:6,&quot;335559740&quot;:240}\">\u00a0<\/span><\/li>\n<li data-leveltext=\"\uf0b7\" data-font=\"Symbol\" data-listid=\"4\" data-list-defn-props=\"{&quot;335551500&quot;:0,&quot;335552541&quot;:1,&quot;335559685&quot;:720,&quot;335559991&quot;:360,&quot;469769226&quot;:&quot;Symbol&quot;,&quot;469769242&quot;:[8226],&quot;469777803&quot;:&quot;left&quot;,&quot;469777804&quot;:&quot;\uf0b7&quot;,&quot;469777815&quot;:&quot;multilevel&quot;}\" aria-setsize=\"-1\" data-aria-posinset=\"3\" data-aria-level=\"1\"><span data-contrast=\"none\">create a strong network of politically aspiring youth with diverse social and political background working based on mutual trust and cooperation for sustainable youth political participation and leadership in Armenia.<\/span><span data-ccp-props=\"{&quot;134233117&quot;:true,&quot;134233118&quot;:true,&quot;201341983&quot;:0,&quot;335551550&quot;:6,&quot;335551620&quot;:6,&quot;335559740&quot;:240}\">\u00a0<\/span><\/li>\n<\/ul>\n<p><img loading=\"lazy\" decoding=\"async\" class=\"aligncenter wp-image-15416 size-full\" src=\"http:\/\/nimd.org\/wp-content\/uploads\/2025\/02\/Photo-331-scaled-1.jpg\" alt=\"\" width=\"2560\" height=\"1707\" \/><\/p>\n<blockquote><p><span data-contrast=\"auto\">We hope that this Academy will be a community where people with different backgrounds meet, where people have the opportunity to match different backgrounds, to understand one another, teach one another, and go forward together. Shared <\/span><b><span data-contrast=\"auto\">Ambassador Jaap Frederiks, Charge d&#8217; Affairs of the Embassy of the Kingdom of the Netherlands in Armenia during the celebrator opening.\u00a0<\/span><\/b><span data-ccp-props=\"{&quot;134233117&quot;:true,&quot;134233118&quot;:true,&quot;201341983&quot;:0,&quot;335551550&quot;:6,&quot;335551620&quot;:6,&quot;335559685&quot;:-284,&quot;335559740&quot;:240}\">\u00a0<\/span><\/p><\/blockquote>\n<p>&nbsp;<\/p>\n<p><span data-contrast=\"auto\">NIMD Executive director Thijs Berman echoed this sentiment, saying <\/span><b><span data-contrast=\"auto\">&#8220;you are the ones who will overcome the deep polarization in the country because you have learned to respect each other, to listen to each other and to see how you can find solutions bridging the divides, going beyond the divides and making this country together.\u201d<\/span><\/b><span data-ccp-props=\"{&quot;201341983&quot;:0,&quot;335551550&quot;:6,&quot;335551620&quot;:6,&quot;335559685&quot;:-360,&quot;335559739&quot;:200,&quot;335559740&quot;:276}\">\u00a0<\/span><\/p>\n<p><span data-contrast=\"none\">Political polarization and Dialogue is also one of the four modules this ARMDA cohort will cover, alongside Democracy and Political Parties, Civil Society and Public Participation and New technologies and public communication. Throughout their time in ARMDA, participants can also put their skills into practice through three informal debating sessions attended by politicians and policymakers. Additionally, a culminating Platform meeting in May will provide a platform for participants to present their perspectives and proposals. <\/span><span data-contrast=\"auto\">Stay tuned!<\/span><span data-ccp-props=\"{&quot;201341983&quot;:0,&quot;335551550&quot;:6,&quot;335551620&quot;:6,&quot;335559685&quot;:-360,&quot;335559739&quot;:200,&quot;335559740&quot;:276}\">\u00a0<\/span><\/p>\n<p>&nbsp;<\/p>\n","protected":false},"excerpt":{"rendered":"<p>\"Il est essentiel de lib\u00e9rer le potentiel des jeunes en mati\u00e8re de politique, d'engagement civique et de leadership. Ce programme vise pr\u00e9cis\u00e9ment \u00e0 atteindre cet objectif\", a d\u00e9clar\u00e9 Margarita Hakobyan, directrice ex\u00e9cutive de la Fondation OxYGen, lors du lancement de l'Acad\u00e9mie arm\u00e9nienne de la d\u00e9mocratie multipartite (ARMDA).    L'ARMDA est la localisation des \u00e9coles de la d\u00e9mocratie du NIMD en Arm\u00e9nie, con\u00e7ue et mise en \u0153uvre ... <a href=\"https:\/\/nimd.org\/fr\/launching-armenias-first-democracy-academy\/\"><\/a><\/p>","protected":false},"author":2,"featured_media":21817,"comment_status":"open","ping_status":"open","sticky":false,"template":"","format":"standard","meta":{"_acf_changed":false,"inline_featured_image":false,"_monsterinsights_skip_tracking":false,"_monsterinsights_sitenote_active":false,"_monsterinsights_sitenote_note":"","_monsterinsights_sitenote_category":0,"footnotes":""},"categories":[99],"tags":[],"countries":[68],"theme":[70],"class_list":["post-19056","post","type-post","status-publish","format-standard","has-post-thumbnail","hentry","category-news","countries-armenia","theme-democracy-education"],"acf":[],"yoast_head":"<!-- This site is optimized with the Yoast SEO Premium plugin v27.1 (Yoast SEO v27.1.1) - https:\/\/yoast.com\/product\/yoast-seo-premium-wordpress\/ -->\n<title>Launching Armenia\u2019s first Democracy Academy - NIMD<\/title>\n<meta name=\"robots\" content=\"index, follow, max-snippet:-1, max-image-preview:large, max-video-preview:-1\" \/>\n<link rel=\"canonical\" href=\"https:\/\/nimd.org\/fr\/launching-armenias-first-democracy-academy\/\" \/>\n<meta property=\"og:locale\" content=\"fr_FR\" \/>\n<meta property=\"og:type\" content=\"article\" \/>\n<meta property=\"og:title\" content=\"Launching Armenia\u2019s first Democracy Academy\" \/>\n<meta property=\"og:description\" content=\"&#8220;It is vital to unlock the potential of young people in politics, civic engagement, and leadership. This programme aims to achieve just that,&#8221; said Margarita Hakobyan, Executive Director of the OxYGen Foundation, whilst launching the Armenian Multiparty Democracy Academy (ARMDA).\u00a0\u00a0\u00a0 ARMDA is the localization of NIMD&#8217;s Democracy Schools in Armenia, thought out and implemented together &hellip;\" \/>\n<meta property=\"og:url\" content=\"https:\/\/nimd.org\/fr\/launching-armenias-first-democracy-academy\/\" \/>\n<meta property=\"og:site_name\" content=\"NIMD\" \/>\n<meta property=\"article:published_time\" content=\"2024-04-08T12:22:00+00:00\" \/>\n<meta property=\"article:modified_time\" content=\"2025-07-07T03:25:40+00:00\" \/>\n<meta property=\"og:image\" content=\"https:\/\/nimd.org\/wp-content\/uploads\/2025\/02\/Photo-386-scaled-1.jpg\" \/>\n\t<meta property=\"og:image:width\" content=\"2560\" \/>\n\t<meta property=\"og:image:height\" content=\"1707\" \/>\n\t<meta property=\"og:image:type\" content=\"image\/jpeg\" \/>\n<meta name=\"author\" content=\"superadmin\" \/>\n<meta name=\"twitter:card\" content=\"summary_large_image\" \/>\n<meta name=\"twitter:label1\" content=\"\u00c9crit par\" \/>\n\t<meta name=\"twitter:data1\" content=\"superadmin\" \/>\n\t<meta name=\"twitter:label2\" content=\"Dur\u00e9e de lecture estim\u00e9e\" \/>\n\t<meta name=\"twitter:data2\" content=\"3 minutes\" \/>\n<script type=\"application\/ld+json\" class=\"yoast-schema-graph\">{\"@context\":\"https:\/\/schema.org\",\"@graph\":[{\"@type\":\"Article\",\"@id\":\"https:\/\/nimd.org\/es\/launching-armenias-first-democracy-academy\/#article\",\"isPartOf\":{\"@id\":\"https:\/\/nimd.org\/es\/launching-armenias-first-democracy-academy\/\"},\"author\":{\"name\":\"superadmin\",\"@id\":\"https:\/\/nimd.org\/fr\/#\/schema\/person\/fecd680c201ede81b56eb098a17ad928\"},\"headline\":\"Launching Armenia\u2019s first Democracy Academy\",\"datePublished\":\"2024-04-08T12:22:00+00:00\",\"dateModified\":\"2025-07-07T03:25:40+00:00\",\"mainEntityOfPage\":{\"@id\":\"https:\/\/nimd.org\/es\/launching-armenias-first-democracy-academy\/\"},\"wordCount\":580,\"commentCount\":0,\"image\":{\"@id\":\"https:\/\/nimd.org\/es\/launching-armenias-first-democracy-academy\/#primaryimage\"},\"thumbnailUrl\":\"https:\/\/nimd.org\/wp-content\/uploads\/2025\/02\/Photo-386-scaled-1.jpg\",\"articleSection\":[\"News\"],\"inLanguage\":\"fr-FR\",\"potentialAction\":[{\"@type\":\"CommentAction\",\"name\":\"Comment\",\"target\":[\"https:\/\/nimd.org\/es\/launching-armenias-first-democracy-academy\/#respond\"]}]},{\"@type\":\"WebPage\",\"@id\":\"https:\/\/nimd.org\/es\/launching-armenias-first-democracy-academy\/\",\"url\":\"https:\/\/nimd.org\/es\/launching-armenias-first-democracy-academy\/\",\"name\":\"Launching Armenia\u2019s first Democracy Academy - NIMD\",\"isPartOf\":{\"@id\":\"https:\/\/nimd.org\/fr\/#website\"},\"primaryImageOfPage\":{\"@id\":\"https:\/\/nimd.org\/es\/launching-armenias-first-democracy-academy\/#primaryimage\"},\"image\":{\"@id\":\"https:\/\/nimd.org\/es\/launching-armenias-first-democracy-academy\/#primaryimage\"},\"thumbnailUrl\":\"https:\/\/nimd.org\/wp-content\/uploads\/2025\/02\/Photo-386-scaled-1.jpg\",\"datePublished\":\"2024-04-08T12:22:00+00:00\",\"dateModified\":\"2025-07-07T03:25:40+00:00\",\"author\":{\"@id\":\"https:\/\/nimd.org\/fr\/#\/schema\/person\/fecd680c201ede81b56eb098a17ad928\"},\"breadcrumb\":{\"@id\":\"https:\/\/nimd.org\/es\/launching-armenias-first-democracy-academy\/#breadcrumb\"},\"inLanguage\":\"fr-FR\",\"potentialAction\":[{\"@type\":\"ReadAction\",\"target\":[\"https:\/\/nimd.org\/es\/launching-armenias-first-democracy-academy\/\"]}]},{\"@type\":\"ImageObject\",\"inLanguage\":\"fr-FR\",\"@id\":\"https:\/\/nimd.org\/es\/launching-armenias-first-democracy-academy\/#primaryimage\",\"url\":\"https:\/\/nimd.org\/wp-content\/uploads\/2025\/02\/Photo-386-scaled-1.jpg\",\"contentUrl\":\"https:\/\/nimd.org\/wp-content\/uploads\/2025\/02\/Photo-386-scaled-1.jpg\",\"width\":2560,\"height\":1707},{\"@type\":\"BreadcrumbList\",\"@id\":\"https:\/\/nimd.org\/es\/launching-armenias-first-democracy-academy\/#breadcrumb\",\"itemListElement\":[{\"@type\":\"ListItem\",\"position\":1,\"name\":\"Home\",\"item\":\"https:\/\/nimd.org\/fr\/\"},{\"@type\":\"ListItem\",\"position\":2,\"name\":\"Launching Armenia\u2019s first Democracy Academy\"}]},{\"@type\":\"WebSite\",\"@id\":\"https:\/\/nimd.org\/fr\/#website\",\"url\":\"https:\/\/nimd.org\/fr\/\",\"name\":\"NIMD\",\"description\":\"Democracy Starts With Dialogue\",\"potentialAction\":[{\"@type\":\"SearchAction\",\"target\":{\"@type\":\"EntryPoint\",\"urlTemplate\":\"https:\/\/nimd.org\/fr\/?s={search_term_string}\"},\"query-input\":{\"@type\":\"PropertyValueSpecification\",\"valueRequired\":true,\"valueName\":\"search_term_string\"}}],\"inLanguage\":\"fr-FR\"},{\"@type\":\"Person\",\"@id\":\"https:\/\/nimd.org\/fr\/#\/schema\/person\/fecd680c201ede81b56eb098a17ad928\",\"name\":\"superadmin\",\"image\":{\"@type\":\"ImageObject\",\"inLanguage\":\"fr-FR\",\"@id\":\"https:\/\/nimd.org\/fr\/#\/schema\/person\/image\/\",\"url\":\"https:\/\/secure.gravatar.com\/avatar\/1d1e7ebaf312b717161d349f71f6060e0ed86d7a652cbc37adc644a79988d181?s=96&d=mm&r=g\",\"contentUrl\":\"https:\/\/secure.gravatar.com\/avatar\/1d1e7ebaf312b717161d349f71f6060e0ed86d7a652cbc37adc644a79988d181?s=96&d=mm&r=g\",\"caption\":\"superadmin\"}}]}<\/script>\n<!-- \/ Yoast SEO Premium plugin. -->","yoast_head_json":{"title":"Lancement de la premi\u00e8re acad\u00e9mie de la d\u00e9mocratie en Arm\u00e9nie - NIMD","robots":{"index":"index","follow":"follow","max-snippet":"max-snippet:-1","max-image-preview":"max-image-preview:large","max-video-preview":"max-video-preview:-1"},"canonical":"https:\/\/nimd.org\/fr\/launching-armenias-first-democracy-academy\/","og_locale":"fr_FR","og_type":"article","og_title":"Launching Armenia\u2019s first Democracy Academy","og_description":"&#8220;It is vital to unlock the potential of young people in politics, civic engagement, and leadership. This programme aims to achieve just that,&#8221; said Margarita Hakobyan, Executive Director of the OxYGen Foundation, whilst launching the Armenian Multiparty Democracy Academy (ARMDA).\u00a0\u00a0\u00a0 ARMDA is the localization of NIMD&#8217;s Democracy Schools in Armenia, thought out and implemented together &hellip;","og_url":"https:\/\/nimd.org\/fr\/launching-armenias-first-democracy-academy\/","og_site_name":"NIMD","article_published_time":"2024-04-08T12:22:00+00:00","article_modified_time":"2025-07-07T03:25:40+00:00","og_image":[{"width":2560,"height":1707,"url":"https:\/\/nimd.org\/wp-content\/uploads\/2025\/02\/Photo-386-scaled-1.jpg","type":"image\/jpeg"}],"author":"superadmin","twitter_card":"summary_large_image","twitter_misc":{"\u00c9crit par":"superadmin","Dur\u00e9e de lecture estim\u00e9e":"3 minutes"},"schema":{"@context":"https:\/\/schema.org","@graph":[{"@type":"Article","@id":"https:\/\/nimd.org\/es\/launching-armenias-first-democracy-academy\/#article","isPartOf":{"@id":"https:\/\/nimd.org\/es\/launching-armenias-first-democracy-academy\/"},"author":{"name":"superadmin","@id":"https:\/\/nimd.org\/fr\/#\/schema\/person\/fecd680c201ede81b56eb098a17ad928"},"headline":"Launching Armenia\u2019s first Democracy Academy","datePublished":"2024-04-08T12:22:00+00:00","dateModified":"2025-07-07T03:25:40+00:00","mainEntityOfPage":{"@id":"https:\/\/nimd.org\/es\/launching-armenias-first-democracy-academy\/"},"wordCount":580,"commentCount":0,"image":{"@id":"https:\/\/nimd.org\/es\/launching-armenias-first-democracy-academy\/#primaryimage"},"thumbnailUrl":"https:\/\/nimd.org\/wp-content\/uploads\/2025\/02\/Photo-386-scaled-1.jpg","articleSection":["News"],"inLanguage":"fr-FR","potentialAction":[{"@type":"CommentAction","name":"Comment","target":["https:\/\/nimd.org\/es\/launching-armenias-first-democracy-academy\/#respond"]}]},{"@type":"WebPage","@id":"https:\/\/nimd.org\/es\/launching-armenias-first-democracy-academy\/","url":"https:\/\/nimd.org\/es\/launching-armenias-first-democracy-academy\/","name":"Lancement de la premi\u00e8re acad\u00e9mie de la d\u00e9mocratie en Arm\u00e9nie - NIMD","isPartOf":{"@id":"https:\/\/nimd.org\/fr\/#website"},"primaryImageOfPage":{"@id":"https:\/\/nimd.org\/es\/launching-armenias-first-democracy-academy\/#primaryimage"},"image":{"@id":"https:\/\/nimd.org\/es\/launching-armenias-first-democracy-academy\/#primaryimage"},"thumbnailUrl":"https:\/\/nimd.org\/wp-content\/uploads\/2025\/02\/Photo-386-scaled-1.jpg","datePublished":"2024-04-08T12:22:00+00:00","dateModified":"2025-07-07T03:25:40+00:00","author":{"@id":"https:\/\/nimd.org\/fr\/#\/schema\/person\/fecd680c201ede81b56eb098a17ad928"},"breadcrumb":{"@id":"https:\/\/nimd.org\/es\/launching-armenias-first-democracy-academy\/#breadcrumb"},"inLanguage":"fr-FR","potentialAction":[{"@type":"ReadAction","target":["https:\/\/nimd.org\/es\/launching-armenias-first-democracy-academy\/"]}]},{"@type":"ImageObject","inLanguage":"fr-FR","@id":"https:\/\/nimd.org\/es\/launching-armenias-first-democracy-academy\/#primaryimage","url":"https:\/\/nimd.org\/wp-content\/uploads\/2025\/02\/Photo-386-scaled-1.jpg","contentUrl":"https:\/\/nimd.org\/wp-content\/uploads\/2025\/02\/Photo-386-scaled-1.jpg","width":2560,"height":1707},{"@type":"BreadcrumbList","@id":"https:\/\/nimd.org\/es\/launching-armenias-first-democracy-academy\/#breadcrumb","itemListElement":[{"@type":"ListItem","position":1,"name":"Home","item":"https:\/\/nimd.org\/fr\/"},{"@type":"ListItem","position":2,"name":"Launching Armenia\u2019s first Democracy Academy"}]},{"@type":"WebSite","@id":"https:\/\/nimd.org\/fr\/#website","url":"https:\/\/nimd.org\/fr\/","name":"NIMD","description":"La d\u00e9mocratie commence par le dialogue","potentialAction":[{"@type":"SearchAction","target":{"@type":"EntryPoint","urlTemplate":"https:\/\/nimd.org\/fr\/?s={search_term_string}"},"query-input":{"@type":"PropertyValueSpecification","valueRequired":true,"valueName":"search_term_string"}}],"inLanguage":"fr-FR"},{"@type":"Person","@id":"https:\/\/nimd.org\/fr\/#\/schema\/person\/fecd680c201ede81b56eb098a17ad928","name":"superadministrateur","image":{"@type":"ImageObject","inLanguage":"fr-FR","@id":"https:\/\/nimd.org\/fr\/#\/schema\/person\/image\/","url":"https:\/\/secure.gravatar.com\/avatar\/1d1e7ebaf312b717161d349f71f6060e0ed86d7a652cbc37adc644a79988d181?s=96&d=mm&r=g","contentUrl":"https:\/\/secure.gravatar.com\/avatar\/1d1e7ebaf312b717161d349f71f6060e0ed86d7a652cbc37adc644a79988d181?s=96&d=mm&r=g","caption":"superadmin"}}]}},"_links":{"self":[{"href":"https:\/\/nimd.org\/fr\/wp-json\/wp\/v2\/posts\/19056","targetHints":{"allow":["GET"]}}],"collection":[{"href":"https:\/\/nimd.org\/fr\/wp-json\/wp\/v2\/posts"}],"about":[{"href":"https:\/\/nimd.org\/fr\/wp-json\/wp\/v2\/types\/post"}],"author":[{"embeddable":true,"href":"https:\/\/nimd.org\/fr\/wp-json\/wp\/v2\/users\/2"}],"replies":[{"embeddable":true,"href":"https:\/\/nimd.org\/fr\/wp-json\/wp\/v2\/comments?post=19056"}],"version-history":[{"count":6,"href":"https:\/\/nimd.org\/fr\/wp-json\/wp\/v2\/posts\/19056\/revisions"}],"predecessor-version":[{"id":25698,"href":"https:\/\/nimd.org\/fr\/wp-json\/wp\/v2\/posts\/19056\/revisions\/25698"}],"wp:featuredmedia":[{"embeddable":true,"href":"https:\/\/nimd.org\/fr\/wp-json\/wp\/v2\/media\/21817"}],"wp:attachment":[{"href":"https:\/\/nimd.org\/fr\/wp-json\/wp\/v2\/media?parent=19056"}],"wp:term":[{"taxonomy":"category","embeddable":true,"href":"https:\/\/nimd.org\/fr\/wp-json\/wp\/v2\/categories?post=19056"},{"taxonomy":"post_tag","embeddable":true,"href":"https:\/\/nimd.org\/fr\/wp-json\/wp\/v2\/tags?post=19056"},{"taxonomy":"countries","embeddable":true,"href":"https:\/\/nimd.org\/fr\/wp-json\/wp\/v2\/countries?post=19056"},{"taxonomy":"theme","embeddable":true,"href":"https:\/\/nimd.org\/fr\/wp-json\/wp\/v2\/theme?post=19056"}],"curies":[{"name":"wp","href":"https:\/\/api.w.org\/{rel}","templated":true}]}}