{"id":19017,"date":"2022-11-01T14:22:36","date_gmt":"2022-11-01T14:22:36","guid":{"rendered":"https:\/\/nimd.org\/political-and-civic-actors-call-for-political-stability-in-the-sahel-region\/"},"modified":"2025-06-25T08:53:15","modified_gmt":"2025-06-25T08:53:15","slug":"political-and-civic-actors-call-for-political-stability-in-the-sahel-region","status":"publish","type":"post","link":"https:\/\/nimd.org\/fr\/political-and-civic-actors-call-for-political-stability-in-the-sahel-region\/","title":{"rendered":"Les acteurs politiques et civiques appellent \u00e0 la stabilit\u00e9 politique dans la r\u00e9gion du Sahel"},"content":{"rendered":"<p>En septembre, le NIMD et le <a href=\"https:\/\/goreeinstitut.org\/\" target=\"_blank\" rel=\"noopener\">Institut Gor\u00e9e<\/a> a organis\u00e9 un forum de dialogue r\u00e9gional multipartite sur l'\u00eele de Gor\u00e9e, dans le cadre de notre programme commun \"Le pouvoir du dialogue\".<\/p>\n<p>Les participants au forum comprenaient des membres de la soci\u00e9t\u00e9 civile, des acteurs politiques, des repr\u00e9sentants d'institutions \u00e9tatiques et non \u00e9tatiques et des d\u00e9put\u00e9s du Burkina Faso, du Mali, du Niger et du S\u00e9n\u00e9gal.<\/p>\n<p>\u00c0 l'issue du forum, ces participants ont publi\u00e9 un appel dans lequel ils formulent des recommandations pour faire face aux crises multiformes de la r\u00e9gion en mati\u00e8re de gouvernance et de s\u00e9curit\u00e9. Cet appel s'adresse aux autorit\u00e9s de transition des pays, aux organisations de la soci\u00e9t\u00e9 civile, aux partis politiques et \u00e0 la Communaut\u00e9 \u00e9conomique des \u00c9tats de l'Afrique de l'Ouest (CEDEAO).<\/p>\n<p>Elle tient compte des r\u00e9cents coups d'\u00c9tat dans la r\u00e9gion. Elle vise \u00e0 pr\u00e9server les fragiles processus de transition qui d\u00e9finiront l'avenir de ces pays et de la r\u00e9gion.<\/p>\n<p>En particulier, l'appel souligne l'importance d'impliquer toutes les parties prenantes dans la r\u00e9solution des crises politiques et s\u00e9curitaires au Sahel, et le r\u00f4le important que la CEDEAO et d'autres organisations r\u00e9gionales peuvent jouer pour des transitions r\u00e9ussies et la stabilit\u00e9 politique au Sahel.<\/p>\n<h3><strong>L'appel<\/strong><\/h3>\n<p>Les participants r\u00e9gionaux ont formul\u00e9 trois demandes sp\u00e9cifiques :<\/p>\n<ul>\n<li>Ils ont demand\u00e9 aux organisations sous-r\u00e9gionales et r\u00e9gionales de se mobiliser et de conjuguer leurs efforts pour ramener la paix et la stabilit\u00e9 dans la r\u00e9gion.<\/li>\n<li>Ils ont appel\u00e9 la CEDEAO \u00e0 trouver des moyens de mettre fin \u00e0 l'escalade de la violence et \u00e0 encourager les partis politiques \u00e0 engager un dialogue en vue d'une paix durable.<\/li>\n<li>Ils ont demand\u00e9 aux autorit\u00e9s de transition du Mali et du Burkina Faso d'adopter une approche inclusive et participative dans la mise en \u0153uvre des r\u00e9formes politiques pendant les transitions.<\/li>\n<\/ul>\n<p>L'appel comprenait \u00e9galement des recommandations sp\u00e9cifiques \u00e0 la CEDEAO, aux autorit\u00e9s de transition, aux organisations de la soci\u00e9t\u00e9 civile et aux partis politiques. Parmi celles-ci, l'appel aux partis \u00e0 prendre part \u00e0 un dialogue politique constructif et \u00e0 promouvoir la formation et la sensibilisation des citoyens, comme \u00e9tape vers des \u00e9lections libres et transparentes \u00e0 la fin de la transition.<\/p>\n<p><a href=\"http:\/\/nimd.org\/wp-content\/uploads\/2025\/06\/Appel-Forum-Transition-democratique-Sahel.pdf\" target=\"_blank\" rel=\"noopener\">Lire l'appel complet<\/a> (en fran\u00e7ais).<\/p>\n<h3><strong>Le Forum<\/strong><\/h3>\n<p>Le Forum r\u00e9gional multi-acteurs a rassembl\u00e9 des acteurs politiques et civiques de toute la r\u00e9gion du Sahel. Il a cr\u00e9\u00e9 un espace d'\u00e9change, de discussion et de r\u00e9flexion sur les menaces croissantes qui p\u00e8sent sur la stabilit\u00e9 politique et le d\u00e9veloppement. En tant que tel, le Forum a permis aux participants d'adopter une approche plus r\u00e9gionale, en travaillant ensemble pour parvenir \u00e0 un consensus et \u00e0 un plan d'action commun.<\/p>\n<div style=\"width: 426px;\" class=\"wp-video\"><video class=\"wp-video-shortcode\" id=\"video-19017-1\" width=\"426\" height=\"240\" preload=\"metadata\" controls=\"controls\"><source type=\"video\/mp4\" src=\"http:\/\/nimd.org\/wp-content\/uploads\/2022\/11\/Regional-Forum.mp4?_=1\" \/><a href=\"http:\/\/nimd.org\/wp-content\/uploads\/2022\/11\/Regional-Forum.mp4\">http:\/\/nimd.org\/wp-content\/uploads\/2022\/11\/Regional-Forum.mp4<\/a><\/video><\/div>\n<p><em>En savoir plus sur le Forum (vid\u00e9o en fran\u00e7ais)<\/em><\/p>\n<p>Gr\u00e2ce \u00e0 ce forum, le NIMD et Gor\u00e9e esp\u00e9raient donner aux participants l'occasion d'influencer conjointement les d\u00e9cideurs politiques aux niveaux national et r\u00e9gional.<\/p>\n<h3><strong>\u00c0 propos du consortium \"Le pouvoir du dialogue<\/strong><\/h3>\n<p>Le Consortium \"Le pouvoir du dialogue\" est compos\u00e9 du NIMD, de la\u00a0<a href=\"https:\/\/goreeinstitut.org\/\" target=\"_blank\" rel=\"noopener\">Institut Gor\u00e9e<\/a>\u00a0(S\u00e9n\u00e9gal),\u00a0<a href=\"https:\/\/www.akinamamawaafrika.org\/\" target=\"_blank\" rel=\"noopener\">Akina Mama wa Africa - AMwA<\/a>\u00a0(Ouganda) et le\u00a0<a href=\"http:\/\/www.cemi-tunis.org\/\" target=\"_blank\" rel=\"noopener\">Centre des \u00c9tudes M\u00e9diterran\u00e9ennes Internationales - CEMI<\/a>\u00a0(Tunisie).<\/p>\n<p>Le Consortium se concentre sur l'autonomisation des femmes, des jeunes et d'autres groupes marginalis\u00e9s afin d'influencer efficacement les processus politiques et d'y participer, dans le but de construire des soci\u00e9t\u00e9s plus durables et plus inclusives.<\/p>\n<p>Le programme \"Le pouvoir du dialogue\" a d\u00e9but\u00e9 en 2021 et se poursuivra jusqu'en 2025. Il est\u00a0<span data-contrast=\"auto\">financ\u00e9e par la\u00a0<\/span><span data-contrast=\"none\">Pays-Bas<\/span><span data-contrast=\"auto\">ds Minist\u00e8re des affaires \u00e9trang\u00e8res<\/span><span data-contrast=\"none\">.\u00a0<\/span><span data-contrast=\"auto\">Le programme est mis en \u0153uvre dans les pays suivants<\/span><span data-contrast=\"none\">\u00a0Afrique, Am\u00e9rique et Asie, notamment au Burkina Faso, au Mali, au Niger et au S\u00e9n\u00e9gal. <\/span><\/p>","protected":false},"excerpt":{"rendered":"<p>En septembre, le NIMD et Gor\u00e9e Institute ont organis\u00e9 un Forum r\u00e9gional de dialogue multi-acteurs sur l'\u00eele de Gor\u00e9e, dans le cadre de notre programme commun \"Le pouvoir du dialogue\". Les participants au Forum comprenaient des membres de la soci\u00e9t\u00e9 civile, des acteurs politiques, des repr\u00e9sentants d'institutions \u00e9tatiques et non \u00e9tatiques, et des d\u00e9put\u00e9s du Burkina Faso, du Mali, du Niger et du S\u00e9n\u00e9gal. Suite au Forum, ces participants ont ... <a href=\"https:\/\/nimd.org\/fr\/political-and-civic-actors-call-for-political-stability-in-the-sahel-region\/\"><\/a><\/p>","protected":false},"author":2,"featured_media":24065,"comment_status":"open","ping_status":"open","sticky":false,"template":"","format":"standard","meta":{"_acf_changed":false,"inline_featured_image":false,"_monsterinsights_skip_tracking":false,"_monsterinsights_sitenote_active":false,"_monsterinsights_sitenote_note":"","_monsterinsights_sitenote_category":0,"footnotes":""},"categories":[99],"tags":[],"countries":[79,89,92,93],"theme":[69],"class_list":["post-19017","post","type-post","status-publish","format-standard","has-post-thumbnail","hentry","category-news","countries-burkina-faso","countries-mali","countries-niger","countries-power-of-dialogue","theme-dialogue"],"acf":[],"yoast_head":"<!-- This site is optimized with the Yoast SEO Premium plugin v27.1 (Yoast SEO v27.1.1) - https:\/\/yoast.com\/product\/yoast-seo-premium-wordpress\/ -->\n<title>Political and civic actors call for political stability in the Sahel region - NIMD<\/title>\n<meta name=\"robots\" content=\"index, follow, max-snippet:-1, max-image-preview:large, max-video-preview:-1\" \/>\n<link rel=\"canonical\" href=\"https:\/\/nimd.org\/fr\/political-and-civic-actors-call-for-political-stability-in-the-sahel-region\/\" \/>\n<meta property=\"og:locale\" content=\"fr_FR\" \/>\n<meta property=\"og:type\" content=\"article\" \/>\n<meta property=\"og:title\" content=\"Political and civic actors call for political stability in the Sahel region\" \/>\n<meta property=\"og:description\" content=\"In September, NIMD and Gor\u00e9e Institute organized a Regional Multi-Stakeholder Dialogue Forum on Gor\u00e9e Island, as part of our joint Power of Dialogue programme. Participants of Forum included members of civil society, political actors, representatives of state and non-state institutions, and MPs from Burkina Faso, Mali, Niger and Senegal. Following the Forum, these participants have &hellip;\" \/>\n<meta property=\"og:url\" content=\"https:\/\/nimd.org\/fr\/political-and-civic-actors-call-for-political-stability-in-the-sahel-region\/\" \/>\n<meta property=\"og:site_name\" content=\"NIMD\" \/>\n<meta property=\"article:published_time\" content=\"2022-11-01T14:22:36+00:00\" \/>\n<meta property=\"article:modified_time\" content=\"2025-06-25T08:53:15+00:00\" \/>\n<meta property=\"og:image\" content=\"https:\/\/nimd.org\/wp-content\/uploads\/2025\/04\/FciGy5xXwAAmTE8-copy-scaled-1.jpg\" \/>\n\t<meta property=\"og:image:width\" content=\"2560\" \/>\n\t<meta property=\"og:image:height\" content=\"1707\" \/>\n\t<meta property=\"og:image:type\" content=\"image\/jpeg\" \/>\n<meta name=\"author\" content=\"superadmin\" \/>\n<meta name=\"twitter:card\" content=\"summary_large_image\" \/>\n<meta name=\"twitter:label1\" content=\"\u00c9crit par\" \/>\n\t<meta name=\"twitter:data1\" content=\"superadmin\" \/>\n\t<meta name=\"twitter:label2\" content=\"Dur\u00e9e de lecture estim\u00e9e\" \/>\n\t<meta name=\"twitter:data2\" content=\"3 minutes\" \/>\n<script type=\"application\/ld+json\" class=\"yoast-schema-graph\">{\"@context\":\"https:\/\/schema.org\",\"@graph\":[{\"@type\":\"Article\",\"@id\":\"https:\/\/nimd.org\/fr\/political-and-civic-actors-call-for-political-stability-in-the-sahel-region\/#article\",\"isPartOf\":{\"@id\":\"https:\/\/nimd.org\/fr\/political-and-civic-actors-call-for-political-stability-in-the-sahel-region\/\"},\"author\":{\"name\":\"superadmin\",\"@id\":\"https:\/\/nimd.org\/fr\/#\/schema\/person\/fecd680c201ede81b56eb098a17ad928\"},\"headline\":\"Political and civic actors call for political stability in the Sahel region\",\"datePublished\":\"2022-11-01T14:22:36+00:00\",\"dateModified\":\"2025-06-25T08:53:15+00:00\",\"mainEntityOfPage\":{\"@id\":\"https:\/\/nimd.org\/fr\/political-and-civic-actors-call-for-political-stability-in-the-sahel-region\/\"},\"wordCount\":535,\"commentCount\":0,\"image\":{\"@id\":\"https:\/\/nimd.org\/fr\/political-and-civic-actors-call-for-political-stability-in-the-sahel-region\/#primaryimage\"},\"thumbnailUrl\":\"https:\/\/nimd.org\/wp-content\/uploads\/2025\/04\/FciGy5xXwAAmTE8-copy-scaled-1.jpg\",\"articleSection\":[\"News\"],\"inLanguage\":\"fr-FR\",\"potentialAction\":[{\"@type\":\"CommentAction\",\"name\":\"Comment\",\"target\":[\"https:\/\/nimd.org\/fr\/political-and-civic-actors-call-for-political-stability-in-the-sahel-region\/#respond\"]}]},{\"@type\":\"WebPage\",\"@id\":\"https:\/\/nimd.org\/fr\/political-and-civic-actors-call-for-political-stability-in-the-sahel-region\/\",\"url\":\"https:\/\/nimd.org\/fr\/political-and-civic-actors-call-for-political-stability-in-the-sahel-region\/\",\"name\":\"Political and civic actors call for political stability in the Sahel region - NIMD\",\"isPartOf\":{\"@id\":\"https:\/\/nimd.org\/fr\/#website\"},\"primaryImageOfPage\":{\"@id\":\"https:\/\/nimd.org\/fr\/political-and-civic-actors-call-for-political-stability-in-the-sahel-region\/#primaryimage\"},\"image\":{\"@id\":\"https:\/\/nimd.org\/fr\/political-and-civic-actors-call-for-political-stability-in-the-sahel-region\/#primaryimage\"},\"thumbnailUrl\":\"https:\/\/nimd.org\/wp-content\/uploads\/2025\/04\/FciGy5xXwAAmTE8-copy-scaled-1.jpg\",\"datePublished\":\"2022-11-01T14:22:36+00:00\",\"dateModified\":\"2025-06-25T08:53:15+00:00\",\"author\":{\"@id\":\"https:\/\/nimd.org\/fr\/#\/schema\/person\/fecd680c201ede81b56eb098a17ad928\"},\"breadcrumb\":{\"@id\":\"https:\/\/nimd.org\/fr\/political-and-civic-actors-call-for-political-stability-in-the-sahel-region\/#breadcrumb\"},\"inLanguage\":\"fr-FR\",\"potentialAction\":[{\"@type\":\"ReadAction\",\"target\":[\"https:\/\/nimd.org\/fr\/political-and-civic-actors-call-for-political-stability-in-the-sahel-region\/\"]}]},{\"@type\":\"ImageObject\",\"inLanguage\":\"fr-FR\",\"@id\":\"https:\/\/nimd.org\/fr\/political-and-civic-actors-call-for-political-stability-in-the-sahel-region\/#primaryimage\",\"url\":\"https:\/\/nimd.org\/wp-content\/uploads\/2025\/04\/FciGy5xXwAAmTE8-copy-scaled-1.jpg\",\"contentUrl\":\"https:\/\/nimd.org\/wp-content\/uploads\/2025\/04\/FciGy5xXwAAmTE8-copy-scaled-1.jpg\",\"width\":2560,\"height\":1707},{\"@type\":\"BreadcrumbList\",\"@id\":\"https:\/\/nimd.org\/fr\/political-and-civic-actors-call-for-political-stability-in-the-sahel-region\/#breadcrumb\",\"itemListElement\":[{\"@type\":\"ListItem\",\"position\":1,\"name\":\"Home\",\"item\":\"https:\/\/nimd.org\/fr\/\"},{\"@type\":\"ListItem\",\"position\":2,\"name\":\"Political and civic actors call for political stability in the Sahel region\"}]},{\"@type\":\"WebSite\",\"@id\":\"https:\/\/nimd.org\/fr\/#website\",\"url\":\"https:\/\/nimd.org\/fr\/\",\"name\":\"NIMD\",\"description\":\"Democracy Starts With Dialogue\",\"potentialAction\":[{\"@type\":\"SearchAction\",\"target\":{\"@type\":\"EntryPoint\",\"urlTemplate\":\"https:\/\/nimd.org\/fr\/?s={search_term_string}\"},\"query-input\":{\"@type\":\"PropertyValueSpecification\",\"valueRequired\":true,\"valueName\":\"search_term_string\"}}],\"inLanguage\":\"fr-FR\"},{\"@type\":\"Person\",\"@id\":\"https:\/\/nimd.org\/fr\/#\/schema\/person\/fecd680c201ede81b56eb098a17ad928\",\"name\":\"superadmin\",\"image\":{\"@type\":\"ImageObject\",\"inLanguage\":\"fr-FR\",\"@id\":\"https:\/\/nimd.org\/fr\/#\/schema\/person\/image\/\",\"url\":\"https:\/\/secure.gravatar.com\/avatar\/1d1e7ebaf312b717161d349f71f6060e0ed86d7a652cbc37adc644a79988d181?s=96&d=mm&r=g\",\"contentUrl\":\"https:\/\/secure.gravatar.com\/avatar\/1d1e7ebaf312b717161d349f71f6060e0ed86d7a652cbc37adc644a79988d181?s=96&d=mm&r=g\",\"caption\":\"superadmin\"}}]}<\/script>\n<!-- \/ Yoast SEO Premium plugin. -->","yoast_head_json":{"title":"Les acteurs politiques et civiques appellent \u00e0 la stabilit\u00e9 politique dans la r\u00e9gion du Sahel - NIMD","robots":{"index":"index","follow":"follow","max-snippet":"max-snippet:-1","max-image-preview":"max-image-preview:large","max-video-preview":"max-video-preview:-1"},"canonical":"https:\/\/nimd.org\/fr\/political-and-civic-actors-call-for-political-stability-in-the-sahel-region\/","og_locale":"fr_FR","og_type":"article","og_title":"Political and civic actors call for political stability in the Sahel region","og_description":"In September, NIMD and Gor\u00e9e Institute organized a Regional Multi-Stakeholder Dialogue Forum on Gor\u00e9e Island, as part of our joint Power of Dialogue programme. Participants of Forum included members of civil society, political actors, representatives of state and non-state institutions, and MPs from Burkina Faso, Mali, Niger and Senegal. Following the Forum, these participants have &hellip;","og_url":"https:\/\/nimd.org\/fr\/political-and-civic-actors-call-for-political-stability-in-the-sahel-region\/","og_site_name":"NIMD","article_published_time":"2022-11-01T14:22:36+00:00","article_modified_time":"2025-06-25T08:53:15+00:00","og_image":[{"width":2560,"height":1707,"url":"https:\/\/nimd.org\/wp-content\/uploads\/2025\/04\/FciGy5xXwAAmTE8-copy-scaled-1.jpg","type":"image\/jpeg"}],"author":"superadmin","twitter_card":"summary_large_image","twitter_misc":{"\u00c9crit par":"superadmin","Dur\u00e9e de lecture estim\u00e9e":"3 minutes"},"schema":{"@context":"https:\/\/schema.org","@graph":[{"@type":"Article","@id":"https:\/\/nimd.org\/fr\/political-and-civic-actors-call-for-political-stability-in-the-sahel-region\/#article","isPartOf":{"@id":"https:\/\/nimd.org\/fr\/political-and-civic-actors-call-for-political-stability-in-the-sahel-region\/"},"author":{"name":"superadmin","@id":"https:\/\/nimd.org\/fr\/#\/schema\/person\/fecd680c201ede81b56eb098a17ad928"},"headline":"Political and civic actors call for political stability in the Sahel region","datePublished":"2022-11-01T14:22:36+00:00","dateModified":"2025-06-25T08:53:15+00:00","mainEntityOfPage":{"@id":"https:\/\/nimd.org\/fr\/political-and-civic-actors-call-for-political-stability-in-the-sahel-region\/"},"wordCount":535,"commentCount":0,"image":{"@id":"https:\/\/nimd.org\/fr\/political-and-civic-actors-call-for-political-stability-in-the-sahel-region\/#primaryimage"},"thumbnailUrl":"https:\/\/nimd.org\/wp-content\/uploads\/2025\/04\/FciGy5xXwAAmTE8-copy-scaled-1.jpg","articleSection":["News"],"inLanguage":"fr-FR","potentialAction":[{"@type":"CommentAction","name":"Comment","target":["https:\/\/nimd.org\/fr\/political-and-civic-actors-call-for-political-stability-in-the-sahel-region\/#respond"]}]},{"@type":"WebPage","@id":"https:\/\/nimd.org\/fr\/political-and-civic-actors-call-for-political-stability-in-the-sahel-region\/","url":"https:\/\/nimd.org\/fr\/political-and-civic-actors-call-for-political-stability-in-the-sahel-region\/","name":"Les acteurs politiques et civiques appellent \u00e0 la stabilit\u00e9 politique dans la r\u00e9gion du Sahel - NIMD","isPartOf":{"@id":"https:\/\/nimd.org\/fr\/#website"},"primaryImageOfPage":{"@id":"https:\/\/nimd.org\/fr\/political-and-civic-actors-call-for-political-stability-in-the-sahel-region\/#primaryimage"},"image":{"@id":"https:\/\/nimd.org\/fr\/political-and-civic-actors-call-for-political-stability-in-the-sahel-region\/#primaryimage"},"thumbnailUrl":"https:\/\/nimd.org\/wp-content\/uploads\/2025\/04\/FciGy5xXwAAmTE8-copy-scaled-1.jpg","datePublished":"2022-11-01T14:22:36+00:00","dateModified":"2025-06-25T08:53:15+00:00","author":{"@id":"https:\/\/nimd.org\/fr\/#\/schema\/person\/fecd680c201ede81b56eb098a17ad928"},"breadcrumb":{"@id":"https:\/\/nimd.org\/fr\/political-and-civic-actors-call-for-political-stability-in-the-sahel-region\/#breadcrumb"},"inLanguage":"fr-FR","potentialAction":[{"@type":"ReadAction","target":["https:\/\/nimd.org\/fr\/political-and-civic-actors-call-for-political-stability-in-the-sahel-region\/"]}]},{"@type":"ImageObject","inLanguage":"fr-FR","@id":"https:\/\/nimd.org\/fr\/political-and-civic-actors-call-for-political-stability-in-the-sahel-region\/#primaryimage","url":"https:\/\/nimd.org\/wp-content\/uploads\/2025\/04\/FciGy5xXwAAmTE8-copy-scaled-1.jpg","contentUrl":"https:\/\/nimd.org\/wp-content\/uploads\/2025\/04\/FciGy5xXwAAmTE8-copy-scaled-1.jpg","width":2560,"height":1707},{"@type":"BreadcrumbList","@id":"https:\/\/nimd.org\/fr\/political-and-civic-actors-call-for-political-stability-in-the-sahel-region\/#breadcrumb","itemListElement":[{"@type":"ListItem","position":1,"name":"Home","item":"https:\/\/nimd.org\/fr\/"},{"@type":"ListItem","position":2,"name":"Political and civic actors call for political stability in the Sahel region"}]},{"@type":"WebSite","@id":"https:\/\/nimd.org\/fr\/#website","url":"https:\/\/nimd.org\/fr\/","name":"NIMD","description":"La d\u00e9mocratie commence par le dialogue","potentialAction":[{"@type":"SearchAction","target":{"@type":"EntryPoint","urlTemplate":"https:\/\/nimd.org\/fr\/?s={search_term_string}"},"query-input":{"@type":"PropertyValueSpecification","valueRequired":true,"valueName":"search_term_string"}}],"inLanguage":"fr-FR"},{"@type":"Person","@id":"https:\/\/nimd.org\/fr\/#\/schema\/person\/fecd680c201ede81b56eb098a17ad928","name":"superadministrateur","image":{"@type":"ImageObject","inLanguage":"fr-FR","@id":"https:\/\/nimd.org\/fr\/#\/schema\/person\/image\/","url":"https:\/\/secure.gravatar.com\/avatar\/1d1e7ebaf312b717161d349f71f6060e0ed86d7a652cbc37adc644a79988d181?s=96&d=mm&r=g","contentUrl":"https:\/\/secure.gravatar.com\/avatar\/1d1e7ebaf312b717161d349f71f6060e0ed86d7a652cbc37adc644a79988d181?s=96&d=mm&r=g","caption":"superadmin"}}]}},"_links":{"self":[{"href":"https:\/\/nimd.org\/fr\/wp-json\/wp\/v2\/posts\/19017","targetHints":{"allow":["GET"]}}],"collection":[{"href":"https:\/\/nimd.org\/fr\/wp-json\/wp\/v2\/posts"}],"about":[{"href":"https:\/\/nimd.org\/fr\/wp-json\/wp\/v2\/types\/post"}],"author":[{"embeddable":true,"href":"https:\/\/nimd.org\/fr\/wp-json\/wp\/v2\/users\/2"}],"replies":[{"embeddable":true,"href":"https:\/\/nimd.org\/fr\/wp-json\/wp\/v2\/comments?post=19017"}],"version-history":[{"count":3,"href":"https:\/\/nimd.org\/fr\/wp-json\/wp\/v2\/posts\/19017\/revisions"}],"predecessor-version":[{"id":25506,"href":"https:\/\/nimd.org\/fr\/wp-json\/wp\/v2\/posts\/19017\/revisions\/25506"}],"wp:featuredmedia":[{"embeddable":true,"href":"https:\/\/nimd.org\/fr\/wp-json\/wp\/v2\/media\/24065"}],"wp:attachment":[{"href":"https:\/\/nimd.org\/fr\/wp-json\/wp\/v2\/media?parent=19017"}],"wp:term":[{"taxonomy":"category","embeddable":true,"href":"https:\/\/nimd.org\/fr\/wp-json\/wp\/v2\/categories?post=19017"},{"taxonomy":"post_tag","embeddable":true,"href":"https:\/\/nimd.org\/fr\/wp-json\/wp\/v2\/tags?post=19017"},{"taxonomy":"countries","embeddable":true,"href":"https:\/\/nimd.org\/fr\/wp-json\/wp\/v2\/countries?post=19017"},{"taxonomy":"theme","embeddable":true,"href":"https:\/\/nimd.org\/fr\/wp-json\/wp\/v2\/theme?post=19017"}],"curies":[{"name":"wp","href":"https:\/\/api.w.org\/{rel}","templated":true}]}}