{"id":19013,"date":"2022-09-23T13:21:55","date_gmt":"2022-09-23T13:21:55","guid":{"rendered":"https:\/\/nimd.org\/relations-between-the-sahel-and-the-netherlands-in-a-changing-world\/"},"modified":"2025-06-25T08:55:22","modified_gmt":"2025-06-25T08:55:22","slug":"relations-between-the-sahel-and-the-netherlands-in-a-changing-world","status":"publish","type":"post","link":"https:\/\/nimd.org\/fr\/relations-between-the-sahel-and-the-netherlands-in-a-changing-world\/","title":{"rendered":"Les relations entre le Sahel et les Pays-Bas dans un monde en mutation"},"content":{"rendered":"<p>Il se passe beaucoup de choses dans la r\u00e9gion du Sahel. Avec les r\u00e9cents coups d'\u00c9tat au Mali et au Burkina Faso, ces pays s'engagent dans des processus de transition qui d\u00e9finiront leur avenir.<br \/>\nAu Niger, le premier transfert d\u00e9mocratique du pouvoir en 2021 marque une nouvelle \u00e9tape pour cette jeune d\u00e9mocratie.<\/p>\n<h3><strong>Notre \u00e9v\u00e9nement<\/strong><\/h3>\n<p>Le 11 octobre, le NIMD s'est associ\u00e9 \u00e0 <a href=\"https:\/\/paxforpeace.nl\/\">PAX pour la paix<\/a> d'organiser un \u00e9v\u00e9nement sur les relations entre le Sahel et les Pays-Bas dans ce monde en mutation. Nous souhaitons explorer ce que les nouveaux d\u00e9veloppements de la r\u00e9gion signifient pour la politique n\u00e9erlandaise, en commen\u00e7ant par comprendre les perspectives des habitants de la r\u00e9gion.<\/p>\n<p>Nous avons cherch\u00e9 \u00e0 savoir comment les gens consid\u00e8rent ces \u00e9volutions politiques et sociales, et comment ils appr\u00e9cient la r\u00e9ponse des acteurs nationaux et internationaux.<\/p>\n<div style=\"width: 1920px;\" class=\"wp-video\"><video class=\"wp-video-shortcode\" id=\"video-19013-1\" width=\"1920\" height=\"1080\" preload=\"metadata\" controls=\"controls\"><source type=\"video\/mp4\" src=\"http:\/\/nimd.org\/wp-content\/uploads\/2025\/06\/Burkina.mp4?_=1\" \/><a href=\"http:\/\/nimd.org\/wp-content\/uploads\/2025\/06\/Burkina.mp4\">http:\/\/nimd.org\/wp-content\/uploads\/2025\/06\/Burkina.mp4<\/a><\/video><\/div>\n<p><em>Le directeur national du NIMD, Cheickna Yaranangor\u00e9, a partag\u00e9 son point de vue sur la situation au Burkina Faso et sur la mani\u00e8re dont les Pays-Bas peuvent soutenir une d\u00e9mocratie inclusive dans le pays.\u00a0<\/em><\/p>\n<h3><strong>Le programme<\/strong><\/h3>\n<p>16.00 - 16.05 Accueil par le mod\u00e9rateur Thijs Berman (NIMD, Directeur ex\u00e9cutif)<\/p>\n<p>16.05 - 16.15 Introduction par Grace Ellis du groupe de r\u00e9flexion Clingendael<\/p>\n<p>16.15 - 16.40 Premi\u00e8re table ronde sur les perspectives de la r\u00e9gion avec Celia D'Almeida (NIMD, Mali), Cheickna Yaranangore (NIMD, Burkina) et Ibrahima Ba (NIMD, Niger)<\/p>\n<p>16.40 - 17.25 Deuxi\u00e8me table ronde sur le soutien \u00e0 la d\u00e9mocratie inclusive et \u00e0 la consolidation de la paix au Sahel avec Lucas Koppen (PAX, Senior Programme Officer), Wael Abdul Shafi (PAX, UE) et le pr\u00e9sident de la Commission europ\u00e9enne.<br \/>\nConseiller politique) et Tijmen Rooseboom (Minist\u00e8re des Affaires \u00e9trang\u00e8res, Envoy\u00e9 sp\u00e9cial pour la r\u00e9gion du Sahel)<\/p>\n<p>17.25 - 17.30 Remarques finales<\/p>\n<p>17.30 - 18.30 Boissons<\/p>","protected":false},"excerpt":{"rendered":"<p>Il se passe beaucoup de choses dans la r\u00e9gion du Sahel. Avec les r\u00e9cents coups d'\u00c9tat au Mali et au Burkina Faso, ces pays s'engagent maintenant dans des processus de transition qui d\u00e9finiront leur avenir. Au Niger, le premier transfert d\u00e9mocratique du pouvoir en 2021 marque une nouvelle \u00e9tape pour la jeune d\u00e9mocratie. Notre \u00e9v\u00e9nement Le 11 octobre, le NIMD ... <a href=\"https:\/\/nimd.org\/fr\/relations-between-the-sahel-and-the-netherlands-in-a-changing-world\/\"><\/a><\/p>","protected":false},"author":2,"featured_media":25067,"comment_status":"open","ping_status":"open","sticky":false,"template":"","format":"standard","meta":{"_acf_changed":false,"inline_featured_image":false,"_monsterinsights_skip_tracking":false,"_monsterinsights_sitenote_active":false,"_monsterinsights_sitenote_note":"","_monsterinsights_sitenote_category":0,"footnotes":""},"categories":[99],"tags":[],"countries":[79,89,92],"theme":[],"class_list":["post-19013","post","type-post","status-publish","format-standard","has-post-thumbnail","hentry","category-news","countries-burkina-faso","countries-mali","countries-niger"],"acf":[],"yoast_head":"<!-- This site is optimized with the Yoast SEO Premium plugin v27.1 (Yoast SEO v27.1.1) - https:\/\/yoast.com\/product\/yoast-seo-premium-wordpress\/ -->\n<title>Relations between the Sahel and the Netherlands in a changing world - NIMD<\/title>\n<meta name=\"robots\" content=\"index, follow, max-snippet:-1, max-image-preview:large, max-video-preview:-1\" \/>\n<link rel=\"canonical\" href=\"https:\/\/nimd.org\/fr\/relations-between-the-sahel-and-the-netherlands-in-a-changing-world\/\" \/>\n<meta property=\"og:locale\" content=\"fr_FR\" \/>\n<meta property=\"og:type\" content=\"article\" \/>\n<meta property=\"og:title\" content=\"Relations between the Sahel and the Netherlands in a changing world\" \/>\n<meta property=\"og:description\" content=\"A lot is happening in the Sahel region. With recent coups in Mali and Burkina Faso, these countries are now embarking on transitions processes that will define their future. And in Niger, the country\u2019s first democratic transfer of power in 2021 marks a new milestone for the young democracy. Our event On 11 October, NIMD &hellip;\" \/>\n<meta property=\"og:url\" content=\"https:\/\/nimd.org\/fr\/relations-between-the-sahel-and-the-netherlands-in-a-changing-world\/\" \/>\n<meta property=\"og:site_name\" content=\"NIMD\" \/>\n<meta property=\"article:published_time\" content=\"2022-09-23T13:21:55+00:00\" \/>\n<meta property=\"article:modified_time\" content=\"2025-06-25T08:55:22+00:00\" \/>\n<meta property=\"og:image\" content=\"https:\/\/nimd.org\/wp-content\/uploads\/2025\/04\/Map_of_the_Sahel-1024x699.png\" \/>\n\t<meta property=\"og:image:width\" content=\"1024\" \/>\n\t<meta property=\"og:image:height\" content=\"699\" \/>\n\t<meta property=\"og:image:type\" content=\"image\/png\" \/>\n<meta name=\"author\" content=\"superadmin\" \/>\n<meta name=\"twitter:card\" content=\"summary_large_image\" \/>\n<meta name=\"twitter:label1\" content=\"\u00c9crit par\" \/>\n\t<meta name=\"twitter:data1\" content=\"superadmin\" \/>\n\t<meta name=\"twitter:label2\" content=\"Dur\u00e9e de lecture estim\u00e9e\" \/>\n\t<meta name=\"twitter:data2\" content=\"2 minutes\" \/>\n<script type=\"application\/ld+json\" class=\"yoast-schema-graph\">{\"@context\":\"https:\/\/schema.org\",\"@graph\":[{\"@type\":\"Article\",\"@id\":\"https:\/\/nimd.org\/fr\/relations-between-the-sahel-and-the-netherlands-in-a-changing-world\/#article\",\"isPartOf\":{\"@id\":\"https:\/\/nimd.org\/fr\/relations-between-the-sahel-and-the-netherlands-in-a-changing-world\/\"},\"author\":{\"name\":\"superadmin\",\"@id\":\"https:\/\/nimd.org\/fr\/#\/schema\/person\/fecd680c201ede81b56eb098a17ad928\"},\"headline\":\"Relations between the Sahel and the Netherlands in a changing world\",\"datePublished\":\"2022-09-23T13:21:55+00:00\",\"dateModified\":\"2025-06-25T08:55:22+00:00\",\"mainEntityOfPage\":{\"@id\":\"https:\/\/nimd.org\/fr\/relations-between-the-sahel-and-the-netherlands-in-a-changing-world\/\"},\"wordCount\":253,\"commentCount\":0,\"image\":{\"@id\":\"https:\/\/nimd.org\/fr\/relations-between-the-sahel-and-the-netherlands-in-a-changing-world\/#primaryimage\"},\"thumbnailUrl\":\"https:\/\/nimd.org\/wp-content\/uploads\/2025\/04\/Map_of_the_Sahel.png\",\"articleSection\":[\"News\"],\"inLanguage\":\"fr-FR\",\"potentialAction\":[{\"@type\":\"CommentAction\",\"name\":\"Comment\",\"target\":[\"https:\/\/nimd.org\/fr\/relations-between-the-sahel-and-the-netherlands-in-a-changing-world\/#respond\"]}]},{\"@type\":\"WebPage\",\"@id\":\"https:\/\/nimd.org\/fr\/relations-between-the-sahel-and-the-netherlands-in-a-changing-world\/\",\"url\":\"https:\/\/nimd.org\/fr\/relations-between-the-sahel-and-the-netherlands-in-a-changing-world\/\",\"name\":\"Relations between the Sahel and the Netherlands in a changing world - NIMD\",\"isPartOf\":{\"@id\":\"https:\/\/nimd.org\/fr\/#website\"},\"primaryImageOfPage\":{\"@id\":\"https:\/\/nimd.org\/fr\/relations-between-the-sahel-and-the-netherlands-in-a-changing-world\/#primaryimage\"},\"image\":{\"@id\":\"https:\/\/nimd.org\/fr\/relations-between-the-sahel-and-the-netherlands-in-a-changing-world\/#primaryimage\"},\"thumbnailUrl\":\"https:\/\/nimd.org\/wp-content\/uploads\/2025\/04\/Map_of_the_Sahel.png\",\"datePublished\":\"2022-09-23T13:21:55+00:00\",\"dateModified\":\"2025-06-25T08:55:22+00:00\",\"author\":{\"@id\":\"https:\/\/nimd.org\/fr\/#\/schema\/person\/fecd680c201ede81b56eb098a17ad928\"},\"breadcrumb\":{\"@id\":\"https:\/\/nimd.org\/fr\/relations-between-the-sahel-and-the-netherlands-in-a-changing-world\/#breadcrumb\"},\"inLanguage\":\"fr-FR\",\"potentialAction\":[{\"@type\":\"ReadAction\",\"target\":[\"https:\/\/nimd.org\/fr\/relations-between-the-sahel-and-the-netherlands-in-a-changing-world\/\"]}]},{\"@type\":\"ImageObject\",\"inLanguage\":\"fr-FR\",\"@id\":\"https:\/\/nimd.org\/fr\/relations-between-the-sahel-and-the-netherlands-in-a-changing-world\/#primaryimage\",\"url\":\"https:\/\/nimd.org\/wp-content\/uploads\/2025\/04\/Map_of_the_Sahel.png\",\"contentUrl\":\"https:\/\/nimd.org\/wp-content\/uploads\/2025\/04\/Map_of_the_Sahel.png\",\"width\":2000,\"height\":1366},{\"@type\":\"BreadcrumbList\",\"@id\":\"https:\/\/nimd.org\/fr\/relations-between-the-sahel-and-the-netherlands-in-a-changing-world\/#breadcrumb\",\"itemListElement\":[{\"@type\":\"ListItem\",\"position\":1,\"name\":\"Home\",\"item\":\"https:\/\/nimd.org\/fr\/\"},{\"@type\":\"ListItem\",\"position\":2,\"name\":\"Relations between the Sahel and the Netherlands in a changing world\"}]},{\"@type\":\"WebSite\",\"@id\":\"https:\/\/nimd.org\/fr\/#website\",\"url\":\"https:\/\/nimd.org\/fr\/\",\"name\":\"NIMD\",\"description\":\"Democracy Starts With Dialogue\",\"potentialAction\":[{\"@type\":\"SearchAction\",\"target\":{\"@type\":\"EntryPoint\",\"urlTemplate\":\"https:\/\/nimd.org\/fr\/?s={search_term_string}\"},\"query-input\":{\"@type\":\"PropertyValueSpecification\",\"valueRequired\":true,\"valueName\":\"search_term_string\"}}],\"inLanguage\":\"fr-FR\"},{\"@type\":\"Person\",\"@id\":\"https:\/\/nimd.org\/fr\/#\/schema\/person\/fecd680c201ede81b56eb098a17ad928\",\"name\":\"superadmin\",\"image\":{\"@type\":\"ImageObject\",\"inLanguage\":\"fr-FR\",\"@id\":\"https:\/\/nimd.org\/fr\/#\/schema\/person\/image\/\",\"url\":\"https:\/\/secure.gravatar.com\/avatar\/1d1e7ebaf312b717161d349f71f6060e0ed86d7a652cbc37adc644a79988d181?s=96&d=mm&r=g\",\"contentUrl\":\"https:\/\/secure.gravatar.com\/avatar\/1d1e7ebaf312b717161d349f71f6060e0ed86d7a652cbc37adc644a79988d181?s=96&d=mm&r=g\",\"caption\":\"superadmin\"}}]}<\/script>\n<!-- \/ Yoast SEO Premium plugin. -->","yoast_head_json":{"title":"Les relations entre le Sahel et les Pays-Bas dans un monde en mutation - NIMD","robots":{"index":"index","follow":"follow","max-snippet":"max-snippet:-1","max-image-preview":"max-image-preview:large","max-video-preview":"max-video-preview:-1"},"canonical":"https:\/\/nimd.org\/fr\/relations-between-the-sahel-and-the-netherlands-in-a-changing-world\/","og_locale":"fr_FR","og_type":"article","og_title":"Relations between the Sahel and the Netherlands in a changing world","og_description":"A lot is happening in the Sahel region. With recent coups in Mali and Burkina Faso, these countries are now embarking on transitions processes that will define their future. And in Niger, the country\u2019s first democratic transfer of power in 2021 marks a new milestone for the young democracy. Our event On 11 October, NIMD &hellip;","og_url":"https:\/\/nimd.org\/fr\/relations-between-the-sahel-and-the-netherlands-in-a-changing-world\/","og_site_name":"NIMD","article_published_time":"2022-09-23T13:21:55+00:00","article_modified_time":"2025-06-25T08:55:22+00:00","og_image":[{"width":1024,"height":699,"url":"https:\/\/nimd.org\/wp-content\/uploads\/2025\/04\/Map_of_the_Sahel-1024x699.png","type":"image\/png"}],"author":"superadmin","twitter_card":"summary_large_image","twitter_misc":{"\u00c9crit par":"superadmin","Dur\u00e9e de lecture estim\u00e9e":"2 minutes"},"schema":{"@context":"https:\/\/schema.org","@graph":[{"@type":"Article","@id":"https:\/\/nimd.org\/fr\/relations-between-the-sahel-and-the-netherlands-in-a-changing-world\/#article","isPartOf":{"@id":"https:\/\/nimd.org\/fr\/relations-between-the-sahel-and-the-netherlands-in-a-changing-world\/"},"author":{"name":"superadmin","@id":"https:\/\/nimd.org\/fr\/#\/schema\/person\/fecd680c201ede81b56eb098a17ad928"},"headline":"Relations between the Sahel and the Netherlands in a changing world","datePublished":"2022-09-23T13:21:55+00:00","dateModified":"2025-06-25T08:55:22+00:00","mainEntityOfPage":{"@id":"https:\/\/nimd.org\/fr\/relations-between-the-sahel-and-the-netherlands-in-a-changing-world\/"},"wordCount":253,"commentCount":0,"image":{"@id":"https:\/\/nimd.org\/fr\/relations-between-the-sahel-and-the-netherlands-in-a-changing-world\/#primaryimage"},"thumbnailUrl":"https:\/\/nimd.org\/wp-content\/uploads\/2025\/04\/Map_of_the_Sahel.png","articleSection":["News"],"inLanguage":"fr-FR","potentialAction":[{"@type":"CommentAction","name":"Comment","target":["https:\/\/nimd.org\/fr\/relations-between-the-sahel-and-the-netherlands-in-a-changing-world\/#respond"]}]},{"@type":"WebPage","@id":"https:\/\/nimd.org\/fr\/relations-between-the-sahel-and-the-netherlands-in-a-changing-world\/","url":"https:\/\/nimd.org\/fr\/relations-between-the-sahel-and-the-netherlands-in-a-changing-world\/","name":"Les relations entre le Sahel et les Pays-Bas dans un monde en mutation - NIMD","isPartOf":{"@id":"https:\/\/nimd.org\/fr\/#website"},"primaryImageOfPage":{"@id":"https:\/\/nimd.org\/fr\/relations-between-the-sahel-and-the-netherlands-in-a-changing-world\/#primaryimage"},"image":{"@id":"https:\/\/nimd.org\/fr\/relations-between-the-sahel-and-the-netherlands-in-a-changing-world\/#primaryimage"},"thumbnailUrl":"https:\/\/nimd.org\/wp-content\/uploads\/2025\/04\/Map_of_the_Sahel.png","datePublished":"2022-09-23T13:21:55+00:00","dateModified":"2025-06-25T08:55:22+00:00","author":{"@id":"https:\/\/nimd.org\/fr\/#\/schema\/person\/fecd680c201ede81b56eb098a17ad928"},"breadcrumb":{"@id":"https:\/\/nimd.org\/fr\/relations-between-the-sahel-and-the-netherlands-in-a-changing-world\/#breadcrumb"},"inLanguage":"fr-FR","potentialAction":[{"@type":"ReadAction","target":["https:\/\/nimd.org\/fr\/relations-between-the-sahel-and-the-netherlands-in-a-changing-world\/"]}]},{"@type":"ImageObject","inLanguage":"fr-FR","@id":"https:\/\/nimd.org\/fr\/relations-between-the-sahel-and-the-netherlands-in-a-changing-world\/#primaryimage","url":"https:\/\/nimd.org\/wp-content\/uploads\/2025\/04\/Map_of_the_Sahel.png","contentUrl":"https:\/\/nimd.org\/wp-content\/uploads\/2025\/04\/Map_of_the_Sahel.png","width":2000,"height":1366},{"@type":"BreadcrumbList","@id":"https:\/\/nimd.org\/fr\/relations-between-the-sahel-and-the-netherlands-in-a-changing-world\/#breadcrumb","itemListElement":[{"@type":"ListItem","position":1,"name":"Home","item":"https:\/\/nimd.org\/fr\/"},{"@type":"ListItem","position":2,"name":"Relations between the Sahel and the Netherlands in a changing world"}]},{"@type":"WebSite","@id":"https:\/\/nimd.org\/fr\/#website","url":"https:\/\/nimd.org\/fr\/","name":"NIMD","description":"La d\u00e9mocratie commence par le dialogue","potentialAction":[{"@type":"SearchAction","target":{"@type":"EntryPoint","urlTemplate":"https:\/\/nimd.org\/fr\/?s={search_term_string}"},"query-input":{"@type":"PropertyValueSpecification","valueRequired":true,"valueName":"search_term_string"}}],"inLanguage":"fr-FR"},{"@type":"Person","@id":"https:\/\/nimd.org\/fr\/#\/schema\/person\/fecd680c201ede81b56eb098a17ad928","name":"superadministrateur","image":{"@type":"ImageObject","inLanguage":"fr-FR","@id":"https:\/\/nimd.org\/fr\/#\/schema\/person\/image\/","url":"https:\/\/secure.gravatar.com\/avatar\/1d1e7ebaf312b717161d349f71f6060e0ed86d7a652cbc37adc644a79988d181?s=96&d=mm&r=g","contentUrl":"https:\/\/secure.gravatar.com\/avatar\/1d1e7ebaf312b717161d349f71f6060e0ed86d7a652cbc37adc644a79988d181?s=96&d=mm&r=g","caption":"superadmin"}}]}},"_links":{"self":[{"href":"https:\/\/nimd.org\/fr\/wp-json\/wp\/v2\/posts\/19013","targetHints":{"allow":["GET"]}}],"collection":[{"href":"https:\/\/nimd.org\/fr\/wp-json\/wp\/v2\/posts"}],"about":[{"href":"https:\/\/nimd.org\/fr\/wp-json\/wp\/v2\/types\/post"}],"author":[{"embeddable":true,"href":"https:\/\/nimd.org\/fr\/wp-json\/wp\/v2\/users\/2"}],"replies":[{"embeddable":true,"href":"https:\/\/nimd.org\/fr\/wp-json\/wp\/v2\/comments?post=19013"}],"version-history":[{"count":3,"href":"https:\/\/nimd.org\/fr\/wp-json\/wp\/v2\/posts\/19013\/revisions"}],"predecessor-version":[{"id":25508,"href":"https:\/\/nimd.org\/fr\/wp-json\/wp\/v2\/posts\/19013\/revisions\/25508"}],"wp:featuredmedia":[{"embeddable":true,"href":"https:\/\/nimd.org\/fr\/wp-json\/wp\/v2\/media\/25067"}],"wp:attachment":[{"href":"https:\/\/nimd.org\/fr\/wp-json\/wp\/v2\/media?parent=19013"}],"wp:term":[{"taxonomy":"category","embeddable":true,"href":"https:\/\/nimd.org\/fr\/wp-json\/wp\/v2\/categories?post=19013"},{"taxonomy":"post_tag","embeddable":true,"href":"https:\/\/nimd.org\/fr\/wp-json\/wp\/v2\/tags?post=19013"},{"taxonomy":"countries","embeddable":true,"href":"https:\/\/nimd.org\/fr\/wp-json\/wp\/v2\/countries?post=19013"},{"taxonomy":"theme","embeddable":true,"href":"https:\/\/nimd.org\/fr\/wp-json\/wp\/v2\/theme?post=19013"}],"curies":[{"name":"wp","href":"https:\/\/api.w.org\/{rel}","templated":true}]}}