{"id":18990,"date":"2022-02-11T08:41:18","date_gmt":"2022-02-11T08:41:18","guid":{"rendered":"https:\/\/nimd.org\/nimd-executive-director-nominated-as-gender-champion\/"},"modified":"2025-07-07T06:15:35","modified_gmt":"2025-07-07T06:15:35","slug":"nimd-executive-director-nominated-as-gender-champion","status":"publish","type":"post","link":"https:\/\/nimd.org\/fr\/nimd-executive-director-nominated-as-gender-champion\/","title":{"rendered":"Le directeur ex\u00e9cutif du NIMD nomm\u00e9 champion de l'\u00e9galit\u00e9 des sexes"},"content":{"rendered":"<p>Nous avons le plaisir d'annoncer que le directeur ex\u00e9cutif du NIMD, Thijs Berman, a rejoint l'\u00e9quipe de la Commission europ\u00e9enne. <a href=\"https:\/\/genderchampions.com\/\" target=\"_blank\" rel=\"noopener\">Champions internationaux du genre<\/a> Le r\u00e9seau de la NIMD refl\u00e8te l'engagement continu de la NIMD \u00e0 l'\u00e9gard de l'\u00e9ducation et de la formation des adultes. <a href=\"https:\/\/nimd.org\/fr\/programme\/diversity-and-gender-equality\/\" target=\"_blank\" rel=\"noopener\">l'autonomisation des femmes<\/a> et en soutenant leur participation \u00e0 la vie politique dans le monde entier.<\/p>\n<p>Le CIG est un r\u00e9seau mondial de dirigeants qui rassemble des d\u00e9cideurs f\u00e9minins et masculins d\u00e9termin\u00e9s \u00e0 faire tomber les barri\u00e8res entre les sexes et \u00e0 faire de l'\u00e9galit\u00e9 des sexes une r\u00e9alit\u00e9 op\u00e9rationnelle dans leurs sph\u00e8res d'influence.<\/p>\n<p>Le r\u00e9seau compte actuellement plus de 300 champions du genre actifs, et Thijs est ravie de les rejoindre dans leur mission vitale qui consiste \u00e0 \u0153uvrer pour une plus grande visibilit\u00e9 et une meilleure participation des femmes \u00e0 la vie publique.<\/p>\n<p><img loading=\"lazy\" decoding=\"async\" class=\"aligncenter wp-image-12574\" src=\"http:\/\/nimd.org\/wp-content\/uploads\/2025\/02\/gender_champion_quote_2.jpg\" alt=\"\" width=\"580\" height=\"235\" \/><\/p>\n<p>\"La CIG est une excellente initiative, qui rassemble des personnes aussi diverses et les oblige \u00e0 examiner leurs engagements en faveur de l'\u00e9galit\u00e9 entre les femmes et les hommes, tant dans leur travail de programmation qu'au sein de leurs propres organisations\", d\u00e9clare Mme Thijs.<\/p>\n<p>\"La d\u00e9mocratie ne peut prosp\u00e9rer que si les voix de tous les membres de la soci\u00e9t\u00e9 sont entendues, et les femmes sont absolument essentielles au fonctionnement d'une d\u00e9mocratie inclusive.<\/p>\n<p>\"Le NIMD soutient et autonomise les femmes du monde entier afin qu'elles puissent jouer un r\u00f4le significatif dans le leadership politique, la r\u00e9solution des conflits et la construction de la paix.<\/p>\n<h3><strong>Engagements concrets<\/strong><\/h3>\n<p>En tant que champion de l'\u00e9galit\u00e9 des sexes, Thijs s'engage \u00e0 ne participer qu'\u00e0 des groupes o\u00f9 les femmes et les hommes sont repr\u00e9sent\u00e9s. Il s'engage \u00e9galement \u00e0 int\u00e9grer l'\u00e9galit\u00e9 des sexes et l'autonomisation dans tous les processus de prise de d\u00e9cision et de programmation au NIMD et \u00e0 promouvoir le r\u00f4le des femmes dans les processus de paix et de dialogue. <a href=\"https:\/\/genderchampions.com\/champions\/thijs-berman\" target=\"_blank\" rel=\"noopener\">Lire l'int\u00e9gralit\u00e9 de ses engagements ici<\/a>.<\/p>\n<p>L'\u00e9galit\u00e9 des sexes et l'inclusion sont au c\u0153ur du travail de la NIMD. Nous nous effor\u00e7ons d'atteindre la parit\u00e9 hommes-femmes dans nos <a href=\"https:\/\/nimd.org\/fr\/democracy-school-kicks-off-in-honduras\/\" target=\"_blank\" rel=\"noopener\">\u00c9coles de la d\u00e9mocratie<\/a>et nous int\u00e9grons une perspective de genre et de diversit\u00e9 dans la conception, le suivi et l'\u00e9valuation de chacun de nos programmes nationaux.<\/p>\n<p>Le NIMD est \u00e9galement fier d'\u00eatre membre de l'association\u00a0<a href=\"https:\/\/nimd.org\/fr\/programme\/leap4peace\/\" target=\"_blank\" rel=\"noopener\">Consortium LEAP4Peace<\/a>qui soutient les femmes au Myanmar, en Colombie et au Burundi afin qu'elles puissent jouer un r\u00f4le significatif dans le leadership politique, la r\u00e9solution des conflits et la construction de la paix. La NIMD est \u00e9galement l'un des partenaires de <a href=\"https:\/\/wphfund.org\/rrw\/\" target=\"_blank\" rel=\"noopener\">Fen\u00eatre de r\u00e9ponse rapide du Fonds de paix et d'aide humanitaire de l'ONU pour les femmes<\/a>la promotion de la participation des femmes aux processus de paix.<\/p>","protected":false},"excerpt":{"rendered":"<p>Nous sommes ravis d'annoncer que le directeur ex\u00e9cutif du NIMD, Thijs Berman, a rejoint le r\u00e9seau des Champions internationaux du genre, refl\u00e9tant ainsi l'engagement continu du NIMD en faveur de l'autonomisation des femmes et de leur participation \u00e0 la vie politique dans le monde entier. L'IGC est un r\u00e9seau mondial de leadership qui rassemble des d\u00e9cideurs f\u00e9minins et masculins d\u00e9termin\u00e9s \u00e0 faire tomber les barri\u00e8res entre les sexes et \u00e0 ... <a href=\"https:\/\/nimd.org\/fr\/nimd-executive-director-nominated-as-gender-champion\/\"><\/a><\/p>","protected":false},"author":2,"featured_media":25024,"comment_status":"open","ping_status":"open","sticky":false,"template":"","format":"standard","meta":{"_acf_changed":false,"inline_featured_image":false,"_monsterinsights_skip_tracking":false,"_monsterinsights_sitenote_active":false,"_monsterinsights_sitenote_note":"","_monsterinsights_sitenote_category":0,"footnotes":""},"categories":[99],"tags":[],"countries":[],"theme":[],"class_list":["post-18990","post","type-post","status-publish","format-standard","has-post-thumbnail","hentry","category-news"],"acf":[],"yoast_head":"<!-- This site is optimized with the Yoast SEO Premium plugin v27.1 (Yoast SEO v27.1.1) - https:\/\/yoast.com\/product\/yoast-seo-premium-wordpress\/ -->\n<title>NIMD Executive Director Nominated as Gender Champion - NIMD<\/title>\n<meta name=\"robots\" content=\"index, follow, max-snippet:-1, max-image-preview:large, max-video-preview:-1\" \/>\n<link rel=\"canonical\" href=\"https:\/\/nimd.org\/fr\/nimd-executive-director-nominated-as-gender-champion\/\" \/>\n<meta property=\"og:locale\" content=\"fr_FR\" \/>\n<meta property=\"og:type\" content=\"article\" \/>\n<meta property=\"og:title\" content=\"NIMD Executive Director Nominated as Gender Champion\" \/>\n<meta property=\"og:description\" content=\"We are delighted to announce that NIMD\u2019s Executive Director, Thijs Berman, has joined the International Gender Champions network, reflecting NIMD\u2019s ongoing commitment to empowering women and supporting their participation in politics around the world. The IGC is a global leadership network that brings together female and male decision-makers determined to break down gender barriers\u00a0and make &hellip;\" \/>\n<meta property=\"og:url\" content=\"https:\/\/nimd.org\/fr\/nimd-executive-director-nominated-as-gender-champion\/\" \/>\n<meta property=\"og:site_name\" content=\"NIMD\" \/>\n<meta property=\"article:published_time\" content=\"2022-02-11T08:41:18+00:00\" \/>\n<meta property=\"article:modified_time\" content=\"2025-07-07T06:15:35+00:00\" \/>\n<meta property=\"og:image\" content=\"https:\/\/nimd.org\/wp-content\/uploads\/2025\/04\/gender_champion-2.jpg\" \/>\n\t<meta property=\"og:image:width\" content=\"1029\" \/>\n\t<meta property=\"og:image:height\" content=\"677\" \/>\n\t<meta property=\"og:image:type\" content=\"image\/jpeg\" \/>\n<meta name=\"author\" content=\"superadmin\" \/>\n<meta name=\"twitter:card\" content=\"summary_large_image\" \/>\n<meta name=\"twitter:label1\" content=\"\u00c9crit par\" \/>\n\t<meta name=\"twitter:data1\" content=\"superadmin\" \/>\n\t<meta name=\"twitter:label2\" content=\"Dur\u00e9e de lecture estim\u00e9e\" \/>\n\t<meta name=\"twitter:data2\" content=\"2 minutes\" \/>\n<script type=\"application\/ld+json\" class=\"yoast-schema-graph\">{\"@context\":\"https:\/\/schema.org\",\"@graph\":[{\"@type\":\"Article\",\"@id\":\"https:\/\/nimd.org\/es\/nimd-executive-director-nominated-as-gender-champion\/#article\",\"isPartOf\":{\"@id\":\"https:\/\/nimd.org\/es\/nimd-executive-director-nominated-as-gender-champion\/\"},\"author\":{\"name\":\"superadmin\",\"@id\":\"https:\/\/nimd.org\/fr\/#\/schema\/person\/fecd680c201ede81b56eb098a17ad928\"},\"headline\":\"NIMD Executive Director Nominated as Gender Champion\",\"datePublished\":\"2022-02-11T08:41:18+00:00\",\"dateModified\":\"2025-07-07T06:15:35+00:00\",\"mainEntityOfPage\":{\"@id\":\"https:\/\/nimd.org\/es\/nimd-executive-director-nominated-as-gender-champion\/\"},\"wordCount\":345,\"commentCount\":0,\"image\":{\"@id\":\"https:\/\/nimd.org\/es\/nimd-executive-director-nominated-as-gender-champion\/#primaryimage\"},\"thumbnailUrl\":\"https:\/\/nimd.org\/wp-content\/uploads\/2025\/04\/gender_champion-2.jpg\",\"articleSection\":[\"News\"],\"inLanguage\":\"fr-FR\",\"potentialAction\":[{\"@type\":\"CommentAction\",\"name\":\"Comment\",\"target\":[\"https:\/\/nimd.org\/es\/nimd-executive-director-nominated-as-gender-champion\/#respond\"]}]},{\"@type\":\"WebPage\",\"@id\":\"https:\/\/nimd.org\/es\/nimd-executive-director-nominated-as-gender-champion\/\",\"url\":\"https:\/\/nimd.org\/es\/nimd-executive-director-nominated-as-gender-champion\/\",\"name\":\"NIMD Executive Director Nominated as Gender Champion - NIMD\",\"isPartOf\":{\"@id\":\"https:\/\/nimd.org\/fr\/#website\"},\"primaryImageOfPage\":{\"@id\":\"https:\/\/nimd.org\/es\/nimd-executive-director-nominated-as-gender-champion\/#primaryimage\"},\"image\":{\"@id\":\"https:\/\/nimd.org\/es\/nimd-executive-director-nominated-as-gender-champion\/#primaryimage\"},\"thumbnailUrl\":\"https:\/\/nimd.org\/wp-content\/uploads\/2025\/04\/gender_champion-2.jpg\",\"datePublished\":\"2022-02-11T08:41:18+00:00\",\"dateModified\":\"2025-07-07T06:15:35+00:00\",\"author\":{\"@id\":\"https:\/\/nimd.org\/fr\/#\/schema\/person\/fecd680c201ede81b56eb098a17ad928\"},\"breadcrumb\":{\"@id\":\"https:\/\/nimd.org\/es\/nimd-executive-director-nominated-as-gender-champion\/#breadcrumb\"},\"inLanguage\":\"fr-FR\",\"potentialAction\":[{\"@type\":\"ReadAction\",\"target\":[\"https:\/\/nimd.org\/es\/nimd-executive-director-nominated-as-gender-champion\/\"]}]},{\"@type\":\"ImageObject\",\"inLanguage\":\"fr-FR\",\"@id\":\"https:\/\/nimd.org\/es\/nimd-executive-director-nominated-as-gender-champion\/#primaryimage\",\"url\":\"https:\/\/nimd.org\/wp-content\/uploads\/2025\/04\/gender_champion-2.jpg\",\"contentUrl\":\"https:\/\/nimd.org\/wp-content\/uploads\/2025\/04\/gender_champion-2.jpg\",\"width\":1029,\"height\":677},{\"@type\":\"BreadcrumbList\",\"@id\":\"https:\/\/nimd.org\/es\/nimd-executive-director-nominated-as-gender-champion\/#breadcrumb\",\"itemListElement\":[{\"@type\":\"ListItem\",\"position\":1,\"name\":\"Home\",\"item\":\"https:\/\/nimd.org\/fr\/\"},{\"@type\":\"ListItem\",\"position\":2,\"name\":\"NIMD Executive Director Nominated as Gender Champion\"}]},{\"@type\":\"WebSite\",\"@id\":\"https:\/\/nimd.org\/fr\/#website\",\"url\":\"https:\/\/nimd.org\/fr\/\",\"name\":\"NIMD\",\"description\":\"Democracy Starts With Dialogue\",\"potentialAction\":[{\"@type\":\"SearchAction\",\"target\":{\"@type\":\"EntryPoint\",\"urlTemplate\":\"https:\/\/nimd.org\/fr\/?s={search_term_string}\"},\"query-input\":{\"@type\":\"PropertyValueSpecification\",\"valueRequired\":true,\"valueName\":\"search_term_string\"}}],\"inLanguage\":\"fr-FR\"},{\"@type\":\"Person\",\"@id\":\"https:\/\/nimd.org\/fr\/#\/schema\/person\/fecd680c201ede81b56eb098a17ad928\",\"name\":\"superadmin\",\"image\":{\"@type\":\"ImageObject\",\"inLanguage\":\"fr-FR\",\"@id\":\"https:\/\/nimd.org\/fr\/#\/schema\/person\/image\/\",\"url\":\"https:\/\/secure.gravatar.com\/avatar\/1d1e7ebaf312b717161d349f71f6060e0ed86d7a652cbc37adc644a79988d181?s=96&d=mm&r=g\",\"contentUrl\":\"https:\/\/secure.gravatar.com\/avatar\/1d1e7ebaf312b717161d349f71f6060e0ed86d7a652cbc37adc644a79988d181?s=96&d=mm&r=g\",\"caption\":\"superadmin\"}}]}<\/script>\n<!-- \/ Yoast SEO Premium plugin. -->","yoast_head_json":{"title":"Un directeur ex\u00e9cutif du NIMD nomm\u00e9 champion du genre - NIMD","robots":{"index":"index","follow":"follow","max-snippet":"max-snippet:-1","max-image-preview":"max-image-preview:large","max-video-preview":"max-video-preview:-1"},"canonical":"https:\/\/nimd.org\/fr\/nimd-executive-director-nominated-as-gender-champion\/","og_locale":"fr_FR","og_type":"article","og_title":"NIMD Executive Director Nominated as Gender Champion","og_description":"We are delighted to announce that NIMD\u2019s Executive Director, Thijs Berman, has joined the International Gender Champions network, reflecting NIMD\u2019s ongoing commitment to empowering women and supporting their participation in politics around the world. The IGC is a global leadership network that brings together female and male decision-makers determined to break down gender barriers\u00a0and make &hellip;","og_url":"https:\/\/nimd.org\/fr\/nimd-executive-director-nominated-as-gender-champion\/","og_site_name":"NIMD","article_published_time":"2022-02-11T08:41:18+00:00","article_modified_time":"2025-07-07T06:15:35+00:00","og_image":[{"width":1029,"height":677,"url":"https:\/\/nimd.org\/wp-content\/uploads\/2025\/04\/gender_champion-2.jpg","type":"image\/jpeg"}],"author":"superadmin","twitter_card":"summary_large_image","twitter_misc":{"\u00c9crit par":"superadmin","Dur\u00e9e de lecture estim\u00e9e":"2 minutes"},"schema":{"@context":"https:\/\/schema.org","@graph":[{"@type":"Article","@id":"https:\/\/nimd.org\/es\/nimd-executive-director-nominated-as-gender-champion\/#article","isPartOf":{"@id":"https:\/\/nimd.org\/es\/nimd-executive-director-nominated-as-gender-champion\/"},"author":{"name":"superadmin","@id":"https:\/\/nimd.org\/fr\/#\/schema\/person\/fecd680c201ede81b56eb098a17ad928"},"headline":"NIMD Executive Director Nominated as Gender Champion","datePublished":"2022-02-11T08:41:18+00:00","dateModified":"2025-07-07T06:15:35+00:00","mainEntityOfPage":{"@id":"https:\/\/nimd.org\/es\/nimd-executive-director-nominated-as-gender-champion\/"},"wordCount":345,"commentCount":0,"image":{"@id":"https:\/\/nimd.org\/es\/nimd-executive-director-nominated-as-gender-champion\/#primaryimage"},"thumbnailUrl":"https:\/\/nimd.org\/wp-content\/uploads\/2025\/04\/gender_champion-2.jpg","articleSection":["News"],"inLanguage":"fr-FR","potentialAction":[{"@type":"CommentAction","name":"Comment","target":["https:\/\/nimd.org\/es\/nimd-executive-director-nominated-as-gender-champion\/#respond"]}]},{"@type":"WebPage","@id":"https:\/\/nimd.org\/es\/nimd-executive-director-nominated-as-gender-champion\/","url":"https:\/\/nimd.org\/es\/nimd-executive-director-nominated-as-gender-champion\/","name":"Un directeur ex\u00e9cutif du NIMD nomm\u00e9 champion du genre - NIMD","isPartOf":{"@id":"https:\/\/nimd.org\/fr\/#website"},"primaryImageOfPage":{"@id":"https:\/\/nimd.org\/es\/nimd-executive-director-nominated-as-gender-champion\/#primaryimage"},"image":{"@id":"https:\/\/nimd.org\/es\/nimd-executive-director-nominated-as-gender-champion\/#primaryimage"},"thumbnailUrl":"https:\/\/nimd.org\/wp-content\/uploads\/2025\/04\/gender_champion-2.jpg","datePublished":"2022-02-11T08:41:18+00:00","dateModified":"2025-07-07T06:15:35+00:00","author":{"@id":"https:\/\/nimd.org\/fr\/#\/schema\/person\/fecd680c201ede81b56eb098a17ad928"},"breadcrumb":{"@id":"https:\/\/nimd.org\/es\/nimd-executive-director-nominated-as-gender-champion\/#breadcrumb"},"inLanguage":"fr-FR","potentialAction":[{"@type":"ReadAction","target":["https:\/\/nimd.org\/es\/nimd-executive-director-nominated-as-gender-champion\/"]}]},{"@type":"ImageObject","inLanguage":"fr-FR","@id":"https:\/\/nimd.org\/es\/nimd-executive-director-nominated-as-gender-champion\/#primaryimage","url":"https:\/\/nimd.org\/wp-content\/uploads\/2025\/04\/gender_champion-2.jpg","contentUrl":"https:\/\/nimd.org\/wp-content\/uploads\/2025\/04\/gender_champion-2.jpg","width":1029,"height":677},{"@type":"BreadcrumbList","@id":"https:\/\/nimd.org\/es\/nimd-executive-director-nominated-as-gender-champion\/#breadcrumb","itemListElement":[{"@type":"ListItem","position":1,"name":"Home","item":"https:\/\/nimd.org\/fr\/"},{"@type":"ListItem","position":2,"name":"NIMD Executive Director Nominated as Gender Champion"}]},{"@type":"WebSite","@id":"https:\/\/nimd.org\/fr\/#website","url":"https:\/\/nimd.org\/fr\/","name":"NIMD","description":"La d\u00e9mocratie commence par le dialogue","potentialAction":[{"@type":"SearchAction","target":{"@type":"EntryPoint","urlTemplate":"https:\/\/nimd.org\/fr\/?s={search_term_string}"},"query-input":{"@type":"PropertyValueSpecification","valueRequired":true,"valueName":"search_term_string"}}],"inLanguage":"fr-FR"},{"@type":"Person","@id":"https:\/\/nimd.org\/fr\/#\/schema\/person\/fecd680c201ede81b56eb098a17ad928","name":"superadministrateur","image":{"@type":"ImageObject","inLanguage":"fr-FR","@id":"https:\/\/nimd.org\/fr\/#\/schema\/person\/image\/","url":"https:\/\/secure.gravatar.com\/avatar\/1d1e7ebaf312b717161d349f71f6060e0ed86d7a652cbc37adc644a79988d181?s=96&d=mm&r=g","contentUrl":"https:\/\/secure.gravatar.com\/avatar\/1d1e7ebaf312b717161d349f71f6060e0ed86d7a652cbc37adc644a79988d181?s=96&d=mm&r=g","caption":"superadmin"}}]}},"_links":{"self":[{"href":"https:\/\/nimd.org\/fr\/wp-json\/wp\/v2\/posts\/18990","targetHints":{"allow":["GET"]}}],"collection":[{"href":"https:\/\/nimd.org\/fr\/wp-json\/wp\/v2\/posts"}],"about":[{"href":"https:\/\/nimd.org\/fr\/wp-json\/wp\/v2\/types\/post"}],"author":[{"embeddable":true,"href":"https:\/\/nimd.org\/fr\/wp-json\/wp\/v2\/users\/2"}],"replies":[{"embeddable":true,"href":"https:\/\/nimd.org\/fr\/wp-json\/wp\/v2\/comments?post=18990"}],"version-history":[{"count":7,"href":"https:\/\/nimd.org\/fr\/wp-json\/wp\/v2\/posts\/18990\/revisions"}],"predecessor-version":[{"id":25828,"href":"https:\/\/nimd.org\/fr\/wp-json\/wp\/v2\/posts\/18990\/revisions\/25828"}],"wp:featuredmedia":[{"embeddable":true,"href":"https:\/\/nimd.org\/fr\/wp-json\/wp\/v2\/media\/25024"}],"wp:attachment":[{"href":"https:\/\/nimd.org\/fr\/wp-json\/wp\/v2\/media?parent=18990"}],"wp:term":[{"taxonomy":"category","embeddable":true,"href":"https:\/\/nimd.org\/fr\/wp-json\/wp\/v2\/categories?post=18990"},{"taxonomy":"post_tag","embeddable":true,"href":"https:\/\/nimd.org\/fr\/wp-json\/wp\/v2\/tags?post=18990"},{"taxonomy":"countries","embeddable":true,"href":"https:\/\/nimd.org\/fr\/wp-json\/wp\/v2\/countries?post=18990"},{"taxonomy":"theme","embeddable":true,"href":"https:\/\/nimd.org\/fr\/wp-json\/wp\/v2\/theme?post=18990"}],"curies":[{"name":"wp","href":"https:\/\/api.w.org\/{rel}","templated":true}]}}