{"id":18902,"date":"2020-06-24T15:38:14","date_gmt":"2020-06-24T15:38:14","guid":{"rendered":"https:\/\/nimd.org\/defenddemocracy-a-joint-call\/"},"modified":"2025-06-26T08:40:54","modified_gmt":"2025-06-26T08:40:54","slug":"defenddemocracy-a-joint-call","status":"publish","type":"post","link":"https:\/\/nimd.org\/fr\/defenddemocracy-a-joint-call\/","title":{"rendered":"#DefendDemocracy : Un appel commun"},"content":{"rendered":"<p>Le NIMD a uni ses forces avec plus de <a href=\"http:\/\/nimd.org\/wp-content\/uploads\/2025\/06\/List-of-signatories.pdf\" target=\"_blank\" rel=\"noopener noreferrer\">500 dirigeants politiques et civils, laur\u00e9ats du prix Nobel et institutions pro-d\u00e9mocratiques<\/a> pour signer un <a href=\"http:\/\/nimd.org\/wp-content\/uploads\/2025\/06\/A-Call-to-Defend-Democracy.pdf\" target=\"_blank\" rel=\"noopener noreferrer\">lettre ouverte \u00e0\u00a0<\/a>#DefendDemocracy.<\/p>\n<h3>Pourquoi d\u00e9fendre la d\u00e9mocratie ?<\/h3>\n<p>La pand\u00e9mie de COVID-19 ne menace pas seulement la vie et les moyens de subsistance des populations du monde entier. Il s'agit \u00e9galement d'une crise politique qui menace l'avenir de la d\u00e9mocratie lib\u00e9rale.<\/p>\n<p>Dans le monde entier, de nombreux dirigeants autoritaires se servent de la pand\u00e9mie comme d'une excuse bienvenue pour prendre des mesures r\u00e9pressives. Ils <span style=\"font-weight: 400;\">voir le Coronavirus <\/span><span style=\"font-weight: 400;\">comme un nouveau champ de bataille politique dans leur lutte pour la stigmatisation de l'Europe. <\/span><span style=\"font-weight: 400;\">la d\u00e9mocratie<\/span><span style=\"font-weight: 400;\"> et d'inverser les gains spectaculaires r\u00e9alis\u00e9s au cours des derni\u00e8res d\u00e9cennies<\/span><\/p>\n<p>Pourtant, la d\u00e9mocratie est le syst\u00e8me de gouvernement le mieux adapt\u00e9 pour faire face \u00e0 une crise de l'ampleur et de la complexit\u00e9 de celle-ci.<\/p>\n<p>Des gouvernements \u00e0 l'\u00e9coute de la population, y compris des groupes qui ne sont pas actuellement entendus... Des m\u00e9dias cr\u00e9dibles et libres... Un d\u00e9bat fond\u00e9 sur les faits concernant les options politiques. Tous ces \u00e9l\u00e9ments sont essentiels pour lutter contre la pand\u00e9mie. Et ce sont toutes des valeurs cl\u00e9s de la d\u00e9mocratie.<\/p>\n<h3>Seule la d\u00e9mocratie<\/h3>\n<p>Seule la d\u00e9mocratie permet aux soci\u00e9t\u00e9s d'instaurer la confiance qui leur permet de pers\u00e9v\u00e9rer en cas de crise, de surmonter les profondes divisions soci\u00e9tales gr\u00e2ce \u00e0 une participation et un dialogue inclusifs, et de conserver la confiance dans le fait que les sacrifices seront partag\u00e9s et que les droits de tous les citoyens seront respect\u00e9s.<\/p>\n<p>Ce n'est que par la d\u00e9mocratie que la soci\u00e9t\u00e9 civile ind\u00e9pendante, y compris les femmes et les jeunes, peut \u00eatre habilit\u00e9e \u00e0 travailler en partenariat avec les institutions publiques, \u00e0 contribuer \u00e0 la fourniture de services, \u00e0 aider les citoyens \u00e0 rester inform\u00e9s et engag\u00e9s, et \u00e0 soutenir le moral social et le sens de l'objectif commun.<\/p>\n<p>Et ce n'est que par le biais de la d\u00e9mocratie que des syst\u00e8mes de responsabilit\u00e9 publique peuvent contr\u00f4ler les pouvoirs d'urgence des gouvernements et y mettre fin lorsqu'ils ne sont plus n\u00e9cessaires.<\/p>\n<div style=\"width: 1280px;\" class=\"wp-video\"><video class=\"wp-video-shortcode\" id=\"video-18902-1\" width=\"1280\" height=\"400\" poster=\"http:\/\/nimd.org\/wp-content\/uploads\/2020\/06\/Capture-3.jpg\" preload=\"metadata\" controls=\"controls\"><source type=\"video\/mp4\" src=\"http:\/\/nimd.org\/wp-content\/uploads\/2020\/06\/AccountabilityENGsub.mp4?_=1\" \/><a href=\"http:\/\/nimd.org\/wp-content\/uploads\/2020\/06\/AccountabilityENGsub.mp4\">http:\/\/nimd.org\/wp-content\/uploads\/2020\/06\/AccountabilityENGsub.mp4<\/a><\/video><\/div>\n<p><em>La d\u00e9mocratie, c'est entendre toutes les voix. Il s'agit de prendre des d\u00e9cisions sans exclusive et de tenir compte des diff\u00e9rentes opinions.<\/em><\/p>\n<h3>Notre appel commun<\/h3>\n<p>Dans notre lettre ouverte, nous nous associons aux d\u00e9fenseurs de la d\u00e9mocratie du monde entier pour<span style=\"font-weight: 400;\">\u00a0avertir que<\/span><span style=\"font-weight: 400;\"> les <\/span><span style=\"font-weight: 400;\">libert\u00e9s<\/span><span style=\"font-weight: 400;\"> que nous ch\u00e9rissons sont menac\u00e9s par des gouvernements qui profitent de la crise pour renforcer leur emprise sur le pouvoir.<\/span><\/p>\n<p>Initi\u00e9e par <a href=\"https:\/\/www.idea.int\/\" target=\"_blank\" rel=\"noopener noreferrer\">International IDEA<\/a> et le <a href=\"https:\/\/www.ned.org\/\" target=\"_blank\" rel=\"noopener noreferrer\">Dotation nationale pour la d\u00e9mocratie<\/a>La lettre est soutenue par 73 institutions pro-d\u00e9mocratiques ainsi que par des dirigeants politiques et civiques du monde entier, dont 13 laur\u00e9ats du prix Nobel et 62 anciens chefs d'\u00c9tat et de gouvernement.<\/p>\n<p>Les signataires comprennent non seulement le NIMD Pays-Bas, mais aussi d'autres membres de notre r\u00e9seau, y compris nos bureaux au Salvador et au Guatemala, <a href=\"https:\/\/centralamerica.nimd.org\/nimd-america-central\/\" target=\"_blank\" rel=\"noopener noreferrer\">NIMD El Salvador<\/a> et <a href=\"https:\/\/centralamerica.nimd.org\/nimd-america-central\/\" target=\"_blank\" rel=\"noopener noreferrer\">NIMD Guatemala<\/a>; notre partenaire en Indon\u00e9sie, <a href=\"http:\/\/www.kemitraan.or.id\/\" target=\"_blank\" rel=\"noopener noreferrer\">Kemitraan<\/a>et notre partenaire au Mozambique, l'Association pour le d\u00e9veloppement de l'\u00e9ducation et de la formation tout au long de la vie. <a href=\"http:\/\/www.imd.org.mz\/\" target=\"_blank\" rel=\"noopener noreferrer\">Institut pour la d\u00e9mocratie multipartite<\/a>.<\/p>\n<p><span style=\"font-weight: 400;\">Cette lettre vise \u00e0 sensibiliser et \u00e0 mobiliser les citoyens et les d\u00e9cideurs politiques pour prot\u00e9ger la d\u00e9mocratie. Nous les appelons \u00e0 reconna\u00eetre qu'il s'agit du syst\u00e8me le plus efficace pour g\u00e9rer les crises mondiales tout en prot\u00e9geant les droits de tous les citoyens, en particulier les minorit\u00e9s et les groupes vuln\u00e9rables.<\/span><\/p>\n<p><span style=\"font-weight: 400;\">D\u00e9mocratie<\/span><span style=\"font-weight: 400;\"> est menac\u00e9e, et les personnes qui y sont attach\u00e9es doivent faire preuve de volont\u00e9, de discipline et de solidarit\u00e9 pour la d\u00e9fendre. Ce qui est en jeu, ce sont les <\/span><span style=\"font-weight: 400;\">libert\u00e9<\/span><span style=\"font-weight: 400;\">, <\/span><span style=\"font-weight: 400;\">la sant\u00e9<\/span><span style=\"font-weight: 400;\">et <\/span><span style=\"font-weight: 400;\">dignit\u00e9<\/span><span style=\"font-weight: 400;\"> des personnes partout dans le monde.<\/span><\/p>\n<p>Lire la lettre compl\u00e8te et la liste des signataires <a href=\"http:\/\/nimd.org\/wp-content\/uploads\/2025\/06\/Call-to-Defend-Democracy.pdf\" target=\"_blank\" rel=\"noopener noreferrer\">ici<\/a>.<\/p>","protected":false},"excerpt":{"rendered":"<p>Le NIMD s'est associ\u00e9 \u00e0 plus de 500 dirigeants politiques et civils, laur\u00e9ats du prix Nobel et institutions favorables \u00e0 la d\u00e9mocratie pour signer une lettre ouverte \u00e0 #DefendDemocracy. Pourquoi d\u00e9fendre la d\u00e9mocratie ? La pand\u00e9mie de COVID-19 ne menace pas seulement la vie et les moyens de subsistance des populations du monde entier. Il s'agit \u00e9galement d'une crise politique qui menace l'avenir de la d\u00e9mocratie lib\u00e9rale. ... <a href=\"https:\/\/nimd.org\/fr\/defenddemocracy-a-joint-call\/\"><\/a><\/p>","protected":false},"author":2,"featured_media":24453,"comment_status":"open","ping_status":"open","sticky":false,"template":"","format":"standard","meta":{"_acf_changed":false,"inline_featured_image":false,"_monsterinsights_skip_tracking":false,"_monsterinsights_sitenote_active":false,"_monsterinsights_sitenote_note":"","_monsterinsights_sitenote_category":0,"footnotes":""},"categories":[99],"tags":[],"countries":[],"theme":[],"class_list":["post-18902","post","type-post","status-publish","format-standard","has-post-thumbnail","hentry","category-news"],"acf":[],"yoast_head":"<!-- This site is optimized with the Yoast SEO Premium plugin v27.1 (Yoast SEO v27.1.1) - https:\/\/yoast.com\/product\/yoast-seo-premium-wordpress\/ -->\n<title>#DefendDemocracy: A joint call - NIMD<\/title>\n<meta name=\"robots\" content=\"index, follow, max-snippet:-1, max-image-preview:large, max-video-preview:-1\" \/>\n<link rel=\"canonical\" href=\"https:\/\/nimd.org\/fr\/defenddemocracy-a-joint-call\/\" \/>\n<meta property=\"og:locale\" content=\"fr_FR\" \/>\n<meta property=\"og:type\" content=\"article\" \/>\n<meta property=\"og:title\" content=\"#DefendDemocracy: A joint call\" \/>\n<meta property=\"og:description\" content=\"NIMD has joined forces with more than 500 political and civil leaders, Nobel Laureates and pro-democracy institutions to sign an open letter to\u00a0#DefendDemocracy. Why defend democracy? The COVID-19 pandemic threatens more than the lives and the livelihoods of people throughout the world. It is also a political crisis that threatens the future of liberal democracy. &hellip;\" \/>\n<meta property=\"og:url\" content=\"https:\/\/nimd.org\/fr\/defenddemocracy-a-joint-call\/\" \/>\n<meta property=\"og:site_name\" content=\"NIMD\" \/>\n<meta property=\"article:published_time\" content=\"2020-06-24T15:38:14+00:00\" \/>\n<meta property=\"article:modified_time\" content=\"2025-06-26T08:40:54+00:00\" \/>\n<meta property=\"og:image\" content=\"https:\/\/nimd.org\/wp-content\/uploads\/2025\/04\/Defend-Democracy-scaled-1.jpg\" \/>\n\t<meta property=\"og:image:width\" content=\"2560\" \/>\n\t<meta property=\"og:image:height\" content=\"1344\" \/>\n\t<meta property=\"og:image:type\" content=\"image\/jpeg\" \/>\n<meta name=\"author\" content=\"superadmin\" \/>\n<meta name=\"twitter:card\" content=\"summary_large_image\" \/>\n<meta name=\"twitter:label1\" content=\"\u00c9crit par\" \/>\n\t<meta name=\"twitter:data1\" content=\"superadmin\" \/>\n\t<meta name=\"twitter:label2\" content=\"Dur\u00e9e de lecture estim\u00e9e\" \/>\n\t<meta name=\"twitter:data2\" content=\"3 minutes\" \/>\n<script type=\"application\/ld+json\" class=\"yoast-schema-graph\">{\"@context\":\"https:\/\/schema.org\",\"@graph\":[{\"@type\":\"Article\",\"@id\":\"https:\/\/nimd.org\/fr\/defenddemocracy-a-joint-call\/#article\",\"isPartOf\":{\"@id\":\"https:\/\/nimd.org\/fr\/defenddemocracy-a-joint-call\/\"},\"author\":{\"name\":\"superadmin\",\"@id\":\"https:\/\/nimd.org\/fr\/#\/schema\/person\/fecd680c201ede81b56eb098a17ad928\"},\"headline\":\"#DefendDemocracy: A joint call\",\"datePublished\":\"2020-06-24T15:38:14+00:00\",\"dateModified\":\"2025-06-26T08:40:54+00:00\",\"mainEntityOfPage\":{\"@id\":\"https:\/\/nimd.org\/fr\/defenddemocracy-a-joint-call\/\"},\"wordCount\":520,\"commentCount\":0,\"image\":{\"@id\":\"https:\/\/nimd.org\/fr\/defenddemocracy-a-joint-call\/#primaryimage\"},\"thumbnailUrl\":\"https:\/\/nimd.org\/wp-content\/uploads\/2025\/04\/Defend-Democracy-scaled-1.jpg\",\"articleSection\":[\"News\"],\"inLanguage\":\"fr-FR\",\"potentialAction\":[{\"@type\":\"CommentAction\",\"name\":\"Comment\",\"target\":[\"https:\/\/nimd.org\/fr\/defenddemocracy-a-joint-call\/#respond\"]}]},{\"@type\":\"WebPage\",\"@id\":\"https:\/\/nimd.org\/fr\/defenddemocracy-a-joint-call\/\",\"url\":\"https:\/\/nimd.org\/fr\/defenddemocracy-a-joint-call\/\",\"name\":\"#DefendDemocracy: A joint call - NIMD\",\"isPartOf\":{\"@id\":\"https:\/\/nimd.org\/fr\/#website\"},\"primaryImageOfPage\":{\"@id\":\"https:\/\/nimd.org\/fr\/defenddemocracy-a-joint-call\/#primaryimage\"},\"image\":{\"@id\":\"https:\/\/nimd.org\/fr\/defenddemocracy-a-joint-call\/#primaryimage\"},\"thumbnailUrl\":\"https:\/\/nimd.org\/wp-content\/uploads\/2025\/04\/Defend-Democracy-scaled-1.jpg\",\"datePublished\":\"2020-06-24T15:38:14+00:00\",\"dateModified\":\"2025-06-26T08:40:54+00:00\",\"author\":{\"@id\":\"https:\/\/nimd.org\/fr\/#\/schema\/person\/fecd680c201ede81b56eb098a17ad928\"},\"breadcrumb\":{\"@id\":\"https:\/\/nimd.org\/fr\/defenddemocracy-a-joint-call\/#breadcrumb\"},\"inLanguage\":\"fr-FR\",\"potentialAction\":[{\"@type\":\"ReadAction\",\"target\":[\"https:\/\/nimd.org\/fr\/defenddemocracy-a-joint-call\/\"]}]},{\"@type\":\"ImageObject\",\"inLanguage\":\"fr-FR\",\"@id\":\"https:\/\/nimd.org\/fr\/defenddemocracy-a-joint-call\/#primaryimage\",\"url\":\"https:\/\/nimd.org\/wp-content\/uploads\/2025\/04\/Defend-Democracy-scaled-1.jpg\",\"contentUrl\":\"https:\/\/nimd.org\/wp-content\/uploads\/2025\/04\/Defend-Democracy-scaled-1.jpg\",\"width\":2560,\"height\":1344,\"caption\":\"Elections are an important part of democracy, but they're not the whole story. True democracy also encompasses values such as dialogue, accountability, diversity and inclusiveness.\"},{\"@type\":\"BreadcrumbList\",\"@id\":\"https:\/\/nimd.org\/fr\/defenddemocracy-a-joint-call\/#breadcrumb\",\"itemListElement\":[{\"@type\":\"ListItem\",\"position\":1,\"name\":\"Home\",\"item\":\"https:\/\/nimd.org\/fr\/\"},{\"@type\":\"ListItem\",\"position\":2,\"name\":\"#DefendDemocracy: A joint call\"}]},{\"@type\":\"WebSite\",\"@id\":\"https:\/\/nimd.org\/fr\/#website\",\"url\":\"https:\/\/nimd.org\/fr\/\",\"name\":\"NIMD\",\"description\":\"Democracy Starts With Dialogue\",\"potentialAction\":[{\"@type\":\"SearchAction\",\"target\":{\"@type\":\"EntryPoint\",\"urlTemplate\":\"https:\/\/nimd.org\/fr\/?s={search_term_string}\"},\"query-input\":{\"@type\":\"PropertyValueSpecification\",\"valueRequired\":true,\"valueName\":\"search_term_string\"}}],\"inLanguage\":\"fr-FR\"},{\"@type\":\"Person\",\"@id\":\"https:\/\/nimd.org\/fr\/#\/schema\/person\/fecd680c201ede81b56eb098a17ad928\",\"name\":\"superadmin\",\"image\":{\"@type\":\"ImageObject\",\"inLanguage\":\"fr-FR\",\"@id\":\"https:\/\/nimd.org\/fr\/#\/schema\/person\/image\/\",\"url\":\"https:\/\/secure.gravatar.com\/avatar\/1d1e7ebaf312b717161d349f71f6060e0ed86d7a652cbc37adc644a79988d181?s=96&d=mm&r=g\",\"contentUrl\":\"https:\/\/secure.gravatar.com\/avatar\/1d1e7ebaf312b717161d349f71f6060e0ed86d7a652cbc37adc644a79988d181?s=96&d=mm&r=g\",\"caption\":\"superadmin\"}}]}<\/script>\n<!-- \/ Yoast SEO Premium plugin. -->","yoast_head_json":{"title":"#DefendDemocracy : Un appel commun - NIMD","robots":{"index":"index","follow":"follow","max-snippet":"max-snippet:-1","max-image-preview":"max-image-preview:large","max-video-preview":"max-video-preview:-1"},"canonical":"https:\/\/nimd.org\/fr\/defenddemocracy-a-joint-call\/","og_locale":"fr_FR","og_type":"article","og_title":"#DefendDemocracy: A joint call","og_description":"NIMD has joined forces with more than 500 political and civil leaders, Nobel Laureates and pro-democracy institutions to sign an open letter to\u00a0#DefendDemocracy. Why defend democracy? The COVID-19 pandemic threatens more than the lives and the livelihoods of people throughout the world. It is also a political crisis that threatens the future of liberal democracy. &hellip;","og_url":"https:\/\/nimd.org\/fr\/defenddemocracy-a-joint-call\/","og_site_name":"NIMD","article_published_time":"2020-06-24T15:38:14+00:00","article_modified_time":"2025-06-26T08:40:54+00:00","og_image":[{"width":2560,"height":1344,"url":"https:\/\/nimd.org\/wp-content\/uploads\/2025\/04\/Defend-Democracy-scaled-1.jpg","type":"image\/jpeg"}],"author":"superadmin","twitter_card":"summary_large_image","twitter_misc":{"\u00c9crit par":"superadmin","Dur\u00e9e de lecture estim\u00e9e":"3 minutes"},"schema":{"@context":"https:\/\/schema.org","@graph":[{"@type":"Article","@id":"https:\/\/nimd.org\/fr\/defenddemocracy-a-joint-call\/#article","isPartOf":{"@id":"https:\/\/nimd.org\/fr\/defenddemocracy-a-joint-call\/"},"author":{"name":"superadmin","@id":"https:\/\/nimd.org\/fr\/#\/schema\/person\/fecd680c201ede81b56eb098a17ad928"},"headline":"#DefendDemocracy: A joint call","datePublished":"2020-06-24T15:38:14+00:00","dateModified":"2025-06-26T08:40:54+00:00","mainEntityOfPage":{"@id":"https:\/\/nimd.org\/fr\/defenddemocracy-a-joint-call\/"},"wordCount":520,"commentCount":0,"image":{"@id":"https:\/\/nimd.org\/fr\/defenddemocracy-a-joint-call\/#primaryimage"},"thumbnailUrl":"https:\/\/nimd.org\/wp-content\/uploads\/2025\/04\/Defend-Democracy-scaled-1.jpg","articleSection":["News"],"inLanguage":"fr-FR","potentialAction":[{"@type":"CommentAction","name":"Comment","target":["https:\/\/nimd.org\/fr\/defenddemocracy-a-joint-call\/#respond"]}]},{"@type":"WebPage","@id":"https:\/\/nimd.org\/fr\/defenddemocracy-a-joint-call\/","url":"https:\/\/nimd.org\/fr\/defenddemocracy-a-joint-call\/","name":"#DefendDemocracy : Un appel commun - NIMD","isPartOf":{"@id":"https:\/\/nimd.org\/fr\/#website"},"primaryImageOfPage":{"@id":"https:\/\/nimd.org\/fr\/defenddemocracy-a-joint-call\/#primaryimage"},"image":{"@id":"https:\/\/nimd.org\/fr\/defenddemocracy-a-joint-call\/#primaryimage"},"thumbnailUrl":"https:\/\/nimd.org\/wp-content\/uploads\/2025\/04\/Defend-Democracy-scaled-1.jpg","datePublished":"2020-06-24T15:38:14+00:00","dateModified":"2025-06-26T08:40:54+00:00","author":{"@id":"https:\/\/nimd.org\/fr\/#\/schema\/person\/fecd680c201ede81b56eb098a17ad928"},"breadcrumb":{"@id":"https:\/\/nimd.org\/fr\/defenddemocracy-a-joint-call\/#breadcrumb"},"inLanguage":"fr-FR","potentialAction":[{"@type":"ReadAction","target":["https:\/\/nimd.org\/fr\/defenddemocracy-a-joint-call\/"]}]},{"@type":"ImageObject","inLanguage":"fr-FR","@id":"https:\/\/nimd.org\/fr\/defenddemocracy-a-joint-call\/#primaryimage","url":"https:\/\/nimd.org\/wp-content\/uploads\/2025\/04\/Defend-Democracy-scaled-1.jpg","contentUrl":"https:\/\/nimd.org\/wp-content\/uploads\/2025\/04\/Defend-Democracy-scaled-1.jpg","width":2560,"height":1344,"caption":"Elections are an important part of democracy, but they're not the whole story. True democracy also encompasses values such as dialogue, accountability, diversity and inclusiveness."},{"@type":"BreadcrumbList","@id":"https:\/\/nimd.org\/fr\/defenddemocracy-a-joint-call\/#breadcrumb","itemListElement":[{"@type":"ListItem","position":1,"name":"Home","item":"https:\/\/nimd.org\/fr\/"},{"@type":"ListItem","position":2,"name":"#DefendDemocracy: A joint call"}]},{"@type":"WebSite","@id":"https:\/\/nimd.org\/fr\/#website","url":"https:\/\/nimd.org\/fr\/","name":"NIMD","description":"La d\u00e9mocratie commence par le dialogue","potentialAction":[{"@type":"SearchAction","target":{"@type":"EntryPoint","urlTemplate":"https:\/\/nimd.org\/fr\/?s={search_term_string}"},"query-input":{"@type":"PropertyValueSpecification","valueRequired":true,"valueName":"search_term_string"}}],"inLanguage":"fr-FR"},{"@type":"Person","@id":"https:\/\/nimd.org\/fr\/#\/schema\/person\/fecd680c201ede81b56eb098a17ad928","name":"superadministrateur","image":{"@type":"ImageObject","inLanguage":"fr-FR","@id":"https:\/\/nimd.org\/fr\/#\/schema\/person\/image\/","url":"https:\/\/secure.gravatar.com\/avatar\/1d1e7ebaf312b717161d349f71f6060e0ed86d7a652cbc37adc644a79988d181?s=96&d=mm&r=g","contentUrl":"https:\/\/secure.gravatar.com\/avatar\/1d1e7ebaf312b717161d349f71f6060e0ed86d7a652cbc37adc644a79988d181?s=96&d=mm&r=g","caption":"superadmin"}}]}},"_links":{"self":[{"href":"https:\/\/nimd.org\/fr\/wp-json\/wp\/v2\/posts\/18902","targetHints":{"allow":["GET"]}}],"collection":[{"href":"https:\/\/nimd.org\/fr\/wp-json\/wp\/v2\/posts"}],"about":[{"href":"https:\/\/nimd.org\/fr\/wp-json\/wp\/v2\/types\/post"}],"author":[{"embeddable":true,"href":"https:\/\/nimd.org\/fr\/wp-json\/wp\/v2\/users\/2"}],"replies":[{"embeddable":true,"href":"https:\/\/nimd.org\/fr\/wp-json\/wp\/v2\/comments?post=18902"}],"version-history":[{"count":2,"href":"https:\/\/nimd.org\/fr\/wp-json\/wp\/v2\/posts\/18902\/revisions"}],"predecessor-version":[{"id":25564,"href":"https:\/\/nimd.org\/fr\/wp-json\/wp\/v2\/posts\/18902\/revisions\/25564"}],"wp:featuredmedia":[{"embeddable":true,"href":"https:\/\/nimd.org\/fr\/wp-json\/wp\/v2\/media\/24453"}],"wp:attachment":[{"href":"https:\/\/nimd.org\/fr\/wp-json\/wp\/v2\/media?parent=18902"}],"wp:term":[{"taxonomy":"category","embeddable":true,"href":"https:\/\/nimd.org\/fr\/wp-json\/wp\/v2\/categories?post=18902"},{"taxonomy":"post_tag","embeddable":true,"href":"https:\/\/nimd.org\/fr\/wp-json\/wp\/v2\/tags?post=18902"},{"taxonomy":"countries","embeddable":true,"href":"https:\/\/nimd.org\/fr\/wp-json\/wp\/v2\/countries?post=18902"},{"taxonomy":"theme","embeddable":true,"href":"https:\/\/nimd.org\/fr\/wp-json\/wp\/v2\/theme?post=18902"}],"curies":[{"name":"wp","href":"https:\/\/api.w.org\/{rel}","templated":true}]}}