{"id":18828,"date":"2019-10-11T15:20:02","date_gmt":"2019-10-11T15:20:02","guid":{"rendered":"https:\/\/nimd.org\/statement-on-attack-on-anastacio-matavel-in-mozambique\/"},"modified":"2025-04-07T08:03:20","modified_gmt":"2025-04-07T08:03:20","slug":"statement-on-attack-on-anastacio-matavel-in-mozambique","status":"publish","type":"post","link":"https:\/\/nimd.org\/fr\/statement-on-attack-on-anastacio-matavel-in-mozambique\/","title":{"rendered":"D\u00e9claration sur l'attentat contre Anast\u00e1cio Matavel au Mozambique"},"content":{"rendered":"<p>Le NIMD condamne fermement l'attaque qui a entra\u00een\u00e9 la mort d'Anast\u00e1cio Matavel, le coordinateur r\u00e9gional de l'Institut national de la d\u00e9mocratie et des droits de l'homme. <em>Sala da Paz<\/em> (Salle de la Paix) dans la province de Gaza au Mozambique. Il a \u00e9t\u00e9 assassin\u00e9 dans la matin\u00e9e du 7 octobre \u00e0 la sortie d'une session de formation destin\u00e9e aux observateurs nationaux.<\/p>\n<p>M. Matavel \u00e9tait le directeur ex\u00e9cutif du Forum des ONG (FONGA) et le coordinateur r\u00e9gional pour la province de Gaza pour le compte de la Commission europ\u00e9enne. <em>Sala da Paz<\/em>. Les <em>Sala da Paz <\/em>est un consortium d'observation civique des \u00e9lections coordonn\u00e9 par l'Agence europ\u00e9enne des droits fondamentaux. <em>Instituto para Democracia Multipartid\u00e1ria (Institut pour la d\u00e9mocratie multipartite)<\/em> (IMD Mozambique). La NIMD est un partenaire de longue date de l'IMD Mozambique dans le renforcement de la d\u00e9mocratie au Mozambique. Dans ce cadre, nous soutenons le <em>Sala da Paz<\/em> plate-forme.<\/p>\n<p>Le NIMD demande instamment aux autorit\u00e9s nationales du Mozambique de veiller \u00e0 ce que la soci\u00e9t\u00e9 civile puisse op\u00e9rer dans un environnement s\u00fbr afin de faire progresser la d\u00e9mocratie dans le pays. Les initiatives locales d'observation civique des \u00e9lections, comme le <em>Sala da Paz,<\/em> sont importantes car elles contribuent \u00e0 renforcer la confiance du public dans les prochaines \u00e9lections au Mozambique.<\/p>\n<p>En outre, le NIMD appelle les autorit\u00e9s nationales \u00e0 garantir la s\u00e9curit\u00e9 de tous les citoyens avant, pendant et apr\u00e8s les \u00e9lections du 15 octobre, afin de garantir des \u00e9lections pacifiques, libres et \u00e9quitables.<\/p>\n<p>Nous pr\u00e9sentons nos plus sinc\u00e8res condol\u00e9ances et exprimons notre solidarit\u00e9 avec la famille, les amis et les coll\u00e8gues d'Anast\u00e1cio Matavel.<\/p>","protected":false},"excerpt":{"rendered":"<p>Le NIMD condamne fermement l'attaque qui a entra\u00een\u00e9 la mort d'Anast\u00e1cio Matavel, le coordinateur r\u00e9gional de Sala da Paz (Salle de la Paix) dans la province de Gaza au Mozambique. Il a \u00e9t\u00e9 assassin\u00e9 dans la matin\u00e9e du 7 octobre \u00e0 la sortie d'une session de formation destin\u00e9e aux observateurs nationaux. M. Matavel \u00e9tait le directeur ex\u00e9cutif du Forum des ONG ... <a href=\"https:\/\/nimd.org\/fr\/statement-on-attack-on-anastacio-matavel-in-mozambique\/\"><\/a><\/p>","protected":false},"author":2,"featured_media":22392,"comment_status":"open","ping_status":"open","sticky":false,"template":"","format":"standard","meta":{"_acf_changed":false,"inline_featured_image":false,"_monsterinsights_skip_tracking":false,"_monsterinsights_sitenote_active":false,"_monsterinsights_sitenote_note":"","_monsterinsights_sitenote_category":0,"footnotes":""},"categories":[1],"tags":[],"countries":[90],"theme":[],"class_list":["post-18828","post","type-post","status-publish","format-standard","has-post-thumbnail","hentry","category-uncategorized","countries-mozambique"],"acf":[],"yoast_head":"<!-- This site is optimized with the Yoast SEO Premium plugin v27.1 (Yoast SEO v27.1.1) - https:\/\/yoast.com\/product\/yoast-seo-premium-wordpress\/ -->\n<title>Statement on attack on Anast\u00e1cio Matavel in Mozambique - NIMD<\/title>\n<meta name=\"robots\" content=\"index, follow, max-snippet:-1, max-image-preview:large, max-video-preview:-1\" \/>\n<link rel=\"canonical\" href=\"https:\/\/nimd.org\/fr\/statement-on-attack-on-anastacio-matavel-in-mozambique\/\" \/>\n<meta property=\"og:locale\" content=\"fr_FR\" \/>\n<meta property=\"og:type\" content=\"article\" \/>\n<meta property=\"og:title\" content=\"Statement on attack on Anast\u00e1cio Matavel in Mozambique\" \/>\n<meta property=\"og:description\" content=\"NIMD strongly condemns the attack that resulted in the death of Anast\u00e1cio Matavel, the regional coordinator of Sala da Paz (Peace Room) in the Gaza province of Mozambique. He\u00a0was murdered on the morning of 7 October upon leaving a training session for national observers. Mr Matavel was the Executive Director of the Forum of NGOs &hellip;\" \/>\n<meta property=\"og:url\" content=\"https:\/\/nimd.org\/fr\/statement-on-attack-on-anastacio-matavel-in-mozambique\/\" \/>\n<meta property=\"og:site_name\" content=\"NIMD\" \/>\n<meta property=\"article:published_time\" content=\"2019-10-11T15:20:02+00:00\" \/>\n<meta property=\"article:modified_time\" content=\"2025-04-07T08:03:20+00:00\" \/>\n<meta property=\"og:image\" content=\"https:\/\/nimd.org\/wp-content\/uploads\/2025\/02\/STATEMENT-1.jpg\" \/>\n\t<meta property=\"og:image:width\" content=\"900\" \/>\n\t<meta property=\"og:image:height\" content=\"600\" \/>\n\t<meta property=\"og:image:type\" content=\"image\/jpeg\" \/>\n<meta name=\"author\" content=\"superadmin\" \/>\n<meta name=\"twitter:card\" content=\"summary_large_image\" \/>\n<meta name=\"twitter:label1\" content=\"\u00c9crit par\" \/>\n\t<meta name=\"twitter:data1\" content=\"superadmin\" \/>\n\t<meta name=\"twitter:label2\" content=\"Dur\u00e9e de lecture estim\u00e9e\" \/>\n\t<meta name=\"twitter:data2\" content=\"1 minute\" \/>\n<script type=\"application\/ld+json\" class=\"yoast-schema-graph\">{\"@context\":\"https:\/\/schema.org\",\"@graph\":[{\"@type\":\"Article\",\"@id\":\"https:\/\/nimd.org\/statement-on-attack-on-anastacio-matavel-in-mozambique\/#article\",\"isPartOf\":{\"@id\":\"https:\/\/nimd.org\/statement-on-attack-on-anastacio-matavel-in-mozambique\/\"},\"author\":{\"name\":\"superadmin\",\"@id\":\"https:\/\/nimd.org\/fr\/#\/schema\/person\/fecd680c201ede81b56eb098a17ad928\"},\"headline\":\"Statement on attack on Anast\u00e1cio Matavel in Mozambique\",\"datePublished\":\"2019-10-11T15:20:02+00:00\",\"dateModified\":\"2025-04-07T08:03:20+00:00\",\"mainEntityOfPage\":{\"@id\":\"https:\/\/nimd.org\/statement-on-attack-on-anastacio-matavel-in-mozambique\/\"},\"wordCount\":220,\"commentCount\":0,\"image\":{\"@id\":\"https:\/\/nimd.org\/statement-on-attack-on-anastacio-matavel-in-mozambique\/#primaryimage\"},\"thumbnailUrl\":\"https:\/\/nimd.org\/wp-content\/uploads\/2025\/02\/STATEMENT-1.jpg\",\"articleSection\":[\"Uncategorized\"],\"inLanguage\":\"fr-FR\",\"potentialAction\":[{\"@type\":\"CommentAction\",\"name\":\"Comment\",\"target\":[\"https:\/\/nimd.org\/statement-on-attack-on-anastacio-matavel-in-mozambique\/#respond\"]}]},{\"@type\":\"WebPage\",\"@id\":\"https:\/\/nimd.org\/statement-on-attack-on-anastacio-matavel-in-mozambique\/\",\"url\":\"https:\/\/nimd.org\/statement-on-attack-on-anastacio-matavel-in-mozambique\/\",\"name\":\"Statement on attack on Anast\u00e1cio Matavel in Mozambique - NIMD\",\"isPartOf\":{\"@id\":\"https:\/\/nimd.org\/fr\/#website\"},\"primaryImageOfPage\":{\"@id\":\"https:\/\/nimd.org\/statement-on-attack-on-anastacio-matavel-in-mozambique\/#primaryimage\"},\"image\":{\"@id\":\"https:\/\/nimd.org\/statement-on-attack-on-anastacio-matavel-in-mozambique\/#primaryimage\"},\"thumbnailUrl\":\"https:\/\/nimd.org\/wp-content\/uploads\/2025\/02\/STATEMENT-1.jpg\",\"datePublished\":\"2019-10-11T15:20:02+00:00\",\"dateModified\":\"2025-04-07T08:03:20+00:00\",\"author\":{\"@id\":\"https:\/\/nimd.org\/fr\/#\/schema\/person\/fecd680c201ede81b56eb098a17ad928\"},\"breadcrumb\":{\"@id\":\"https:\/\/nimd.org\/statement-on-attack-on-anastacio-matavel-in-mozambique\/#breadcrumb\"},\"inLanguage\":\"fr-FR\",\"potentialAction\":[{\"@type\":\"ReadAction\",\"target\":[\"https:\/\/nimd.org\/statement-on-attack-on-anastacio-matavel-in-mozambique\/\"]}]},{\"@type\":\"ImageObject\",\"inLanguage\":\"fr-FR\",\"@id\":\"https:\/\/nimd.org\/statement-on-attack-on-anastacio-matavel-in-mozambique\/#primaryimage\",\"url\":\"https:\/\/nimd.org\/wp-content\/uploads\/2025\/02\/STATEMENT-1.jpg\",\"contentUrl\":\"https:\/\/nimd.org\/wp-content\/uploads\/2025\/02\/STATEMENT-1.jpg\",\"width\":900,\"height\":600,\"caption\":\"Mr. Badawi protesting with the sign which authorities have detained him for. The Arabic reads: \\\"Don't amend the Constitution.\\\"\"},{\"@type\":\"BreadcrumbList\",\"@id\":\"https:\/\/nimd.org\/statement-on-attack-on-anastacio-matavel-in-mozambique\/#breadcrumb\",\"itemListElement\":[{\"@type\":\"ListItem\",\"position\":1,\"name\":\"Home\",\"item\":\"https:\/\/nimd.org\/fr\/\"},{\"@type\":\"ListItem\",\"position\":2,\"name\":\"Statement on attack on Anast\u00e1cio Matavel in Mozambique\"}]},{\"@type\":\"WebSite\",\"@id\":\"https:\/\/nimd.org\/fr\/#website\",\"url\":\"https:\/\/nimd.org\/fr\/\",\"name\":\"NIMD\",\"description\":\"Democracy Starts With Dialogue\",\"potentialAction\":[{\"@type\":\"SearchAction\",\"target\":{\"@type\":\"EntryPoint\",\"urlTemplate\":\"https:\/\/nimd.org\/fr\/?s={search_term_string}\"},\"query-input\":{\"@type\":\"PropertyValueSpecification\",\"valueRequired\":true,\"valueName\":\"search_term_string\"}}],\"inLanguage\":\"fr-FR\"},{\"@type\":\"Person\",\"@id\":\"https:\/\/nimd.org\/fr\/#\/schema\/person\/fecd680c201ede81b56eb098a17ad928\",\"name\":\"superadmin\",\"image\":{\"@type\":\"ImageObject\",\"inLanguage\":\"fr-FR\",\"@id\":\"https:\/\/nimd.org\/fr\/#\/schema\/person\/image\/\",\"url\":\"https:\/\/secure.gravatar.com\/avatar\/1d1e7ebaf312b717161d349f71f6060e0ed86d7a652cbc37adc644a79988d181?s=96&d=mm&r=g\",\"contentUrl\":\"https:\/\/secure.gravatar.com\/avatar\/1d1e7ebaf312b717161d349f71f6060e0ed86d7a652cbc37adc644a79988d181?s=96&d=mm&r=g\",\"caption\":\"superadmin\"}}]}<\/script>\n<!-- \/ Yoast SEO Premium plugin. -->","yoast_head_json":{"title":"D\u00e9claration sur l'attentat contre Anast\u00e1cio Matavel au Mozambique - NIMD","robots":{"index":"index","follow":"follow","max-snippet":"max-snippet:-1","max-image-preview":"max-image-preview:large","max-video-preview":"max-video-preview:-1"},"canonical":"https:\/\/nimd.org\/fr\/statement-on-attack-on-anastacio-matavel-in-mozambique\/","og_locale":"fr_FR","og_type":"article","og_title":"Statement on attack on Anast\u00e1cio Matavel in Mozambique","og_description":"NIMD strongly condemns the attack that resulted in the death of Anast\u00e1cio Matavel, the regional coordinator of Sala da Paz (Peace Room) in the Gaza province of Mozambique. He\u00a0was murdered on the morning of 7 October upon leaving a training session for national observers. Mr Matavel was the Executive Director of the Forum of NGOs &hellip;","og_url":"https:\/\/nimd.org\/fr\/statement-on-attack-on-anastacio-matavel-in-mozambique\/","og_site_name":"NIMD","article_published_time":"2019-10-11T15:20:02+00:00","article_modified_time":"2025-04-07T08:03:20+00:00","og_image":[{"width":900,"height":600,"url":"https:\/\/nimd.org\/wp-content\/uploads\/2025\/02\/STATEMENT-1.jpg","type":"image\/jpeg"}],"author":"superadmin","twitter_card":"summary_large_image","twitter_misc":{"\u00c9crit par":"superadmin","Dur\u00e9e de lecture estim\u00e9e":"1 minute"},"schema":{"@context":"https:\/\/schema.org","@graph":[{"@type":"Article","@id":"https:\/\/nimd.org\/statement-on-attack-on-anastacio-matavel-in-mozambique\/#article","isPartOf":{"@id":"https:\/\/nimd.org\/statement-on-attack-on-anastacio-matavel-in-mozambique\/"},"author":{"name":"superadmin","@id":"https:\/\/nimd.org\/fr\/#\/schema\/person\/fecd680c201ede81b56eb098a17ad928"},"headline":"Statement on attack on Anast\u00e1cio Matavel in Mozambique","datePublished":"2019-10-11T15:20:02+00:00","dateModified":"2025-04-07T08:03:20+00:00","mainEntityOfPage":{"@id":"https:\/\/nimd.org\/statement-on-attack-on-anastacio-matavel-in-mozambique\/"},"wordCount":220,"commentCount":0,"image":{"@id":"https:\/\/nimd.org\/statement-on-attack-on-anastacio-matavel-in-mozambique\/#primaryimage"},"thumbnailUrl":"https:\/\/nimd.org\/wp-content\/uploads\/2025\/02\/STATEMENT-1.jpg","articleSection":["Uncategorized"],"inLanguage":"fr-FR","potentialAction":[{"@type":"CommentAction","name":"Comment","target":["https:\/\/nimd.org\/statement-on-attack-on-anastacio-matavel-in-mozambique\/#respond"]}]},{"@type":"WebPage","@id":"https:\/\/nimd.org\/statement-on-attack-on-anastacio-matavel-in-mozambique\/","url":"https:\/\/nimd.org\/statement-on-attack-on-anastacio-matavel-in-mozambique\/","name":"D\u00e9claration sur l'attentat contre Anast\u00e1cio Matavel au Mozambique - NIMD","isPartOf":{"@id":"https:\/\/nimd.org\/fr\/#website"},"primaryImageOfPage":{"@id":"https:\/\/nimd.org\/statement-on-attack-on-anastacio-matavel-in-mozambique\/#primaryimage"},"image":{"@id":"https:\/\/nimd.org\/statement-on-attack-on-anastacio-matavel-in-mozambique\/#primaryimage"},"thumbnailUrl":"https:\/\/nimd.org\/wp-content\/uploads\/2025\/02\/STATEMENT-1.jpg","datePublished":"2019-10-11T15:20:02+00:00","dateModified":"2025-04-07T08:03:20+00:00","author":{"@id":"https:\/\/nimd.org\/fr\/#\/schema\/person\/fecd680c201ede81b56eb098a17ad928"},"breadcrumb":{"@id":"https:\/\/nimd.org\/statement-on-attack-on-anastacio-matavel-in-mozambique\/#breadcrumb"},"inLanguage":"fr-FR","potentialAction":[{"@type":"ReadAction","target":["https:\/\/nimd.org\/statement-on-attack-on-anastacio-matavel-in-mozambique\/"]}]},{"@type":"ImageObject","inLanguage":"fr-FR","@id":"https:\/\/nimd.org\/statement-on-attack-on-anastacio-matavel-in-mozambique\/#primaryimage","url":"https:\/\/nimd.org\/wp-content\/uploads\/2025\/02\/STATEMENT-1.jpg","contentUrl":"https:\/\/nimd.org\/wp-content\/uploads\/2025\/02\/STATEMENT-1.jpg","width":900,"height":600,"caption":"Mr. Badawi protesting with the sign which authorities have detained him for. The Arabic reads: \"Don't amend the Constitution.\""},{"@type":"BreadcrumbList","@id":"https:\/\/nimd.org\/statement-on-attack-on-anastacio-matavel-in-mozambique\/#breadcrumb","itemListElement":[{"@type":"ListItem","position":1,"name":"Home","item":"https:\/\/nimd.org\/fr\/"},{"@type":"ListItem","position":2,"name":"Statement on attack on Anast\u00e1cio Matavel in Mozambique"}]},{"@type":"WebSite","@id":"https:\/\/nimd.org\/fr\/#website","url":"https:\/\/nimd.org\/fr\/","name":"NIMD","description":"La d\u00e9mocratie commence par le dialogue","potentialAction":[{"@type":"SearchAction","target":{"@type":"EntryPoint","urlTemplate":"https:\/\/nimd.org\/fr\/?s={search_term_string}"},"query-input":{"@type":"PropertyValueSpecification","valueRequired":true,"valueName":"search_term_string"}}],"inLanguage":"fr-FR"},{"@type":"Person","@id":"https:\/\/nimd.org\/fr\/#\/schema\/person\/fecd680c201ede81b56eb098a17ad928","name":"superadministrateur","image":{"@type":"ImageObject","inLanguage":"fr-FR","@id":"https:\/\/nimd.org\/fr\/#\/schema\/person\/image\/","url":"https:\/\/secure.gravatar.com\/avatar\/1d1e7ebaf312b717161d349f71f6060e0ed86d7a652cbc37adc644a79988d181?s=96&d=mm&r=g","contentUrl":"https:\/\/secure.gravatar.com\/avatar\/1d1e7ebaf312b717161d349f71f6060e0ed86d7a652cbc37adc644a79988d181?s=96&d=mm&r=g","caption":"superadmin"}}]}},"_links":{"self":[{"href":"https:\/\/nimd.org\/fr\/wp-json\/wp\/v2\/posts\/18828","targetHints":{"allow":["GET"]}}],"collection":[{"href":"https:\/\/nimd.org\/fr\/wp-json\/wp\/v2\/posts"}],"about":[{"href":"https:\/\/nimd.org\/fr\/wp-json\/wp\/v2\/types\/post"}],"author":[{"embeddable":true,"href":"https:\/\/nimd.org\/fr\/wp-json\/wp\/v2\/users\/2"}],"replies":[{"embeddable":true,"href":"https:\/\/nimd.org\/fr\/wp-json\/wp\/v2\/comments?post=18828"}],"version-history":[{"count":1,"href":"https:\/\/nimd.org\/fr\/wp-json\/wp\/v2\/posts\/18828\/revisions"}],"predecessor-version":[{"id":23256,"href":"https:\/\/nimd.org\/fr\/wp-json\/wp\/v2\/posts\/18828\/revisions\/23256"}],"wp:featuredmedia":[{"embeddable":true,"href":"https:\/\/nimd.org\/fr\/wp-json\/wp\/v2\/media\/22392"}],"wp:attachment":[{"href":"https:\/\/nimd.org\/fr\/wp-json\/wp\/v2\/media?parent=18828"}],"wp:term":[{"taxonomy":"category","embeddable":true,"href":"https:\/\/nimd.org\/fr\/wp-json\/wp\/v2\/categories?post=18828"},{"taxonomy":"post_tag","embeddable":true,"href":"https:\/\/nimd.org\/fr\/wp-json\/wp\/v2\/tags?post=18828"},{"taxonomy":"countries","embeddable":true,"href":"https:\/\/nimd.org\/fr\/wp-json\/wp\/v2\/countries?post=18828"},{"taxonomy":"theme","embeddable":true,"href":"https:\/\/nimd.org\/fr\/wp-json\/wp\/v2\/theme?post=18828"}],"curies":[{"name":"wp","href":"https:\/\/api.w.org\/{rel}","templated":true}]}}