{"id":18724,"date":"2018-08-30T15:46:07","date_gmt":"2018-08-30T15:46:07","guid":{"rendered":"https:\/\/nimd.org\/were-in-this-together-the-long-fight-against-corruption-in-colombia\/"},"modified":"2025-04-07T08:00:26","modified_gmt":"2025-04-07T08:00:26","slug":"were-in-this-together-the-long-fight-against-corruption-in-colombia","status":"publish","type":"post","link":"https:\/\/nimd.org\/fr\/were-in-this-together-the-long-fight-against-corruption-in-colombia\/","title":{"rendered":"Nous sommes dans le m\u00eame bateau : La longue lutte contre la corruption en Colombie"},"content":{"rendered":"<p><strong><em>La semaine derni\u00e8re, son pays s'est rendu aux urnes pour voter sur un r\u00e9f\u00e9rendum anti-corruption. <\/em><em>\u00c1<\/em><em>ngela Rodr\u00edguez, directrice ex\u00e9cutive du NIMD en Colombie, revient sur les cons\u00e9quences de la catastrophe.<\/em><\/strong><\/p>\n<p>Jamais dans l'histoire de la Colombie un mandat politique n'a \u00e9t\u00e9 accept\u00e9 de mani\u00e8re aussi retentissante. Plus de 11 millions de Colombiens ont vot\u00e9 lors du r\u00e9cent r\u00e9f\u00e9rendum sur les mesures anticorruption. C'est plus que le nombre de personnes qui ont vot\u00e9 pour l'actuel pr\u00e9sident colombien, ou m\u00eame pour n'importe quel pr\u00e9sident dans l'histoire de mon pays.<\/p>\n<p>Tout cela montre \u00e0 quel point le peuple colombien en a assez du manque de transparence et d'\u00e9galit\u00e9 dans la politique. Les gens en ont assez des salaires mirobolants des d\u00e9put\u00e9s et ils en ont assez que certains dirigeants fassent carri\u00e8re toute leur vie dans la politique. Ils veulent que les dirigeants politiques rendent des comptes, que les recrutements publics soient transparents et que les politiciens corrompus subissent des sanctions judiciaires.<\/p>\n<h3>Pas de quorum<\/h3>\n<p>Bien que la participation au r\u00e9f\u00e9rendum ait \u00e9t\u00e9 plus \u00e9lev\u00e9e que pr\u00e9vu, le nombre de voix n'a pas atteint le seuil l\u00e9gal requis pour faire avancer les mesures anticorruption. Cela soul\u00e8ve de nombreuses questions sur la suite des \u00e9v\u00e9nements.<\/p>\n<p>Alors que, pour les opposants \u00e0 l'initiative, les r\u00e9sultats montrent un manque de pouvoir des mouvements citoyens, les porteurs de flambeau de l'initiative triomphent. Pour eux, abstraction faite du taux de participation, le vote a \u00e9tabli une dynamique citoyenne. Les appels \u00e0 la transformation des pratiques politiques sont difficiles \u00e0 ignorer.<\/p>\n<p><img loading=\"lazy\" decoding=\"async\" class=\"alignnone size-full wp-image-6731\" src=\"http:\/\/nimd.org\/wp-content\/uploads\/2025\/04\/IMG_7851-Marchaporlavida-Bogota-83-e1535643895129.jpg\" alt=\"\" width=\"580\" height=\"387\" \/><\/p>\n<h3>Et maintenant ?<\/h3>\n<p>Apr\u00e8s le d\u00e9compte pr\u00e9liminaire des voix, le pr\u00e9sident colombien, qui a vot\u00e9 en faveur du r\u00e9f\u00e9rendum, a r\u00e9affirm\u00e9 son engagement \u00e0 promouvoir des mesures l\u00e9gislatives visant \u00e0 cr\u00e9er les changements n\u00e9cessaires pour assainir la vie politique. Cette volont\u00e9 a \u00e9t\u00e9 appuy\u00e9e par un certain nombre de projets de loi pr\u00e9sent\u00e9s par son parti au cours des derni\u00e8res semaines.<\/p>\n<p>La t\u00e2che d'aller de l'avant pour r\u00e9pondre aux demandes de la population incombe - au moins en partie - au Congr\u00e8s. Traditionnellement, le Congr\u00e8s n'a pas \u00e9t\u00e9 tr\u00e8s r\u00e9ceptif aux initiatives citoyennes (telles que les r\u00e9f\u00e9rendums pass\u00e9s). Mais n'oublions pas que les mesures du r\u00e9f\u00e9rendum anti-corruption (y compris leurs implications logistiques, telles que les co\u00fbts et la date de mise en \u0153uvre) ont d\u00e9j\u00e0 \u00e9t\u00e9 approuv\u00e9es par les repr\u00e9sentants de tous les partis politiques du Congr\u00e8s au cours de leur dernier mandat.<\/p>\n<p>Pour donner suite \u00e0 la volont\u00e9 citoyenne exprim\u00e9e lors des scrutins, le Congr\u00e8s pourrait cr\u00e9er un comit\u00e9 multipartite, un groupe qui transcende les limites des partis afin de lutter efficacement contre la corruption. Le NIMD appelle le Congr\u00e8s \u00e0 profiter de cette occasion unique pour agir de mani\u00e8re responsable et avec la repr\u00e9sentation d\u00e9mocratique qui leur a \u00e9t\u00e9 conc\u00e9d\u00e9e par la grande majorit\u00e9 des \u00e9lecteurs colombiens lors du r\u00e9f\u00e9rendum.<\/p>\n<p><img loading=\"lazy\" decoding=\"async\" class=\"alignnone size-full wp-image-6732\" src=\"http:\/\/nimd.org\/wp-content\/uploads\/2025\/04\/IMG_8140-Marchaporlavida-Bogota-242-e1535643986881.jpg\" alt=\"\" width=\"580\" height=\"387\" \/><\/p>\n<h3>Le pouvoir des personnes<\/h3>\n<p>Dans tout cela, ce qui ressort le plus, c'est que les acteurs les plus importants sont les Colombiens eux-m\u00eames. Ces derniers, par leur vote au r\u00e9f\u00e9rendum, ont montr\u00e9 qu'ils voulaient de nouvelles fa\u00e7ons de faire de la politique. Le r\u00e9f\u00e9rendum - et les mesures qu'il proposait - a r\u00e9ussi \u00e0 mobiliser les citoyens pour qu'ils mettent de c\u00f4t\u00e9 leurs affiliations politiques. Ils se sont m\u00eame bien battus contre le taux d'abstention notoirement \u00e9lev\u00e9 en Colombie.<\/p>\n<p>Le prochain d\u00e9fi consistera \u00e0 accro\u00eetre la participation politique et \u00e0 responsabiliser les citoyens. Le r\u00e9f\u00e9rendum n'est qu'un point de d\u00e9part. Il devrait \u00eatre suivi d'un contr\u00f4le constant des actions des l\u00e9gislateurs et de relations plus \u00e9troites entre les citoyens et les hommes politiques. Dans ce sc\u00e9nario, le renforcement du moral des citoyens est une responsabilit\u00e9 qui incombe \u00e0 tous, et pas seulement aux \u00e9lites politiques.<\/p>\n<p>La promotion de la transparence, tout comme la construction de la paix, est une valeur au c\u0153ur de la d\u00e9mocratie. Elle se concr\u00e9tise par l'action quotidienne de tous les citoyens. C'est dans cette optique que le NIMD travaille depuis de nombreuses ann\u00e9es \u00e0 mettre des outils \u00e0 la disposition des partis politiques, des entreprises publiques et des citoyens en g\u00e9n\u00e9ral. Ces outils favorisent la transparence, aident \u00e0 la mise en \u0153uvre des lois existantes, d\u00e9finissent les programmes l\u00e9gislatifs par le biais d'un dialogue multipartite et fournissent une formation dans le cadre de nos \u00e9coles de la d\u00e9mocratie. C'est ainsi que nous esp\u00e9rons continuer \u00e0 soutenir une d\u00e9mocratie plus forte en Colombie.<\/p>","protected":false},"excerpt":{"rendered":"<p>La semaine derni\u00e8re, son pays s'est rendu aux urnes pour voter sur un r\u00e9f\u00e9rendum anti-corruption. \u00c1ngela Rodr\u00edguez, directrice ex\u00e9cutive du NIMD en Colombie, revient sur les \u00e9v\u00e9nements. Jamais dans l'histoire de la Colombie un mandat politique n'a \u00e9t\u00e9 accept\u00e9 de mani\u00e8re aussi retentissante. Plus de 11 millions de Colombiens ont vot\u00e9 lors du r\u00e9cent r\u00e9f\u00e9rendum sur les mesures anticorruption. C'est plus que le nombre de votants ... <a href=\"https:\/\/nimd.org\/fr\/were-in-this-together-the-long-fight-against-corruption-in-colombia\/\"><\/a><\/p>","protected":false},"author":2,"featured_media":22396,"comment_status":"open","ping_status":"open","sticky":false,"template":"","format":"standard","meta":{"_acf_changed":false,"inline_featured_image":false,"_monsterinsights_skip_tracking":false,"_monsterinsights_sitenote_active":false,"_monsterinsights_sitenote_note":"","_monsterinsights_sitenote_category":0,"footnotes":""},"categories":[99],"tags":[],"countries":[81],"theme":[],"class_list":["post-18724","post","type-post","status-publish","format-standard","has-post-thumbnail","hentry","category-news","countries-colombia"],"acf":[],"yoast_head":"<!-- This site is optimized with the Yoast SEO Premium plugin v27.1 (Yoast SEO v27.1.1) - https:\/\/yoast.com\/product\/yoast-seo-premium-wordpress\/ -->\n<title>We\u2019re in this together: The long fight against corruption in Colombia - NIMD<\/title>\n<meta name=\"robots\" content=\"index, follow, max-snippet:-1, max-image-preview:large, max-video-preview:-1\" \/>\n<link rel=\"canonical\" href=\"https:\/\/nimd.org\/fr\/were-in-this-together-the-long-fight-against-corruption-in-colombia\/\" \/>\n<meta property=\"og:locale\" content=\"fr_FR\" \/>\n<meta property=\"og:type\" content=\"article\" \/>\n<meta property=\"og:title\" content=\"We\u2019re in this together: The long fight against corruption in Colombia\" \/>\n<meta property=\"og:description\" content=\"Her country went to the polls to vote in an anti-corruption referendum last week. \u00c1ngela Rodr\u00edguez, NIMD\u2019s Executive Director in Colombia, reflects on the aftermath. Never in Colombia\u2019s history has a political mandate been accepted so resoundingly. More than 11 million Colombians voted in the recent referendum on anti-corruption measures. That\u2019s more people than voted &hellip;\" \/>\n<meta property=\"og:url\" content=\"https:\/\/nimd.org\/fr\/were-in-this-together-the-long-fight-against-corruption-in-colombia\/\" \/>\n<meta property=\"og:site_name\" content=\"NIMD\" \/>\n<meta property=\"article:published_time\" content=\"2018-08-30T15:46:07+00:00\" \/>\n<meta property=\"article:modified_time\" content=\"2025-04-07T08:00:26+00:00\" \/>\n<meta property=\"og:image\" content=\"https:\/\/nimd.org\/wp-content\/uploads\/2025\/02\/IMG_7851-Marchaporlavida-Bogota-31.jpg\" \/>\n\t<meta property=\"og:image:width\" content=\"640\" \/>\n\t<meta property=\"og:image:height\" content=\"427\" \/>\n\t<meta property=\"og:image:type\" content=\"image\/jpeg\" \/>\n<meta name=\"author\" content=\"superadmin\" \/>\n<meta name=\"twitter:card\" content=\"summary_large_image\" \/>\n<meta name=\"twitter:label1\" content=\"\u00c9crit par\" \/>\n\t<meta name=\"twitter:data1\" content=\"superadmin\" \/>\n\t<meta name=\"twitter:label2\" content=\"Dur\u00e9e de lecture estim\u00e9e\" \/>\n\t<meta name=\"twitter:data2\" content=\"3 minutes\" \/>\n<script type=\"application\/ld+json\" class=\"yoast-schema-graph\">{\"@context\":\"https:\/\/schema.org\",\"@graph\":[{\"@type\":\"Article\",\"@id\":\"https:\/\/nimd.org\/were-in-this-together-the-long-fight-against-corruption-in-colombia\/#article\",\"isPartOf\":{\"@id\":\"https:\/\/nimd.org\/were-in-this-together-the-long-fight-against-corruption-in-colombia\/\"},\"author\":{\"name\":\"superadmin\",\"@id\":\"https:\/\/nimd.org\/fr\/#\/schema\/person\/fecd680c201ede81b56eb098a17ad928\"},\"headline\":\"We\u2019re in this together: The long fight against corruption in Colombia\",\"datePublished\":\"2018-08-30T15:46:07+00:00\",\"dateModified\":\"2025-04-07T08:00:26+00:00\",\"mainEntityOfPage\":{\"@id\":\"https:\/\/nimd.org\/were-in-this-together-the-long-fight-against-corruption-in-colombia\/\"},\"wordCount\":629,\"commentCount\":0,\"image\":{\"@id\":\"https:\/\/nimd.org\/were-in-this-together-the-long-fight-against-corruption-in-colombia\/#primaryimage\"},\"thumbnailUrl\":\"https:\/\/nimd.org\/wp-content\/uploads\/2025\/02\/IMG_7851-Marchaporlavida-Bogota-31.jpg\",\"articleSection\":[\"News\"],\"inLanguage\":\"fr-FR\",\"potentialAction\":[{\"@type\":\"CommentAction\",\"name\":\"Comment\",\"target\":[\"https:\/\/nimd.org\/were-in-this-together-the-long-fight-against-corruption-in-colombia\/#respond\"]}]},{\"@type\":\"WebPage\",\"@id\":\"https:\/\/nimd.org\/were-in-this-together-the-long-fight-against-corruption-in-colombia\/\",\"url\":\"https:\/\/nimd.org\/were-in-this-together-the-long-fight-against-corruption-in-colombia\/\",\"name\":\"We\u2019re in this together: The long fight against corruption in Colombia - NIMD\",\"isPartOf\":{\"@id\":\"https:\/\/nimd.org\/fr\/#website\"},\"primaryImageOfPage\":{\"@id\":\"https:\/\/nimd.org\/were-in-this-together-the-long-fight-against-corruption-in-colombia\/#primaryimage\"},\"image\":{\"@id\":\"https:\/\/nimd.org\/were-in-this-together-the-long-fight-against-corruption-in-colombia\/#primaryimage\"},\"thumbnailUrl\":\"https:\/\/nimd.org\/wp-content\/uploads\/2025\/02\/IMG_7851-Marchaporlavida-Bogota-31.jpg\",\"datePublished\":\"2018-08-30T15:46:07+00:00\",\"dateModified\":\"2025-04-07T08:00:26+00:00\",\"author\":{\"@id\":\"https:\/\/nimd.org\/fr\/#\/schema\/person\/fecd680c201ede81b56eb098a17ad928\"},\"breadcrumb\":{\"@id\":\"https:\/\/nimd.org\/were-in-this-together-the-long-fight-against-corruption-in-colombia\/#breadcrumb\"},\"inLanguage\":\"fr-FR\",\"potentialAction\":[{\"@type\":\"ReadAction\",\"target\":[\"https:\/\/nimd.org\/were-in-this-together-the-long-fight-against-corruption-in-colombia\/\"]}]},{\"@type\":\"ImageObject\",\"inLanguage\":\"fr-FR\",\"@id\":\"https:\/\/nimd.org\/were-in-this-together-the-long-fight-against-corruption-in-colombia\/#primaryimage\",\"url\":\"https:\/\/nimd.org\/wp-content\/uploads\/2025\/02\/IMG_7851-Marchaporlavida-Bogota-31.jpg\",\"contentUrl\":\"https:\/\/nimd.org\/wp-content\/uploads\/2025\/02\/IMG_7851-Marchaporlavida-Bogota-31.jpg\",\"width\":640,\"height\":427},{\"@type\":\"BreadcrumbList\",\"@id\":\"https:\/\/nimd.org\/were-in-this-together-the-long-fight-against-corruption-in-colombia\/#breadcrumb\",\"itemListElement\":[{\"@type\":\"ListItem\",\"position\":1,\"name\":\"Home\",\"item\":\"https:\/\/nimd.org\/fr\/\"},{\"@type\":\"ListItem\",\"position\":2,\"name\":\"We\u2019re in this together: The long fight against corruption in Colombia\"}]},{\"@type\":\"WebSite\",\"@id\":\"https:\/\/nimd.org\/fr\/#website\",\"url\":\"https:\/\/nimd.org\/fr\/\",\"name\":\"NIMD\",\"description\":\"Democracy Starts With Dialogue\",\"potentialAction\":[{\"@type\":\"SearchAction\",\"target\":{\"@type\":\"EntryPoint\",\"urlTemplate\":\"https:\/\/nimd.org\/fr\/?s={search_term_string}\"},\"query-input\":{\"@type\":\"PropertyValueSpecification\",\"valueRequired\":true,\"valueName\":\"search_term_string\"}}],\"inLanguage\":\"fr-FR\"},{\"@type\":\"Person\",\"@id\":\"https:\/\/nimd.org\/fr\/#\/schema\/person\/fecd680c201ede81b56eb098a17ad928\",\"name\":\"superadmin\",\"image\":{\"@type\":\"ImageObject\",\"inLanguage\":\"fr-FR\",\"@id\":\"https:\/\/nimd.org\/fr\/#\/schema\/person\/image\/\",\"url\":\"https:\/\/secure.gravatar.com\/avatar\/1d1e7ebaf312b717161d349f71f6060e0ed86d7a652cbc37adc644a79988d181?s=96&d=mm&r=g\",\"contentUrl\":\"https:\/\/secure.gravatar.com\/avatar\/1d1e7ebaf312b717161d349f71f6060e0ed86d7a652cbc37adc644a79988d181?s=96&d=mm&r=g\",\"caption\":\"superadmin\"}}]}<\/script>\n<!-- \/ Yoast SEO Premium plugin. -->","yoast_head_json":{"title":"We\u2019re in this together: The long fight against corruption in Colombia - NIMD","robots":{"index":"index","follow":"follow","max-snippet":"max-snippet:-1","max-image-preview":"max-image-preview:large","max-video-preview":"max-video-preview:-1"},"canonical":"https:\/\/nimd.org\/fr\/were-in-this-together-the-long-fight-against-corruption-in-colombia\/","og_locale":"fr_FR","og_type":"article","og_title":"We\u2019re in this together: The long fight against corruption in Colombia","og_description":"Her country went to the polls to vote in an anti-corruption referendum last week. \u00c1ngela Rodr\u00edguez, NIMD\u2019s Executive Director in Colombia, reflects on the aftermath. Never in Colombia\u2019s history has a political mandate been accepted so resoundingly. More than 11 million Colombians voted in the recent referendum on anti-corruption measures. That\u2019s more people than voted &hellip;","og_url":"https:\/\/nimd.org\/fr\/were-in-this-together-the-long-fight-against-corruption-in-colombia\/","og_site_name":"NIMD","article_published_time":"2018-08-30T15:46:07+00:00","article_modified_time":"2025-04-07T08:00:26+00:00","og_image":[{"width":640,"height":427,"url":"https:\/\/nimd.org\/wp-content\/uploads\/2025\/02\/IMG_7851-Marchaporlavida-Bogota-31.jpg","type":"image\/jpeg"}],"author":"superadmin","twitter_card":"summary_large_image","twitter_misc":{"\u00c9crit par":"superadmin","Dur\u00e9e de lecture estim\u00e9e":"3 minutes"},"schema":{"@context":"https:\/\/schema.org","@graph":[{"@type":"Article","@id":"https:\/\/nimd.org\/were-in-this-together-the-long-fight-against-corruption-in-colombia\/#article","isPartOf":{"@id":"https:\/\/nimd.org\/were-in-this-together-the-long-fight-against-corruption-in-colombia\/"},"author":{"name":"superadmin","@id":"https:\/\/nimd.org\/fr\/#\/schema\/person\/fecd680c201ede81b56eb098a17ad928"},"headline":"We\u2019re in this together: The long fight against corruption in Colombia","datePublished":"2018-08-30T15:46:07+00:00","dateModified":"2025-04-07T08:00:26+00:00","mainEntityOfPage":{"@id":"https:\/\/nimd.org\/were-in-this-together-the-long-fight-against-corruption-in-colombia\/"},"wordCount":629,"commentCount":0,"image":{"@id":"https:\/\/nimd.org\/were-in-this-together-the-long-fight-against-corruption-in-colombia\/#primaryimage"},"thumbnailUrl":"https:\/\/nimd.org\/wp-content\/uploads\/2025\/02\/IMG_7851-Marchaporlavida-Bogota-31.jpg","articleSection":["News"],"inLanguage":"fr-FR","potentialAction":[{"@type":"CommentAction","name":"Comment","target":["https:\/\/nimd.org\/were-in-this-together-the-long-fight-against-corruption-in-colombia\/#respond"]}]},{"@type":"WebPage","@id":"https:\/\/nimd.org\/were-in-this-together-the-long-fight-against-corruption-in-colombia\/","url":"https:\/\/nimd.org\/were-in-this-together-the-long-fight-against-corruption-in-colombia\/","name":"We\u2019re in this together: The long fight against corruption in Colombia - NIMD","isPartOf":{"@id":"https:\/\/nimd.org\/fr\/#website"},"primaryImageOfPage":{"@id":"https:\/\/nimd.org\/were-in-this-together-the-long-fight-against-corruption-in-colombia\/#primaryimage"},"image":{"@id":"https:\/\/nimd.org\/were-in-this-together-the-long-fight-against-corruption-in-colombia\/#primaryimage"},"thumbnailUrl":"https:\/\/nimd.org\/wp-content\/uploads\/2025\/02\/IMG_7851-Marchaporlavida-Bogota-31.jpg","datePublished":"2018-08-30T15:46:07+00:00","dateModified":"2025-04-07T08:00:26+00:00","author":{"@id":"https:\/\/nimd.org\/fr\/#\/schema\/person\/fecd680c201ede81b56eb098a17ad928"},"breadcrumb":{"@id":"https:\/\/nimd.org\/were-in-this-together-the-long-fight-against-corruption-in-colombia\/#breadcrumb"},"inLanguage":"fr-FR","potentialAction":[{"@type":"ReadAction","target":["https:\/\/nimd.org\/were-in-this-together-the-long-fight-against-corruption-in-colombia\/"]}]},{"@type":"ImageObject","inLanguage":"fr-FR","@id":"https:\/\/nimd.org\/were-in-this-together-the-long-fight-against-corruption-in-colombia\/#primaryimage","url":"https:\/\/nimd.org\/wp-content\/uploads\/2025\/02\/IMG_7851-Marchaporlavida-Bogota-31.jpg","contentUrl":"https:\/\/nimd.org\/wp-content\/uploads\/2025\/02\/IMG_7851-Marchaporlavida-Bogota-31.jpg","width":640,"height":427},{"@type":"BreadcrumbList","@id":"https:\/\/nimd.org\/were-in-this-together-the-long-fight-against-corruption-in-colombia\/#breadcrumb","itemListElement":[{"@type":"ListItem","position":1,"name":"Home","item":"https:\/\/nimd.org\/fr\/"},{"@type":"ListItem","position":2,"name":"We\u2019re in this together: The long fight against corruption in Colombia"}]},{"@type":"WebSite","@id":"https:\/\/nimd.org\/fr\/#website","url":"https:\/\/nimd.org\/fr\/","name":"NIMD","description":"La d\u00e9mocratie commence par le dialogue","potentialAction":[{"@type":"SearchAction","target":{"@type":"EntryPoint","urlTemplate":"https:\/\/nimd.org\/fr\/?s={search_term_string}"},"query-input":{"@type":"PropertyValueSpecification","valueRequired":true,"valueName":"search_term_string"}}],"inLanguage":"fr-FR"},{"@type":"Person","@id":"https:\/\/nimd.org\/fr\/#\/schema\/person\/fecd680c201ede81b56eb098a17ad928","name":"superadministrateur","image":{"@type":"ImageObject","inLanguage":"fr-FR","@id":"https:\/\/nimd.org\/fr\/#\/schema\/person\/image\/","url":"https:\/\/secure.gravatar.com\/avatar\/1d1e7ebaf312b717161d349f71f6060e0ed86d7a652cbc37adc644a79988d181?s=96&d=mm&r=g","contentUrl":"https:\/\/secure.gravatar.com\/avatar\/1d1e7ebaf312b717161d349f71f6060e0ed86d7a652cbc37adc644a79988d181?s=96&d=mm&r=g","caption":"superadmin"}}]}},"_links":{"self":[{"href":"https:\/\/nimd.org\/fr\/wp-json\/wp\/v2\/posts\/18724","targetHints":{"allow":["GET"]}}],"collection":[{"href":"https:\/\/nimd.org\/fr\/wp-json\/wp\/v2\/posts"}],"about":[{"href":"https:\/\/nimd.org\/fr\/wp-json\/wp\/v2\/types\/post"}],"author":[{"embeddable":true,"href":"https:\/\/nimd.org\/fr\/wp-json\/wp\/v2\/users\/2"}],"replies":[{"embeddable":true,"href":"https:\/\/nimd.org\/fr\/wp-json\/wp\/v2\/comments?post=18724"}],"version-history":[{"count":5,"href":"https:\/\/nimd.org\/fr\/wp-json\/wp\/v2\/posts\/18724\/revisions"}],"predecessor-version":[{"id":24569,"href":"https:\/\/nimd.org\/fr\/wp-json\/wp\/v2\/posts\/18724\/revisions\/24569"}],"wp:featuredmedia":[{"embeddable":true,"href":"https:\/\/nimd.org\/fr\/wp-json\/wp\/v2\/media\/22396"}],"wp:attachment":[{"href":"https:\/\/nimd.org\/fr\/wp-json\/wp\/v2\/media?parent=18724"}],"wp:term":[{"taxonomy":"category","embeddable":true,"href":"https:\/\/nimd.org\/fr\/wp-json\/wp\/v2\/categories?post=18724"},{"taxonomy":"post_tag","embeddable":true,"href":"https:\/\/nimd.org\/fr\/wp-json\/wp\/v2\/tags?post=18724"},{"taxonomy":"countries","embeddable":true,"href":"https:\/\/nimd.org\/fr\/wp-json\/wp\/v2\/countries?post=18724"},{"taxonomy":"theme","embeddable":true,"href":"https:\/\/nimd.org\/fr\/wp-json\/wp\/v2\/theme?post=18724"}],"curies":[{"name":"wp","href":"https:\/\/api.w.org\/{rel}","templated":true}]}}