{"id":18691,"date":"2018-04-12T15:14:23","date_gmt":"2018-04-12T15:14:23","guid":{"rendered":"https:\/\/nimd.org\/interview-long-term-planning-for-a-better-future\/"},"modified":"2025-04-07T07:58:47","modified_gmt":"2025-04-07T07:58:47","slug":"interview-long-term-planning-for-a-better-future","status":"publish","type":"post","link":"https:\/\/nimd.org\/fr\/interview-long-term-planning-for-a-better-future\/","title":{"rendered":"Interview : Une planification \u00e0 long terme pour un avenir meilleur"},"content":{"rendered":"<p><em><strong>Dans la r\u00e9alit\u00e9 d\u00e9sordonn\u00e9e de la politique quotidienne, les partis politiques sont souvent contraints de se concentrer sur des crises externes \u00e0 court terme. <\/strong><\/em><\/p>\n<p><em><strong>Comme nous ne le savons que trop bien \u00e0 partir d'exemples dans nos propres pays, cela peut se faire au d\u00e9triment du d\u00e9veloppement \u00e0 moyen et \u00e0 long terme de visions, de strat\u00e9gies et de l'organisation du parti n\u00e9cessaire pour soutenir ces strat\u00e9gies.<\/strong><\/em><\/p>\n<p><em><strong>Au NIMD, nous utilisons un outil appel\u00e9 \"planification strat\u00e9gique\" pour aider les partis politiques du monde entier \u00e0 acqu\u00e9rir la capacit\u00e9 de se projeter dans l'avenir et d'anticiper les d\u00e9veloppements. De cette mani\u00e8re, les partis et les hommes politiques peuvent se pr\u00e9parer de mani\u00e8re ad\u00e9quate \u00e0 faire face aux \u00e9v\u00e9nements politiques, aux demandes de la soci\u00e9t\u00e9 et aux changements d\u00e9mocratiques.<\/strong><\/em><\/p>\n<p>Les 8 et 9 mars 2018, le NIMD et son partenaire, la <a href=\"https:\/\/bltprogram.wordpress.com\/\" target=\"_blank\" rel=\"noopener\">Programme de formation au leadership au Burundi<\/a>a organis\u00e9 une formation \u00e0 la planification strat\u00e9gique pour les partis politiques \u00e0 Gitega, au Burundi. La plupart des partis politiques burundais ont particip\u00e9 \u00e0 cette r\u00e9union, ainsi que l'\u00e9quipe de la Commission europ\u00e9enne. <a href=\"https:\/\/www.government.nl\/ministries\/ministry-of-the-interior-and-kingdom-relations\" target=\"_blank\" rel=\"noopener\">Minist\u00e8re de l'int\u00e9rieur<\/a>.<\/p>\n<p><img loading=\"lazy\" decoding=\"async\" class=\"alignnone size-full wp-image-5964\" src=\"http:\/\/nimd.org\/wp-content\/uploads\/2025\/02\/Image-2-e1523285068936.jpg\" alt=\"\" width=\"580\" height=\"261\" \/><\/p>\n<p><a href=\"https:\/\/www.linkedin.com\/in\/kidokoenig\/\" target=\"_blank\" rel=\"noopener\">Kido Koenig<\/a>ancien vice-pr\u00e9sident de l'aile jeunesse du <a href=\"https:\/\/www.pvda.nl\/\" target=\"_blank\" rel=\"noopener\">Parti travailliste n\u00e9erlandais<\/a> (PvdA) et formateur pour le <a href=\"https:\/\/www.foundationmaxvanderstoel.nl\/\" target=\"_blank\" rel=\"noopener\">Fondation Max van der Stoel<\/a>Il a apport\u00e9 son expertise technique \u00e0 la formation. Nous l'avons interrog\u00e9 sur son exp\u00e9rience.<\/p>\n<p><strong>Pourquoi avez-vous jug\u00e9 important de contribuer \u00e0 cette formation ?<\/strong><\/p>\n<p>Je crois fermement que le partage des connaissances, de l'exp\u00e9rience et de la motivation est un bon moyen d'am\u00e9liorer les d\u00e9mocraties. En outre, c'est une exp\u00e9rience tr\u00e8s particuli\u00e8re et instructive que de travailler avec des hommes politiques qui essaient de faire avancer les choses dans un contexte incroyablement difficile.<\/p>\n<p><img loading=\"lazy\" decoding=\"async\" class=\"alignnone size-full wp-image-5970\" src=\"http:\/\/nimd.org\/wp-content\/uploads\/2025\/02\/pullquote-1-e1523286520923.png\" alt=\"\" width=\"580\" height=\"112\" \/><\/p>\n<p><strong>Quelle est l'importance des \u00e9changes internationaux et de la formation pour les jeunes d\u00e9mocraties comme le Burundi ?<\/strong><\/p>\n<p>En tant que personne politiquement active, il est tr\u00e8s facile de se perdre dans son propre contexte et il y a un risque d'essayer constamment de r\u00e9inventer la roue et de s'enliser dans la politique \u00e0 court terme. Partager les exp\u00e9riences d'autres pays et r\u00e9fl\u00e9chir \u00e0 des questions plus larges et plus strat\u00e9giques permet de sortir les hommes politiques de ce contexte et d'agir sur le long terme.<\/p>\n<p><strong>Comment votre propre exp\u00e9rience au sein d'un parti politique vous a-t-elle aid\u00e9 \u00e0 aider les partis burundais \u00e0 d\u00e9velopper une vision organisationnelle ?<\/strong><\/p>\n<p>Commen\u00e7ons par dire qu'aucun parti n'est parfait et qu'aux Pays-Bas, les partis et la d\u00e9mocratie ont encore besoin d'un travail constant. Mais en r\u00e9fl\u00e9chissant aux probl\u00e8mes que nous rencontrons tous, vous pouvez donner un coup de pouce dans la bonne direction. Il s'agit de discuter des questions plus profondes de la repr\u00e9sentation, de la l\u00e9gitimit\u00e9 et de la responsabilit\u00e9 afin de parvenir \u00e0 une organisation de parti qui puisse s'engager efficacement en faveur d'une soci\u00e9t\u00e9 meilleure. Le fait d'avoir souvent vu passer ces questions permet d'orienter les discussions et la r\u00e9flexion, sans pour autant devenir normatif.<\/p>\n<p><img loading=\"lazy\" decoding=\"async\" class=\"alignnone size-full wp-image-5971\" src=\"http:\/\/nimd.org\/wp-content\/uploads\/2025\/02\/pullquote-2-e1523286542806.png\" alt=\"\" width=\"580\" height=\"83\" \/><\/p>\n<p><strong>Comment pensez-vous que la formation a \u00e9t\u00e9 accueillie ?<\/strong><\/p>\n<p>J'ai un tr\u00e8s bon sentiment \u00e0 ce sujet. Les participants se sont d\u00e9tendus lors des discussions en pl\u00e9ni\u00e8re, se sont montr\u00e9s tr\u00e8s curieux de mon exp\u00e9rience aux Pays-Bas et ont particip\u00e9 activement aux s\u00e9ances de travail. Le contexte local est compliqu\u00e9 et on a parfois l'impression de mener une bataille difficile. Mais quand on voit les participants \u00e9crire des notes et des plans pour un meilleur avenir de leur parti, on sait qu'il y a toujours de l'espoir.<\/p>\n<p><strong><img loading=\"lazy\" decoding=\"async\" class=\"alignnone size-full wp-image-5969\" src=\"http:\/\/nimd.org\/wp-content\/uploads\/2025\/02\/image-3-1-e1523286704472.jpg\" alt=\"\" width=\"580\" height=\"322\" \/><\/strong><\/p>\n<p>Pouvez-vous d\u00e9crire une r\u00e9action agr\u00e9able de la part des participants ?<\/p>\n<p>Apparemment, ils m'ont trouv\u00e9 assez cool pour m'inviter \u00e0 boire un verre apr\u00e8s la formation. Ils ont \u00e9galement pos\u00e9 des questions surprenantes sur des points de d\u00e9tail : \"Pourquoi le PvdA a-t-il un chef de parti ? <em>et<\/em> Comment forme-t-on une coalition et que font les partis d'opposition ? Pourquoi est-il si difficile de trouver des femmes de qualit\u00e9 pour notre parti ? Ce sont ces questions qui m'ont fait penser : OUI ! Vous l'avez compris : ce sont les choix auxquels nous sommes confront\u00e9s en tant que partis politiques. J'esp\u00e8re qu'ils utiliseront les exercices et les exemples n\u00e9erlandais pour leur propre d\u00e9veloppement.<\/p>\n<h3>Notre travail au Burundi<\/h3>\n<p>Le Burundi est un pays o\u00f9 la politique est souvent polaris\u00e9e et domin\u00e9e par la question de savoir qui est au pouvoir.  Le NIMD estime qu'une d\u00e9mocratie b\u00e9n\u00e9ficie de partis forts dot\u00e9s d'une vision claire. Avec son partenaire, le Burundi Leadership Training Program, le NIMD aide les partis politiques \u00e0 d\u00e9velopper cette vision \u00e0 long terme. En apportant l'exp\u00e9rience de son r\u00e9seau international. En offrant des outils techniques pour passer de la politique du pouvoir \u00e0 des partis ax\u00e9s sur les politiques.  Et parfois, en posant simplement les bonnes questions.<\/p>\n<p><em>\u00a0<\/em><\/p>","protected":false},"excerpt":{"rendered":"<p>Dans la r\u00e9alit\u00e9 d\u00e9sordonn\u00e9e de la politique quotidienne, les partis politiques sont souvent contraints de se concentrer sur les crises externes \u00e0 court terme. Comme nous ne le savons que trop bien \u00e0 partir d'exemples dans nos propres pays, cela peut se faire au d\u00e9triment du d\u00e9veloppement \u00e0 moyen et long terme de visions, de strat\u00e9gies et de l'organisation du parti n\u00e9cessaire pour soutenir ces strat\u00e9gies. A ... <a href=\"https:\/\/nimd.org\/fr\/interview-long-term-planning-for-a-better-future\/\"><\/a><\/p>","protected":false},"author":2,"featured_media":22232,"comment_status":"open","ping_status":"open","sticky":false,"template":"","format":"standard","meta":{"_acf_changed":false,"inline_featured_image":false,"_monsterinsights_skip_tracking":false,"_monsterinsights_sitenote_active":false,"_monsterinsights_sitenote_note":"","_monsterinsights_sitenote_category":0,"footnotes":""},"categories":[99],"tags":[],"countries":[],"theme":[],"class_list":["post-18691","post","type-post","status-publish","format-standard","has-post-thumbnail","hentry","category-news"],"acf":[],"yoast_head":"<!-- This site is optimized with the Yoast SEO Premium plugin v27.1 (Yoast SEO v27.1.1) - https:\/\/yoast.com\/product\/yoast-seo-premium-wordpress\/ -->\n<title>Interview: Long-term planning for a better future - NIMD<\/title>\n<meta name=\"robots\" content=\"index, follow, max-snippet:-1, max-image-preview:large, max-video-preview:-1\" \/>\n<link rel=\"canonical\" href=\"https:\/\/nimd.org\/fr\/interview-long-term-planning-for-a-better-future\/\" \/>\n<meta property=\"og:locale\" content=\"fr_FR\" \/>\n<meta property=\"og:type\" content=\"article\" \/>\n<meta property=\"og:title\" content=\"Interview: Long-term planning for a better future\" \/>\n<meta property=\"og:description\" content=\"In the messy reality of everyday politics, political parties are often forced to focus on short-term external crises. As we know all too well from examples in our own countries, this can work to the detriment of the medium and long-term development of visions, strategies and the party organization needed to support these strategies. At &hellip;\" \/>\n<meta property=\"og:url\" content=\"https:\/\/nimd.org\/fr\/interview-long-term-planning-for-a-better-future\/\" \/>\n<meta property=\"og:site_name\" content=\"NIMD\" \/>\n<meta property=\"article:published_time\" content=\"2018-04-12T15:14:23+00:00\" \/>\n<meta property=\"article:modified_time\" content=\"2025-04-07T07:58:47+00:00\" \/>\n<meta property=\"og:image\" content=\"https:\/\/nimd.org\/wp-content\/uploads\/2025\/02\/picture-Kido-e1523285307431.jpg\" \/>\n\t<meta property=\"og:image:width\" content=\"580\" \/>\n\t<meta property=\"og:image:height\" content=\"315\" \/>\n\t<meta property=\"og:image:type\" content=\"image\/jpeg\" \/>\n<meta name=\"author\" content=\"superadmin\" \/>\n<meta name=\"twitter:card\" content=\"summary_large_image\" \/>\n<meta name=\"twitter:label1\" content=\"\u00c9crit par\" \/>\n\t<meta name=\"twitter:data1\" content=\"superadmin\" \/>\n\t<meta name=\"twitter:label2\" content=\"Dur\u00e9e de lecture estim\u00e9e\" \/>\n\t<meta name=\"twitter:data2\" content=\"3 minutes\" \/>\n<script type=\"application\/ld+json\" class=\"yoast-schema-graph\">{\"@context\":\"https:\/\/schema.org\",\"@graph\":[{\"@type\":\"Article\",\"@id\":\"https:\/\/nimd.org\/fr\/interview-long-term-planning-for-a-better-future\/#article\",\"isPartOf\":{\"@id\":\"https:\/\/nimd.org\/fr\/interview-long-term-planning-for-a-better-future\/\"},\"author\":{\"name\":\"superadmin\",\"@id\":\"https:\/\/nimd.org\/fr\/#\/schema\/person\/fecd680c201ede81b56eb098a17ad928\"},\"headline\":\"Interview: Long-term planning for a better future\",\"datePublished\":\"2018-04-12T15:14:23+00:00\",\"dateModified\":\"2025-04-07T07:58:47+00:00\",\"mainEntityOfPage\":{\"@id\":\"https:\/\/nimd.org\/fr\/interview-long-term-planning-for-a-better-future\/\"},\"wordCount\":684,\"commentCount\":0,\"image\":{\"@id\":\"https:\/\/nimd.org\/fr\/interview-long-term-planning-for-a-better-future\/#primaryimage\"},\"thumbnailUrl\":\"https:\/\/nimd.org\/wp-content\/uploads\/2025\/02\/picture-Kido-e1523285307431.jpg\",\"articleSection\":[\"News\"],\"inLanguage\":\"fr-FR\",\"potentialAction\":[{\"@type\":\"CommentAction\",\"name\":\"Comment\",\"target\":[\"https:\/\/nimd.org\/fr\/interview-long-term-planning-for-a-better-future\/#respond\"]}]},{\"@type\":\"WebPage\",\"@id\":\"https:\/\/nimd.org\/fr\/interview-long-term-planning-for-a-better-future\/\",\"url\":\"https:\/\/nimd.org\/fr\/interview-long-term-planning-for-a-better-future\/\",\"name\":\"Interview: Long-term planning for a better future - NIMD\",\"isPartOf\":{\"@id\":\"https:\/\/nimd.org\/fr\/#website\"},\"primaryImageOfPage\":{\"@id\":\"https:\/\/nimd.org\/fr\/interview-long-term-planning-for-a-better-future\/#primaryimage\"},\"image\":{\"@id\":\"https:\/\/nimd.org\/fr\/interview-long-term-planning-for-a-better-future\/#primaryimage\"},\"thumbnailUrl\":\"https:\/\/nimd.org\/wp-content\/uploads\/2025\/02\/picture-Kido-e1523285307431.jpg\",\"datePublished\":\"2018-04-12T15:14:23+00:00\",\"dateModified\":\"2025-04-07T07:58:47+00:00\",\"author\":{\"@id\":\"https:\/\/nimd.org\/fr\/#\/schema\/person\/fecd680c201ede81b56eb098a17ad928\"},\"breadcrumb\":{\"@id\":\"https:\/\/nimd.org\/fr\/interview-long-term-planning-for-a-better-future\/#breadcrumb\"},\"inLanguage\":\"fr-FR\",\"potentialAction\":[{\"@type\":\"ReadAction\",\"target\":[\"https:\/\/nimd.org\/fr\/interview-long-term-planning-for-a-better-future\/\"]}]},{\"@type\":\"ImageObject\",\"inLanguage\":\"fr-FR\",\"@id\":\"https:\/\/nimd.org\/fr\/interview-long-term-planning-for-a-better-future\/#primaryimage\",\"url\":\"https:\/\/nimd.org\/wp-content\/uploads\/2025\/02\/picture-Kido-e1523285307431.jpg\",\"contentUrl\":\"https:\/\/nimd.org\/wp-content\/uploads\/2025\/02\/picture-Kido-e1523285307431.jpg\",\"width\":580,\"height\":315,\"caption\":\"Kido (right) after the training.\"},{\"@type\":\"BreadcrumbList\",\"@id\":\"https:\/\/nimd.org\/fr\/interview-long-term-planning-for-a-better-future\/#breadcrumb\",\"itemListElement\":[{\"@type\":\"ListItem\",\"position\":1,\"name\":\"Home\",\"item\":\"https:\/\/nimd.org\/fr\/\"},{\"@type\":\"ListItem\",\"position\":2,\"name\":\"Interview: Long-term planning for a better future\"}]},{\"@type\":\"WebSite\",\"@id\":\"https:\/\/nimd.org\/fr\/#website\",\"url\":\"https:\/\/nimd.org\/fr\/\",\"name\":\"NIMD\",\"description\":\"Democracy Starts With Dialogue\",\"potentialAction\":[{\"@type\":\"SearchAction\",\"target\":{\"@type\":\"EntryPoint\",\"urlTemplate\":\"https:\/\/nimd.org\/fr\/?s={search_term_string}\"},\"query-input\":{\"@type\":\"PropertyValueSpecification\",\"valueRequired\":true,\"valueName\":\"search_term_string\"}}],\"inLanguage\":\"fr-FR\"},{\"@type\":\"Person\",\"@id\":\"https:\/\/nimd.org\/fr\/#\/schema\/person\/fecd680c201ede81b56eb098a17ad928\",\"name\":\"superadmin\",\"image\":{\"@type\":\"ImageObject\",\"inLanguage\":\"fr-FR\",\"@id\":\"https:\/\/nimd.org\/fr\/#\/schema\/person\/image\/\",\"url\":\"https:\/\/secure.gravatar.com\/avatar\/1d1e7ebaf312b717161d349f71f6060e0ed86d7a652cbc37adc644a79988d181?s=96&d=mm&r=g\",\"contentUrl\":\"https:\/\/secure.gravatar.com\/avatar\/1d1e7ebaf312b717161d349f71f6060e0ed86d7a652cbc37adc644a79988d181?s=96&d=mm&r=g\",\"caption\":\"superadmin\"}}]}<\/script>\n<!-- \/ Yoast SEO Premium plugin. -->","yoast_head_json":{"title":"Interview: Long-term planning for a better future - NIMD","robots":{"index":"index","follow":"follow","max-snippet":"max-snippet:-1","max-image-preview":"max-image-preview:large","max-video-preview":"max-video-preview:-1"},"canonical":"https:\/\/nimd.org\/fr\/interview-long-term-planning-for-a-better-future\/","og_locale":"fr_FR","og_type":"article","og_title":"Interview: Long-term planning for a better future","og_description":"In the messy reality of everyday politics, political parties are often forced to focus on short-term external crises. As we know all too well from examples in our own countries, this can work to the detriment of the medium and long-term development of visions, strategies and the party organization needed to support these strategies. At &hellip;","og_url":"https:\/\/nimd.org\/fr\/interview-long-term-planning-for-a-better-future\/","og_site_name":"NIMD","article_published_time":"2018-04-12T15:14:23+00:00","article_modified_time":"2025-04-07T07:58:47+00:00","og_image":[{"width":580,"height":315,"url":"https:\/\/nimd.org\/wp-content\/uploads\/2025\/02\/picture-Kido-e1523285307431.jpg","type":"image\/jpeg"}],"author":"superadmin","twitter_card":"summary_large_image","twitter_misc":{"\u00c9crit par":"superadmin","Dur\u00e9e de lecture estim\u00e9e":"3 minutes"},"schema":{"@context":"https:\/\/schema.org","@graph":[{"@type":"Article","@id":"https:\/\/nimd.org\/fr\/interview-long-term-planning-for-a-better-future\/#article","isPartOf":{"@id":"https:\/\/nimd.org\/fr\/interview-long-term-planning-for-a-better-future\/"},"author":{"name":"superadmin","@id":"https:\/\/nimd.org\/fr\/#\/schema\/person\/fecd680c201ede81b56eb098a17ad928"},"headline":"Interview: Long-term planning for a better future","datePublished":"2018-04-12T15:14:23+00:00","dateModified":"2025-04-07T07:58:47+00:00","mainEntityOfPage":{"@id":"https:\/\/nimd.org\/fr\/interview-long-term-planning-for-a-better-future\/"},"wordCount":684,"commentCount":0,"image":{"@id":"https:\/\/nimd.org\/fr\/interview-long-term-planning-for-a-better-future\/#primaryimage"},"thumbnailUrl":"https:\/\/nimd.org\/wp-content\/uploads\/2025\/02\/picture-Kido-e1523285307431.jpg","articleSection":["News"],"inLanguage":"fr-FR","potentialAction":[{"@type":"CommentAction","name":"Comment","target":["https:\/\/nimd.org\/fr\/interview-long-term-planning-for-a-better-future\/#respond"]}]},{"@type":"WebPage","@id":"https:\/\/nimd.org\/fr\/interview-long-term-planning-for-a-better-future\/","url":"https:\/\/nimd.org\/fr\/interview-long-term-planning-for-a-better-future\/","name":"Interview: Long-term planning for a better future - NIMD","isPartOf":{"@id":"https:\/\/nimd.org\/fr\/#website"},"primaryImageOfPage":{"@id":"https:\/\/nimd.org\/fr\/interview-long-term-planning-for-a-better-future\/#primaryimage"},"image":{"@id":"https:\/\/nimd.org\/fr\/interview-long-term-planning-for-a-better-future\/#primaryimage"},"thumbnailUrl":"https:\/\/nimd.org\/wp-content\/uploads\/2025\/02\/picture-Kido-e1523285307431.jpg","datePublished":"2018-04-12T15:14:23+00:00","dateModified":"2025-04-07T07:58:47+00:00","author":{"@id":"https:\/\/nimd.org\/fr\/#\/schema\/person\/fecd680c201ede81b56eb098a17ad928"},"breadcrumb":{"@id":"https:\/\/nimd.org\/fr\/interview-long-term-planning-for-a-better-future\/#breadcrumb"},"inLanguage":"fr-FR","potentialAction":[{"@type":"ReadAction","target":["https:\/\/nimd.org\/fr\/interview-long-term-planning-for-a-better-future\/"]}]},{"@type":"ImageObject","inLanguage":"fr-FR","@id":"https:\/\/nimd.org\/fr\/interview-long-term-planning-for-a-better-future\/#primaryimage","url":"https:\/\/nimd.org\/wp-content\/uploads\/2025\/02\/picture-Kido-e1523285307431.jpg","contentUrl":"https:\/\/nimd.org\/wp-content\/uploads\/2025\/02\/picture-Kido-e1523285307431.jpg","width":580,"height":315,"caption":"Kido (right) after the training."},{"@type":"BreadcrumbList","@id":"https:\/\/nimd.org\/fr\/interview-long-term-planning-for-a-better-future\/#breadcrumb","itemListElement":[{"@type":"ListItem","position":1,"name":"Home","item":"https:\/\/nimd.org\/fr\/"},{"@type":"ListItem","position":2,"name":"Interview: Long-term planning for a better future"}]},{"@type":"WebSite","@id":"https:\/\/nimd.org\/fr\/#website","url":"https:\/\/nimd.org\/fr\/","name":"NIMD","description":"La d\u00e9mocratie commence par le dialogue","potentialAction":[{"@type":"SearchAction","target":{"@type":"EntryPoint","urlTemplate":"https:\/\/nimd.org\/fr\/?s={search_term_string}"},"query-input":{"@type":"PropertyValueSpecification","valueRequired":true,"valueName":"search_term_string"}}],"inLanguage":"fr-FR"},{"@type":"Person","@id":"https:\/\/nimd.org\/fr\/#\/schema\/person\/fecd680c201ede81b56eb098a17ad928","name":"superadministrateur","image":{"@type":"ImageObject","inLanguage":"fr-FR","@id":"https:\/\/nimd.org\/fr\/#\/schema\/person\/image\/","url":"https:\/\/secure.gravatar.com\/avatar\/1d1e7ebaf312b717161d349f71f6060e0ed86d7a652cbc37adc644a79988d181?s=96&d=mm&r=g","contentUrl":"https:\/\/secure.gravatar.com\/avatar\/1d1e7ebaf312b717161d349f71f6060e0ed86d7a652cbc37adc644a79988d181?s=96&d=mm&r=g","caption":"superadmin"}}]}},"_links":{"self":[{"href":"https:\/\/nimd.org\/fr\/wp-json\/wp\/v2\/posts\/18691","targetHints":{"allow":["GET"]}}],"collection":[{"href":"https:\/\/nimd.org\/fr\/wp-json\/wp\/v2\/posts"}],"about":[{"href":"https:\/\/nimd.org\/fr\/wp-json\/wp\/v2\/types\/post"}],"author":[{"embeddable":true,"href":"https:\/\/nimd.org\/fr\/wp-json\/wp\/v2\/users\/2"}],"replies":[{"embeddable":true,"href":"https:\/\/nimd.org\/fr\/wp-json\/wp\/v2\/comments?post=18691"}],"version-history":[{"count":5,"href":"https:\/\/nimd.org\/fr\/wp-json\/wp\/v2\/posts\/18691\/revisions"}],"predecessor-version":[{"id":24513,"href":"https:\/\/nimd.org\/fr\/wp-json\/wp\/v2\/posts\/18691\/revisions\/24513"}],"wp:featuredmedia":[{"embeddable":true,"href":"https:\/\/nimd.org\/fr\/wp-json\/wp\/v2\/media\/22232"}],"wp:attachment":[{"href":"https:\/\/nimd.org\/fr\/wp-json\/wp\/v2\/media?parent=18691"}],"wp:term":[{"taxonomy":"category","embeddable":true,"href":"https:\/\/nimd.org\/fr\/wp-json\/wp\/v2\/categories?post=18691"},{"taxonomy":"post_tag","embeddable":true,"href":"https:\/\/nimd.org\/fr\/wp-json\/wp\/v2\/tags?post=18691"},{"taxonomy":"countries","embeddable":true,"href":"https:\/\/nimd.org\/fr\/wp-json\/wp\/v2\/countries?post=18691"},{"taxonomy":"theme","embeddable":true,"href":"https:\/\/nimd.org\/fr\/wp-json\/wp\/v2\/theme?post=18691"}],"curies":[{"name":"wp","href":"https:\/\/api.w.org\/{rel}","templated":true}]}}