{"id":18655,"date":"2017-09-05T07:45:43","date_gmt":"2017-09-05T07:45:43","guid":{"rendered":"https:\/\/nimd.org\/the-benin-school-of-politics-empowering-democratic-leaders-of-the-future\/"},"modified":"2025-07-07T03:26:54","modified_gmt":"2025-07-07T03:26:54","slug":"the-benin-school-of-politics-empowering-democratic-leaders-of-the-future","status":"publish","type":"post","link":"https:\/\/nimd.org\/fr\/the-benin-school-of-politics-empowering-democratic-leaders-of-the-future\/","title":{"rendered":"L'\u00e9cole politique du B\u00e9nin : Former les futurs dirigeants d\u00e9mocratiques"},"content":{"rendered":"<p><em><strong>Eric Vignil\u00e9 Tindo est un jeune homme originaire de Bohicon, une ville situ\u00e9e \u00e0 environ 120 km \u00e0 l'int\u00e9rieur des terres de Cotonou, la capitale \u00e9conomique du B\u00e9nin. Eric est n\u00e9 fils a\u00een\u00e9 d'une famille de cinq enfants. Son p\u00e8re a toujours travaill\u00e9 comme soudeur tandis que sa m\u00e8re restait \u00e0 la maison. <\/strong><\/em><\/p>\n<p><em><strong>En 2011, Eric a obtenu une licence professionnelle en informatique \u00e0 l'Institut CERCO et, en 2012, il est devenu le pr\u00e9sident du mouvement des jeunes de sa ville natale, le \"Mouvement des Jeunes Pour la Rel\u00e8ve de Demain\". Le mouvement a \u00e9t\u00e9 cr\u00e9\u00e9 \u00e0 l'origine pour soutenir la r\u00e9\u00e9lection du maire sortant de Bohicon, Luc Atrokpo, qui est \u00e9galement le secr\u00e9taire ex\u00e9cutif national du parti politique \"La Renaissance du B\u00e9nin\". <\/strong><\/em><\/p>\n<p><em><strong>Les \u00e9lections g\u00e9n\u00e9rales et municipales, initialement pr\u00e9vues en 2013, n'ont toutefois eu lieu qu'en 2015 ; au cours des deux ann\u00e9es pr\u00e9c\u00e9dant les \u00e9lections, Eric est devenu tr\u00e8s actif pour le parti. <\/strong><\/em><\/p>\n<p><em><strong>Pourtant, selon lui, il manquait toutes les connaissances fondamentales en mati\u00e8re de d\u00e9mocratie.<\/strong><\/em><\/p>\n<p><em><strong>D\u00e9but 2015, Eric a rejoint l'\u00e9cole politique NIMD-AWEPA, un programme mis en place pour offrir des formations aux jeunes b\u00e9ninois en r\u00e9ponse aux besoins et \u00e0 la culture politique du pays.<\/strong><\/em><\/p>\n<blockquote><p>\"Eric est devenu l'un de nos \u00e9tudiants les plus d\u00e9vou\u00e9s. J\u00e9r\u00f4me Scheltens, responsable du programme.<\/p><\/blockquote>\n<figure id=\"attachment_4969\" aria-describedby=\"caption-attachment-4969\" style=\"width: 580px\" class=\"wp-caption alignnone\"><img loading=\"lazy\" decoding=\"async\" class=\"wp-image-4969 size-full\" src=\"http:\/\/nimd.org\/wp-content\/uploads\/2025\/02\/Benin-featured-e1504537422620.jpg\" alt=\"\" width=\"580\" height=\"356\" \/><figcaption id=\"caption-attachment-4969\" class=\"wp-caption-text\">La promotion 2015 de l'\u00c9cole de la politique.<\/figcaption><\/figure>\n<p>Le B\u00e9nin a connu une croissance \u00e9conomique substantielle ces derni\u00e8res ann\u00e9es, mais l'effet sur la r\u00e9duction de la pauvret\u00e9 et le d\u00e9veloppement a \u00e9t\u00e9 faible. Le pays reste l'un des plus pauvres du monde. Depuis l'adoption de la d\u00e9mocratie multipartite en 1990, le transfert du pouvoir pr\u00e9sidentiel s'est d\u00e9roul\u00e9 pacifiquement \u00e0 plusieurs reprises, dans le respect des limites maximales du mandat et sur la base d'\u00e9lections consid\u00e9r\u00e9es comme suffisamment libres et \u00e9quitables.<\/p>\n<p>Cependant, bien que le pays soit consid\u00e9r\u00e9 comme ayant un syst\u00e8me de gouvernance stable, des probl\u00e8mes de corruption grave ont conduit \u00e0 des tensions sociales accrues qui se sont traduites par des gr\u00e8ves et des manifestations. Les r\u00e9formes d\u00e9mocratiques stagnent \u00e9galement depuis longtemps ; la culture politique du B\u00e9nin \u00e9tant tr\u00e8s conservatrice, le pays pr\u00e9f\u00e8re maintenir le statu quo.<\/p>\n<p>Par cons\u00e9quent, la politique au B\u00e9nin est exclusive et appartient \u00e0 une petite \u00e9lite politique. Les politiques et la l\u00e9gislation refl\u00e8tent rarement les opinions d'une grande partie de la population, et les jeunes et les femmes en particulier sont exclus de la participation \u00e0 l'\u00e9laboration des politiques et au leadership politique. Pour cette raison, la confiance ou m\u00eame l'int\u00e9r\u00eat pour la politique et la gouvernance sont tr\u00e8s faibles.<\/p>\n<h3>L'\u00e9cole politique NIMD-AWEPA<\/h3>\n<p>En 2015, le NIMD et <a href=\"https:\/\/www.awepa.org\/\" target=\"_blank\" rel=\"noopener\">AWEPA <\/a>ont lanc\u00e9 leur premi\u00e8re <a href=\"https:\/\/nimd.org\/fr\/programme\/benin\/\" target=\"_blank\" rel=\"noopener\">\u00c9cole de politique au B\u00e9nin<\/a>L'objectif sp\u00e9cifique est de promouvoir le r\u00f4le des jeunes et des jeunes femmes en tant que leaders politiques d\u00e9mocratiques et civiques afin de lutter contre leur exclusion de la politique.<\/p>\n<p>Pour la premi\u00e8re cohorte, le NIMD et l'AWEPA ont identifi\u00e9 un groupe de 34 jeunes \u00e0 fort potentiel politique et civique - 11 femmes et 23 hommes de tout le pays, tous esp\u00e9rant un avenir meilleur pour leur pays.<\/p>\n<p><img loading=\"lazy\" decoding=\"async\" class=\"alignnone wp-image-4973 size-full\" src=\"http:\/\/nimd.org\/wp-content\/uploads\/2025\/02\/pullquote-1-e1504539432546.png\" alt=\"\" width=\"580\" height=\"81\" \/><\/p>\n<p>L'objectif \u00e9tait double. D'une part, l'\u00e9cole de politique forme de jeunes \u00e9tudiants engag\u00e9s, dont Eric, aux valeurs et \u00e0 la culture d\u00e9mocratiques lors de week-ends de retraite \u00e0 Ouidah, une ville situ\u00e9e juste \u00e0 l'ouest de Cotonou.<\/p>\n<p>Deuxi\u00e8mement, l'\u00e9cole aide son r\u00e9seau d'anciens \u00e9l\u00e8ves \u00e0 organiser des activit\u00e9s visant \u00e0 influencer la politique interne des partis et la prise de d\u00e9cision politique, afin de les rendre plus ouverts et de mieux r\u00e9pondre aux besoins des jeunes et des jeunes femmes.<\/p>\n<p>Lors de la premi\u00e8re session d\u00e9but 2015, Eric et les autres \u00e9tudiants ont re\u00e7u une formation pour am\u00e9liorer leur compr\u00e9hension des syst\u00e8mes politiques et les aider \u00e0 d\u00e9velopper des comp\u00e9tences en tant que strat\u00e8ges politiques. Les \u00e9tudiants ont appris \u00e0 r\u00e9diger des programmes et des manifestes de partis et \u00e0 \u00e9laborer des plans strat\u00e9giques. Ils ont \u00e9galement acquis les comp\u00e9tences n\u00e9cessaires pour maintenir une position politique, y compris, par exemple, la prise de parole en public.<\/p>\n<p><img loading=\"lazy\" decoding=\"async\" class=\"alignnone wp-image-4967 size-full\" src=\"http:\/\/nimd.org\/wp-content\/uploads\/2025\/02\/Benin-3-e1504537479504.jpg\" alt=\"\" width=\"580\" height=\"324\" \/><\/p>\n<p>Imm\u00e9diatement apr\u00e8s cette premi\u00e8re session, Eric s'est mis au travail pour mettre en pratique ses nouvelles comp\u00e9tences. Il a r\u00e9dig\u00e9 un plan de campagne et un programme politique pour le maire de sa ville natale. Le maire l'a ensuite charg\u00e9 de la communication et de la mobilisation des jeunes pour la municipalit\u00e9 lors des \u00e9lections de 2015.<\/p>\n<p>Ainsi, Eric a pu se concentrer sur l'organisation d'activit\u00e9s de jeunesse promouvant les valeurs d\u00e9mocratiques, telles que les sondages post-\u00e9lectoraux et les campagnes de porte-\u00e0-porte.<\/p>\n<p><img loading=\"lazy\" decoding=\"async\" class=\"alignnone wp-image-4980 size-full\" src=\"http:\/\/nimd.org\/wp-content\/uploads\/2025\/02\/pullquote-2-e1504539852404.png\" alt=\"\" width=\"580\" height=\"112\" \/><\/p>\n<p>Bien qu'au d\u00e9but, de nombreux membres du parti n'aient pas compris l'importance d'inclure les jeunes dans des r\u00f4les plus positifs en politique, un changement de comportement de la part de certains animateurs de jeunesse eux-m\u00eames, ainsi qu'une bonne dose de pers\u00e9v\u00e9rance de la part d'Eric, semblent avoir commenc\u00e9 \u00e0 avoir un effet sur les attitudes de la vieille garde \u00e0 l'\u00e9gard de la participation des jeunes.<\/p>\n<p>Une autre session de la School of Politics, plus tard en 2015, s'est concentr\u00e9e sur les processus et la gestion des \u00e9lections. Les \u00e9tudiants ont \u00e9t\u00e9 form\u00e9s \u00e0 l'importance de la transparence et de la responsabilit\u00e9 pendant les \u00e9lections. Ils ont notamment d\u00e9velopp\u00e9 des comp\u00e9tences en mati\u00e8re d'observation des \u00e9lections, de gestion des r\u00e9sultats et d'\u00e9laboration d'un code de conduite \u00e9lectoral.<\/p>\n<h3>Utiliser de nouvelles comp\u00e9tences pour renforcer la d\u00e9mocratie<\/h3>\n<p>Apr\u00e8s avoir impressionn\u00e9 le Secr\u00e9taire g\u00e9n\u00e9ral par ses connaissances, Eric a \u00e9t\u00e9 charg\u00e9 de s\u00e9lectionner et de pr\u00e9parer les repr\u00e9sentants des partis aux \u00e9lections et les repr\u00e9sentants des candidats au niveau des communaut\u00e9s et des districts. Avec le soutien d'une de ses camarades de classe, V\u00e9ronique Tonoukouen, il a utilis\u00e9 les comp\u00e9tences de formation qu'il avait acquises \u00e0 l'\u00c9cole pour pr\u00e9parer les repr\u00e9sentants des partis \u00e0 l'observation \u00e9lectorale lors des \u00e9lections municipales et l\u00e9gislatives.<\/p>\n<p>Il a profit\u00e9 de cette occasion pour expliquer le code \u00e9lectoral aux observateurs, d\u00e9montrer son importance et montrer comment s'y conformer. Il a fait de son mieux pour insister sur l'id\u00e9e que l'observation des \u00e9lections ne consiste pas seulement \u00e0 emp\u00eacher un autre parti de tricher, mais aussi \u00e0 garantir la l\u00e9gitimit\u00e9 du processus.<\/p>\n<blockquote><p>A ce sujet, V\u00e9ronique a not\u00e9 que \"m\u00eame si seulement une ou deux personnes sont mieux \u00e9quip\u00e9es pour observer les \u00e9lections de mani\u00e8re non partisane, nous avons fait des progr\u00e8s\".<\/p><\/blockquote>\n<p>Dans le cadre des activit\u00e9s du r\u00e9seau d'anciens, le programme a aid\u00e9 Eric \u00e0 organiser des sessions de retour d'information pour partager ce qu'il avait appris au sein de son mouvement de jeunesse, y compris ce que l'aile jeunesse devrait faire mieux. Tous les membres de la direction du mouvement de jeunesse n'\u00e9taient pas pr\u00eats \u00e0 accepter les changements demand\u00e9s par Eric ; alors qu'il voulait que la direction soit plus repr\u00e9sentative de la communaut\u00e9, certains membres pensaient qu'ils perdraient leur emprise sur le pouvoir.<\/p>\n<p>Toutefois, selon Eric, la direction du mouvement a quelque peu chang\u00e9 au fil du temps. Comme ils voient maintenant l'int\u00e9r\u00eat politique de repr\u00e9senter leur communaut\u00e9, ils organisent des activit\u00e9s de sensibilisation et ont mis en place un groupe de travail pour permettre aux dirigeants de discuter de sujets th\u00e9matiques et d'apprendre les uns des autres.<\/p>\n<blockquote><p>\"La direction des jeunes paie m\u00eame ses cotisations aujourd'hui\", d\u00e9clare fi\u00e8rement Eric.<\/p><\/blockquote>\n<p>Ce n'est pas parfait et le groupe doit encore relever de nombreux d\u00e9fis, notamment en ce qui concerne sa propre capacit\u00e9, mais Eric souligne que m\u00eame les petites choses peuvent aider lorsqu'il note sa propre capacit\u00e9 \u00e0 s'engager dans un vrai d\u00e9bat au lieu de crier pendant les discussions, ce qui, selon lui, a vraiment am\u00e9lior\u00e9 la qualit\u00e9 de ses interactions.<\/p>\n<p><img loading=\"lazy\" decoding=\"async\" class=\"alignnone wp-image-4975 size-full\" src=\"http:\/\/nimd.org\/wp-content\/uploads\/2025\/02\/pullquote-3-e1504539535841.png\" alt=\"\" width=\"580\" height=\"81\" \/><\/p>\n<figure id=\"attachment_4968\" aria-describedby=\"caption-attachment-4968\" style=\"width: 580px\" class=\"wp-caption alignnone\"><img loading=\"lazy\" decoding=\"async\" class=\"wp-image-4968 size-full\" src=\"http:\/\/nimd.org\/wp-content\/uploads\/2025\/02\/Benin-4-e1504537537117.jpg\" alt=\"\" width=\"580\" height=\"380\" \/><figcaption id=\"caption-attachment-4968\" class=\"wp-caption-text\">Les participants de l'\u00e9cole politique engagent le dialogue.<\/figcaption><\/figure>\n<p>Eric parle avec tendresse de ses camarades de classe, issus de diff\u00e9rents partis politiques et de la soci\u00e9t\u00e9 civile, et il est le premier \u00e0 admettre que l'\u00c9cole a chang\u00e9 sa vision des femmes en politique apr\u00e8s avoir vu \u00e0 quel point les femmes de sa classe sont intelligentes et d\u00e9vou\u00e9es.<\/p>\n<p>Au cours de l'ann\u00e9e et demie \u00e9coul\u00e9e, Eric est devenu un fervent d\u00e9fenseur de la d\u00e9mocratie et, bien qu'il soit le premier \u00e0 consacrer la carri\u00e8re qu'il m\u00e8ne aujourd'hui au sein du parti au programme des \u00e9coles, il est parvenu en cours de route \u00e0 transf\u00e9rer une grande partie de ce qu'il a appris \u00e0 sa communaut\u00e9 et \u00e0 son parti.<\/p>\n<p>Ce faisant, il a contribu\u00e9 \u00e0 la construction d'une culture politique plus d\u00e9mocratique, ouverte \u00e0 la participation des jeunes et des femmes, et d'un syst\u00e8me politique qui soutient des \u00e9lections transparentes et l\u00e9gitimes. Enfin, Eric a contribu\u00e9 \u00e0 changer le fonctionnement de son parti de l'int\u00e9rieur, pour en faire une organisation politique plus r\u00e9active et plus inclusive, dont lui et les autres membres du parti sont fiers.<\/p>\n<p>En collaboration avec l'AWEPA, le NIMD continue de promouvoir la d\u00e9mocratie inclusive parmi les jeunes politiques et civiques du B\u00e9nin. Il travaille actuellement \u00e0 l'am\u00e9lioration du contenu des sessions de formation de l'\u00e9cole, ainsi qu'\u00e0 la promotion de l'inclusion de repr\u00e9sentants pour couvrir l'ensemble du champ politique local, afin que davantage de personnes comme Eric soient habilit\u00e9es \u00e0 devenir les leaders d\u00e9mocratiques de l'avenir.<\/p>","protected":false},"excerpt":{"rendered":"<p>Eric Vignil\u00e9 Tindo est un jeune homme originaire de Bohicon, une ville situ\u00e9e \u00e0 environ 120 km \u00e0 l'int\u00e9rieur des terres de Cotonou, la capitale \u00e9conomique du B\u00e9nin. Eric est n\u00e9 fils a\u00een\u00e9 d'une famille de cinq enfants. Son p\u00e8re a toujours travaill\u00e9 comme soudeur tandis que sa m\u00e8re restait \u00e0 la maison. En 2011, Eric a obtenu une licence professionnelle ... <a href=\"https:\/\/nimd.org\/fr\/the-benin-school-of-politics-empowering-democratic-leaders-of-the-future\/\"><\/a><\/p>","protected":false},"author":2,"featured_media":22075,"comment_status":"open","ping_status":"open","sticky":false,"template":"","format":"standard","meta":{"_acf_changed":false,"inline_featured_image":false,"_monsterinsights_skip_tracking":false,"_monsterinsights_sitenote_active":false,"_monsterinsights_sitenote_note":"","_monsterinsights_sitenote_category":0,"footnotes":""},"categories":[113],"tags":[],"countries":[78],"theme":[],"class_list":["post-18655","post","type-post","status-publish","format-standard","has-post-thumbnail","hentry","category-stories","countries-benin"],"acf":[],"yoast_head":"<!-- This site is optimized with the Yoast SEO Premium plugin v27.1 (Yoast SEO v27.1.1) - https:\/\/yoast.com\/product\/yoast-seo-premium-wordpress\/ -->\n<title>The Benin school of politics: Empowering democratic leaders of the future - NIMD<\/title>\n<meta name=\"robots\" content=\"index, follow, max-snippet:-1, max-image-preview:large, max-video-preview:-1\" \/>\n<link rel=\"canonical\" href=\"https:\/\/nimd.org\/fr\/the-benin-school-of-politics-empowering-democratic-leaders-of-the-future\/\" \/>\n<meta property=\"og:locale\" content=\"fr_FR\" \/>\n<meta property=\"og:type\" content=\"article\" \/>\n<meta property=\"og:title\" content=\"The Benin school of politics: Empowering democratic leaders of the future\" \/>\n<meta property=\"og:description\" content=\"Eric Vignil\u00e9 Tindo is a young man from Bohicon, a town about 120 km inland from the Beninese economic capital of Cotonou. Eric was born the eldest son of a family of five children. His father has always worked as a welder while his mother stayed at home. In 2011, Eric gained a professional degree &hellip;\" \/>\n<meta property=\"og:url\" content=\"https:\/\/nimd.org\/fr\/the-benin-school-of-politics-empowering-democratic-leaders-of-the-future\/\" \/>\n<meta property=\"og:site_name\" content=\"NIMD\" \/>\n<meta property=\"article:published_time\" content=\"2017-09-05T07:45:43+00:00\" \/>\n<meta property=\"article:modified_time\" content=\"2025-07-07T03:26:54+00:00\" \/>\n<meta property=\"og:image\" content=\"https:\/\/nimd.org\/wp-content\/uploads\/2025\/02\/Benin-1.jpg\" \/>\n\t<meta property=\"og:image:width\" content=\"992\" \/>\n\t<meta property=\"og:image:height\" content=\"544\" \/>\n\t<meta property=\"og:image:type\" content=\"image\/jpeg\" \/>\n<meta name=\"author\" content=\"superadmin\" \/>\n<meta name=\"twitter:card\" content=\"summary_large_image\" \/>\n<meta name=\"twitter:label1\" content=\"\u00c9crit par\" \/>\n\t<meta name=\"twitter:data1\" content=\"superadmin\" \/>\n\t<meta name=\"twitter:label2\" content=\"Dur\u00e9e de lecture estim\u00e9e\" \/>\n\t<meta name=\"twitter:data2\" content=\"7 minutes\" \/>\n<script type=\"application\/ld+json\" class=\"yoast-schema-graph\">{\"@context\":\"https:\/\/schema.org\",\"@graph\":[{\"@type\":\"Article\",\"@id\":\"https:\/\/nimd.org\/the-benin-school-of-politics-empowering-democratic-leaders-of-the-future\/#article\",\"isPartOf\":{\"@id\":\"https:\/\/nimd.org\/the-benin-school-of-politics-empowering-democratic-leaders-of-the-future\/\"},\"author\":{\"name\":\"superadmin\",\"@id\":\"https:\/\/nimd.org\/fr\/#\/schema\/person\/fecd680c201ede81b56eb098a17ad928\"},\"headline\":\"The Benin school of politics: Empowering democratic leaders of the future\",\"datePublished\":\"2017-09-05T07:45:43+00:00\",\"dateModified\":\"2025-07-07T03:26:54+00:00\",\"mainEntityOfPage\":{\"@id\":\"https:\/\/nimd.org\/the-benin-school-of-politics-empowering-democratic-leaders-of-the-future\/\"},\"wordCount\":1357,\"commentCount\":0,\"image\":{\"@id\":\"https:\/\/nimd.org\/the-benin-school-of-politics-empowering-democratic-leaders-of-the-future\/#primaryimage\"},\"thumbnailUrl\":\"https:\/\/nimd.org\/wp-content\/uploads\/2025\/02\/Benin-1.jpg\",\"articleSection\":[\"Stories\"],\"inLanguage\":\"fr-FR\",\"potentialAction\":[{\"@type\":\"CommentAction\",\"name\":\"Comment\",\"target\":[\"https:\/\/nimd.org\/the-benin-school-of-politics-empowering-democratic-leaders-of-the-future\/#respond\"]}]},{\"@type\":\"WebPage\",\"@id\":\"https:\/\/nimd.org\/the-benin-school-of-politics-empowering-democratic-leaders-of-the-future\/\",\"url\":\"https:\/\/nimd.org\/the-benin-school-of-politics-empowering-democratic-leaders-of-the-future\/\",\"name\":\"The Benin school of politics: Empowering democratic leaders of the future - NIMD\",\"isPartOf\":{\"@id\":\"https:\/\/nimd.org\/fr\/#website\"},\"primaryImageOfPage\":{\"@id\":\"https:\/\/nimd.org\/the-benin-school-of-politics-empowering-democratic-leaders-of-the-future\/#primaryimage\"},\"image\":{\"@id\":\"https:\/\/nimd.org\/the-benin-school-of-politics-empowering-democratic-leaders-of-the-future\/#primaryimage\"},\"thumbnailUrl\":\"https:\/\/nimd.org\/wp-content\/uploads\/2025\/02\/Benin-1.jpg\",\"datePublished\":\"2017-09-05T07:45:43+00:00\",\"dateModified\":\"2025-07-07T03:26:54+00:00\",\"author\":{\"@id\":\"https:\/\/nimd.org\/fr\/#\/schema\/person\/fecd680c201ede81b56eb098a17ad928\"},\"breadcrumb\":{\"@id\":\"https:\/\/nimd.org\/the-benin-school-of-politics-empowering-democratic-leaders-of-the-future\/#breadcrumb\"},\"inLanguage\":\"fr-FR\",\"potentialAction\":[{\"@type\":\"ReadAction\",\"target\":[\"https:\/\/nimd.org\/the-benin-school-of-politics-empowering-democratic-leaders-of-the-future\/\"]}]},{\"@type\":\"ImageObject\",\"inLanguage\":\"fr-FR\",\"@id\":\"https:\/\/nimd.org\/the-benin-school-of-politics-empowering-democratic-leaders-of-the-future\/#primaryimage\",\"url\":\"https:\/\/nimd.org\/wp-content\/uploads\/2025\/02\/Benin-1.jpg\",\"contentUrl\":\"https:\/\/nimd.org\/wp-content\/uploads\/2025\/02\/Benin-1.jpg\",\"width\":992,\"height\":544},{\"@type\":\"BreadcrumbList\",\"@id\":\"https:\/\/nimd.org\/the-benin-school-of-politics-empowering-democratic-leaders-of-the-future\/#breadcrumb\",\"itemListElement\":[{\"@type\":\"ListItem\",\"position\":1,\"name\":\"Home\",\"item\":\"https:\/\/nimd.org\/fr\/\"},{\"@type\":\"ListItem\",\"position\":2,\"name\":\"The Benin school of politics: Empowering democratic leaders of the future\"}]},{\"@type\":\"WebSite\",\"@id\":\"https:\/\/nimd.org\/fr\/#website\",\"url\":\"https:\/\/nimd.org\/fr\/\",\"name\":\"NIMD\",\"description\":\"Democracy Starts With Dialogue\",\"potentialAction\":[{\"@type\":\"SearchAction\",\"target\":{\"@type\":\"EntryPoint\",\"urlTemplate\":\"https:\/\/nimd.org\/fr\/?s={search_term_string}\"},\"query-input\":{\"@type\":\"PropertyValueSpecification\",\"valueRequired\":true,\"valueName\":\"search_term_string\"}}],\"inLanguage\":\"fr-FR\"},{\"@type\":\"Person\",\"@id\":\"https:\/\/nimd.org\/fr\/#\/schema\/person\/fecd680c201ede81b56eb098a17ad928\",\"name\":\"superadmin\",\"image\":{\"@type\":\"ImageObject\",\"inLanguage\":\"fr-FR\",\"@id\":\"https:\/\/nimd.org\/fr\/#\/schema\/person\/image\/\",\"url\":\"https:\/\/secure.gravatar.com\/avatar\/1d1e7ebaf312b717161d349f71f6060e0ed86d7a652cbc37adc644a79988d181?s=96&d=mm&r=g\",\"contentUrl\":\"https:\/\/secure.gravatar.com\/avatar\/1d1e7ebaf312b717161d349f71f6060e0ed86d7a652cbc37adc644a79988d181?s=96&d=mm&r=g\",\"caption\":\"superadmin\"}}]}<\/script>\n<!-- \/ Yoast SEO Premium plugin. -->","yoast_head_json":{"title":"The Benin school of politics: Empowering democratic leaders of the future - NIMD","robots":{"index":"index","follow":"follow","max-snippet":"max-snippet:-1","max-image-preview":"max-image-preview:large","max-video-preview":"max-video-preview:-1"},"canonical":"https:\/\/nimd.org\/fr\/the-benin-school-of-politics-empowering-democratic-leaders-of-the-future\/","og_locale":"fr_FR","og_type":"article","og_title":"The Benin school of politics: Empowering democratic leaders of the future","og_description":"Eric Vignil\u00e9 Tindo is a young man from Bohicon, a town about 120 km inland from the Beninese economic capital of Cotonou. Eric was born the eldest son of a family of five children. His father has always worked as a welder while his mother stayed at home. In 2011, Eric gained a professional degree &hellip;","og_url":"https:\/\/nimd.org\/fr\/the-benin-school-of-politics-empowering-democratic-leaders-of-the-future\/","og_site_name":"NIMD","article_published_time":"2017-09-05T07:45:43+00:00","article_modified_time":"2025-07-07T03:26:54+00:00","og_image":[{"width":992,"height":544,"url":"https:\/\/nimd.org\/wp-content\/uploads\/2025\/02\/Benin-1.jpg","type":"image\/jpeg"}],"author":"superadmin","twitter_card":"summary_large_image","twitter_misc":{"\u00c9crit par":"superadmin","Dur\u00e9e de lecture estim\u00e9e":"7 minutes"},"schema":{"@context":"https:\/\/schema.org","@graph":[{"@type":"Article","@id":"https:\/\/nimd.org\/the-benin-school-of-politics-empowering-democratic-leaders-of-the-future\/#article","isPartOf":{"@id":"https:\/\/nimd.org\/the-benin-school-of-politics-empowering-democratic-leaders-of-the-future\/"},"author":{"name":"superadmin","@id":"https:\/\/nimd.org\/fr\/#\/schema\/person\/fecd680c201ede81b56eb098a17ad928"},"headline":"The Benin school of politics: Empowering democratic leaders of the future","datePublished":"2017-09-05T07:45:43+00:00","dateModified":"2025-07-07T03:26:54+00:00","mainEntityOfPage":{"@id":"https:\/\/nimd.org\/the-benin-school-of-politics-empowering-democratic-leaders-of-the-future\/"},"wordCount":1357,"commentCount":0,"image":{"@id":"https:\/\/nimd.org\/the-benin-school-of-politics-empowering-democratic-leaders-of-the-future\/#primaryimage"},"thumbnailUrl":"https:\/\/nimd.org\/wp-content\/uploads\/2025\/02\/Benin-1.jpg","articleSection":["Stories"],"inLanguage":"fr-FR","potentialAction":[{"@type":"CommentAction","name":"Comment","target":["https:\/\/nimd.org\/the-benin-school-of-politics-empowering-democratic-leaders-of-the-future\/#respond"]}]},{"@type":"WebPage","@id":"https:\/\/nimd.org\/the-benin-school-of-politics-empowering-democratic-leaders-of-the-future\/","url":"https:\/\/nimd.org\/the-benin-school-of-politics-empowering-democratic-leaders-of-the-future\/","name":"The Benin school of politics: Empowering democratic leaders of the future - NIMD","isPartOf":{"@id":"https:\/\/nimd.org\/fr\/#website"},"primaryImageOfPage":{"@id":"https:\/\/nimd.org\/the-benin-school-of-politics-empowering-democratic-leaders-of-the-future\/#primaryimage"},"image":{"@id":"https:\/\/nimd.org\/the-benin-school-of-politics-empowering-democratic-leaders-of-the-future\/#primaryimage"},"thumbnailUrl":"https:\/\/nimd.org\/wp-content\/uploads\/2025\/02\/Benin-1.jpg","datePublished":"2017-09-05T07:45:43+00:00","dateModified":"2025-07-07T03:26:54+00:00","author":{"@id":"https:\/\/nimd.org\/fr\/#\/schema\/person\/fecd680c201ede81b56eb098a17ad928"},"breadcrumb":{"@id":"https:\/\/nimd.org\/the-benin-school-of-politics-empowering-democratic-leaders-of-the-future\/#breadcrumb"},"inLanguage":"fr-FR","potentialAction":[{"@type":"ReadAction","target":["https:\/\/nimd.org\/the-benin-school-of-politics-empowering-democratic-leaders-of-the-future\/"]}]},{"@type":"ImageObject","inLanguage":"fr-FR","@id":"https:\/\/nimd.org\/the-benin-school-of-politics-empowering-democratic-leaders-of-the-future\/#primaryimage","url":"https:\/\/nimd.org\/wp-content\/uploads\/2025\/02\/Benin-1.jpg","contentUrl":"https:\/\/nimd.org\/wp-content\/uploads\/2025\/02\/Benin-1.jpg","width":992,"height":544},{"@type":"BreadcrumbList","@id":"https:\/\/nimd.org\/the-benin-school-of-politics-empowering-democratic-leaders-of-the-future\/#breadcrumb","itemListElement":[{"@type":"ListItem","position":1,"name":"Home","item":"https:\/\/nimd.org\/fr\/"},{"@type":"ListItem","position":2,"name":"The Benin school of politics: Empowering democratic leaders of the future"}]},{"@type":"WebSite","@id":"https:\/\/nimd.org\/fr\/#website","url":"https:\/\/nimd.org\/fr\/","name":"NIMD","description":"La d\u00e9mocratie commence par le dialogue","potentialAction":[{"@type":"SearchAction","target":{"@type":"EntryPoint","urlTemplate":"https:\/\/nimd.org\/fr\/?s={search_term_string}"},"query-input":{"@type":"PropertyValueSpecification","valueRequired":true,"valueName":"search_term_string"}}],"inLanguage":"fr-FR"},{"@type":"Person","@id":"https:\/\/nimd.org\/fr\/#\/schema\/person\/fecd680c201ede81b56eb098a17ad928","name":"superadministrateur","image":{"@type":"ImageObject","inLanguage":"fr-FR","@id":"https:\/\/nimd.org\/fr\/#\/schema\/person\/image\/","url":"https:\/\/secure.gravatar.com\/avatar\/1d1e7ebaf312b717161d349f71f6060e0ed86d7a652cbc37adc644a79988d181?s=96&d=mm&r=g","contentUrl":"https:\/\/secure.gravatar.com\/avatar\/1d1e7ebaf312b717161d349f71f6060e0ed86d7a652cbc37adc644a79988d181?s=96&d=mm&r=g","caption":"superadmin"}}]}},"_links":{"self":[{"href":"https:\/\/nimd.org\/fr\/wp-json\/wp\/v2\/posts\/18655","targetHints":{"allow":["GET"]}}],"collection":[{"href":"https:\/\/nimd.org\/fr\/wp-json\/wp\/v2\/posts"}],"about":[{"href":"https:\/\/nimd.org\/fr\/wp-json\/wp\/v2\/types\/post"}],"author":[{"embeddable":true,"href":"https:\/\/nimd.org\/fr\/wp-json\/wp\/v2\/users\/2"}],"replies":[{"embeddable":true,"href":"https:\/\/nimd.org\/fr\/wp-json\/wp\/v2\/comments?post=18655"}],"version-history":[{"count":6,"href":"https:\/\/nimd.org\/fr\/wp-json\/wp\/v2\/posts\/18655\/revisions"}],"predecessor-version":[{"id":25791,"href":"https:\/\/nimd.org\/fr\/wp-json\/wp\/v2\/posts\/18655\/revisions\/25791"}],"wp:featuredmedia":[{"embeddable":true,"href":"https:\/\/nimd.org\/fr\/wp-json\/wp\/v2\/media\/22075"}],"wp:attachment":[{"href":"https:\/\/nimd.org\/fr\/wp-json\/wp\/v2\/media?parent=18655"}],"wp:term":[{"taxonomy":"category","embeddable":true,"href":"https:\/\/nimd.org\/fr\/wp-json\/wp\/v2\/categories?post=18655"},{"taxonomy":"post_tag","embeddable":true,"href":"https:\/\/nimd.org\/fr\/wp-json\/wp\/v2\/tags?post=18655"},{"taxonomy":"countries","embeddable":true,"href":"https:\/\/nimd.org\/fr\/wp-json\/wp\/v2\/countries?post=18655"},{"taxonomy":"theme","embeddable":true,"href":"https:\/\/nimd.org\/fr\/wp-json\/wp\/v2\/theme?post=18655"}],"curies":[{"name":"wp","href":"https:\/\/api.w.org\/{rel}","templated":true}]}}