{"id":25954,"date":"2025-08-27T05:51:16","date_gmt":"2025-08-27T05:51:16","guid":{"rendered":"https:\/\/nimd.org\/?p=25954"},"modified":"2025-09-19T11:03:32","modified_gmt":"2025-09-19T11:03:32","slug":"political_youth_camps_jordan","status":"publish","type":"post","link":"https:\/\/nimd.org\/es\/political_youth_camps_jordan\/","title":{"rendered":"Un mosaico pol\u00edtico: j\u00f3venes jordanos y holandeses comparten experiencias y puntos de vista"},"content":{"rendered":"<p>NIMD Jordania ha puesto en marcha su Campamento de Juventudes Pol\u00edticas. Esta semana intensiva de formaci\u00f3n ten\u00eda como objetivo reforzar la capacidad de 35 miembros de todas las secciones juveniles de los partidos pol\u00edticos jordanos. El campamento se dise\u00f1\u00f3 para ayudar a los j\u00f3venes actores pol\u00edticos a desarrollar las habilidades y estrategias necesarias para desempe\u00f1ar un papel m\u00e1s activo dentro de sus partidos.<\/p>\n\n\n\n<p>Lo que diferenci\u00f3 a este campamento fue la colaboraci\u00f3n con representantes juveniles de tres partidos pol\u00edticos holandeses. Estos representantes se unieron al programa para compartir experiencias y aprender de sus hom\u00f3logos jordanos.<\/p>\n\n\n\n<figure class=\"wp-block-image size-full\"><img loading=\"lazy\" decoding=\"async\" width=\"846\" height=\"696\" src=\"https:\/\/nimd.org\/wp-content\/uploads\/2025\/08\/9-1.jpg\" alt=\"\" class=\"wp-image-25970\" srcset=\"https:\/\/nimd.org\/wp-content\/uploads\/2025\/08\/9-1.jpg 846w, https:\/\/nimd.org\/wp-content\/uploads\/2025\/08\/9-1-300x247.jpg 300w, https:\/\/nimd.org\/wp-content\/uploads\/2025\/08\/9-1-768x632.jpg 768w, https:\/\/nimd.org\/wp-content\/uploads\/2025\/08\/9-1-15x12.jpg 15w\" sizes=\"auto, (max-width: 846px) 100vw, 846px\" \/><\/figure>\n\n\n\n<h2 class=\"wp-block-heading\" id=\"h-learning-across-borders\">Aprendizaje transfronterizo<\/h2>\n\n\n\n<p>El programa de formaci\u00f3n se basa en un modelo de aprendizaje entre iguales que fomenta el di\u00e1logo entre participantes y formadores. Como parte de este enfoque, NIMD invit\u00f3 a representantes de la juventud de tres partidos pol\u00edticos neerlandeses, <a href=\"https:\/\/www.cda.nl\/\">CDA<\/a>, <a href=\"https:\/\/www.vvd.nl\/\">VVD <\/a>y <a href=\"https:\/\/www.pvda.nl\/\">PvdA<\/a>que se unan al campamento y compartan sus puntos de vista desde sus propios contextos.<\/p>\n\n\n\n<p>Kevin Klinkspoor, del CDA, Martijn Bolkestein, del VVD, y Bo Lemmens, del PvdA, dirigieron las sesiones interactivas. Compartieron su experiencia e invitaron a debatir temas como la defensa de los intereses de los j\u00f3venes y la creaci\u00f3n de coaliciones en torno a las prioridades de la juventud.<\/p>\n\n\n\n<blockquote class=\"wp-block-quote is-layout-flow wp-block-quote-is-layout-flow\">\n<p><em>\"Mezclar a j\u00f3venes de distintos partidos pol\u00edticos jordanos con compa\u00f1eros y expertos de partidos pol\u00edticos holandeses dio como resultado un mosaico pol\u00edtico que no hab\u00edamos visto antes<\/em>\", declar\u00f3 Bashar Al- Khatib, Director de NIMD en Jordania.<\/p>\n\n\n\n<figure class=\"wp-block-embed is-type-video is-provider-youtube wp-block-embed-youtube wp-embed-aspect-16-9 wp-has-aspect-ratio\"><div class=\"wp-block-embed__wrapper\">\n<iframe loading=\"lazy\" title=\"NIMD Jordania Campamento pol\u00edtico para j\u00f3venes\" width=\"500\" height=\"281\" src=\"https:\/\/www.youtube.com\/embed\/cIuQ1wHOmlA?feature=oembed\" frameborder=\"0\" allow=\"accelerometer; autoplay; clipboard-write; encrypted-media; gyroscope; picture-in-picture; web-share\" referrerpolicy=\"strict-origin-when-cross-origin\" allowfullscreen><\/iframe>\n<\/div><\/figure>\n<\/blockquote>\n\n\n\n<p><em>S.E. <em>Pierre-Christophe Chatzisavas<\/em><\/em>, <em>El Embajador de la UE en Jordania y Kevin Klinkspoor, del CDA, hablan de la formaci\u00f3n de j\u00f3venes en Jordania. <\/em><\/p>\n\n\n\n<p><\/p>\n\n\n\n<p>Los participantes se\u00f1alaron las muchas similitudes entre la juventud pol\u00edticamente activa de los Pa\u00edses Bajos y la de Jordania. Los j\u00f3venes de ambos pa\u00edses destacaron los retos similares a los que se enfrentan cuando participan en pol\u00edtica. Entre ellos, trabajar con los altos cargos de sus partidos pol\u00edticos y enfrentarse a los estereotipos que pesan sobre las mujeres y los j\u00f3venes en la pol\u00edtica.<\/p>\n\n\n\n<h2 class=\"wp-block-heading\" id=\"h-a-holistic-approach-to-youth-political-engagement\"><strong>Un enfoque hol\u00edstico del compromiso pol\u00edtico de los j\u00f3venes<\/strong><\/h2>\n\n\n\n<p>Asimismo, formadores locales experimentados impartieron sesiones espec\u00edficas dise\u00f1adas para satisfacer las necesidades de los miembros de las juventudes jordanas del partido. En conjunto, estas sesiones ofrecieron un programa de formaci\u00f3n diverso y din\u00e1mico, basado en la experiencia de la vida real y el aprendizaje colaborativo.<\/p>\n\n\n\n<figure class=\"wp-block-image size-full\"><img loading=\"lazy\" decoding=\"async\" width=\"925\" height=\"731\" src=\"http:\/\/nimd.org\/wp-content\/uploads\/2025\/08\/6.jpg\" alt=\"\" class=\"wp-image-25960\" srcset=\"https:\/\/nimd.org\/wp-content\/uploads\/2025\/08\/6.jpg 925w, https:\/\/nimd.org\/wp-content\/uploads\/2025\/08\/6-300x237.jpg 300w, https:\/\/nimd.org\/wp-content\/uploads\/2025\/08\/6-768x607.jpg 768w, https:\/\/nimd.org\/wp-content\/uploads\/2025\/08\/6-15x12.jpg 15w\" sizes=\"auto, (max-width: 925px) 100vw, 925px\" \/><\/figure>\n\n\n\n<blockquote class=\"wp-block-quote is-layout-flow wp-block-quote-is-layout-flow\">\n<p>\"<em>Decidimos optar por m\u00e9todos experimentales fuera de lo com\u00fan. Por eso aplicamos una mezcla de sesiones de formaci\u00f3n y sesiones de di\u00e1logo sobre distintos temas, y utilizamos herramientas y temas de educaci\u00f3n emancipadora. Nuestro objetivo era mejorar la capacidad de pensamiento cr\u00edtico y creativo de los participantes.<\/em>dijo Al-Jatib.<\/p>\n<\/blockquote>\n\n\n\n<p>El programa inclu\u00eda sesiones sobre temas como<br>- Fomento de la confianza;<br>- Estructuraci\u00f3n y organizaci\u00f3n de las alas juveniles;<br>- Promoci\u00f3n y compromiso de los miembros;<br>- Alinear las actividades de los partidos con las prioridades de los j\u00f3venes;<br>- Planificaci\u00f3n y gesti\u00f3n de iniciativas dirigidas por j\u00f3venes;<br>- Grupos de presi\u00f3n y creaci\u00f3n de alianzas;<br>- Pensamiento cr\u00edtico y creativo en estrategia pol\u00edtica.<\/p>\n\n\n\n<figure class=\"wp-block-image size-large\"><img loading=\"lazy\" decoding=\"async\" width=\"1024\" height=\"714\" src=\"http:\/\/nimd.org\/wp-content\/uploads\/2025\/08\/3-1024x714.jpg\" alt=\"\" class=\"wp-image-25957\" srcset=\"https:\/\/nimd.org\/wp-content\/uploads\/2025\/08\/3-1024x714.jpg 1024w, https:\/\/nimd.org\/wp-content\/uploads\/2025\/08\/3-300x209.jpg 300w, https:\/\/nimd.org\/wp-content\/uploads\/2025\/08\/3-768x536.jpg 768w, https:\/\/nimd.org\/wp-content\/uploads\/2025\/08\/3-18x12.jpg 18w, https:\/\/nimd.org\/wp-content\/uploads\/2025\/08\/3.jpg 1197w\" sizes=\"auto, (max-width: 1024px) 100vw, 1024px\" \/><\/figure>\n\n\n\n<p>Por las tardes, los participantes exploraron temas m\u00e1s amplios en torno a la pol\u00edtica y la sociedad. Estas sesiones se centraron en la relaci\u00f3n entre arte, m\u00fasica y pol\u00edtica. Las conversaciones permitieron a los participantes reflexionar sobre c\u00f3mo el compromiso pol\u00edtico se cruza con la identidad personal, los valores y la expresi\u00f3n creativa.<\/p>\n\n\n\n<blockquote class=\"wp-block-quote is-layout-flow wp-block-quote-is-layout-flow\">\n<p>\"<em>Nuestra principal conclusi\u00f3n es que organizar una actividad de este tipo y ofrecer sesiones sobre muchos temas impartidas por distintos formadores dio resultados inmediatos en comparaci\u00f3n con las actividades tradicionales de desarrollo de capacidades (2 o 3 d\u00edas de formaci\u00f3n con el mismo experto, por ejemplo). Exponer a los participantes a muchos temas y a muchos expertos en un periodo de tiempo relativamente corto instig\u00f3 sus habilidades de pensamiento creativo y cr\u00edtico mucho m\u00e1s r\u00e1pido en comparaci\u00f3n con otros entornos.<\/em>\"dijo Al- Khatib.<\/p>\n\n\n\n<figure class=\"wp-block-image size-large\"><img loading=\"lazy\" decoding=\"async\" width=\"1024\" height=\"790\" src=\"http:\/\/nimd.org\/wp-content\/uploads\/2025\/08\/8-1024x790.jpg\" alt=\"\" class=\"wp-image-25962\" srcset=\"https:\/\/nimd.org\/wp-content\/uploads\/2025\/08\/8-1024x790.jpg 1024w, https:\/\/nimd.org\/wp-content\/uploads\/2025\/08\/8-300x232.jpg 300w, https:\/\/nimd.org\/wp-content\/uploads\/2025\/08\/8-768x593.jpg 768w, https:\/\/nimd.org\/wp-content\/uploads\/2025\/08\/8-16x12.jpg 16w, https:\/\/nimd.org\/wp-content\/uploads\/2025\/08\/8.jpg 1043w\" sizes=\"auto, (max-width: 1024px) 100vw, 1024px\" \/><\/figure>\n<\/blockquote>\n\n\n\n<h2 class=\"wp-block-heading\" id=\"h-youth-as-active-changemakers\"><strong>Los j\u00f3venes como agentes activos del cambio<\/strong><\/h2>\n\n\n\n<p>Esta iniciativa refleja la misi\u00f3n m\u00e1s amplia del NIMD de fomentar sistemas pol\u00edticos inclusivos y receptivos apoyando a los j\u00f3venes como agentes activos del cambio dentro de sus partidos. A medida que Jordania implementa reformas destinadas a profundizar la gobernanza democr\u00e1tica, iniciativas como el Campamento Pol\u00edtico Juvenil desempe\u00f1an un papel crucial en la construcci\u00f3n de una nueva generaci\u00f3n de l\u00edderes pol\u00edticos equipados con las herramientas, los conocimientos y las redes para tener un impacto duradero.<\/p>\n\n\n\n<p><em>Organizado por el NIMD en estrecha colaboraci\u00f3n con la <a href=\"https:\/\/www.iec.jo\/en\/other\/independent-election-commission-jordan-0\" target=\"_blank\" rel=\"noreferrer noopener\">Comisi\u00f3n Electoral Independiente <\/a>(CEI).<\/em><\/p>\n\n\n\n<figure class=\"wp-block-image alignleft size-full\"><img loading=\"lazy\" decoding=\"async\" width=\"150\" height=\"101\" src=\"http:\/\/nimd.org\/wp-content\/uploads\/2025\/04\/EU-flag-150.png\" alt=\"\" class=\"wp-image-24575\" srcset=\"https:\/\/nimd.org\/wp-content\/uploads\/2025\/04\/EU-flag-150.png 150w, https:\/\/nimd.org\/wp-content\/uploads\/2025\/04\/EU-flag-150-18x12.png 18w\" sizes=\"auto, (max-width: 150px) 100vw, 150px\" \/><\/figure>\n\n\n\n<p><em>La iniciativa forma parte del programa financiado por la UE \"Apoyo a las reformas democr\u00e1ticas en Jordania\", ejecutado por <a href=\"https:\/\/www.expertisefrance.fr\/en\" target=\"_blank\" rel=\"noreferrer noopener\">Especializaci\u00f3n Francia<\/a>NIMD, <a href=\"https:\/\/www.wfd.org\/\" target=\"_blank\" rel=\"noreferrer noopener\">Fundaci\u00f3n Westminster para la Democracia<\/a> (DMA), y <a href=\"https:\/\/cfi.fr\/fr\" target=\"_blank\" rel=\"noreferrer noopener\">Canal France Internationale<\/a> (CFI).<\/em><\/p>\n\n\n\n<p><\/p>","protected":false},"excerpt":{"rendered":"<p>NIMD Jordania ha puesto en marcha su Campamento de Juventudes Pol\u00edticas. Esta semana intensiva de formaci\u00f3n ten\u00eda como objetivo reforzar la capacidad de 35 miembros de todas las secciones juveniles de los partidos pol\u00edticos jordanos. El campamento se dise\u00f1\u00f3 para ayudar a los j\u00f3venes actores pol\u00edticos a desarrollar las habilidades y estrategias necesarias para desempe\u00f1ar un papel m\u00e1s activo dentro de sus partidos. Lo que ... <a href=\"https:\/\/nimd.org\/es\/political_youth_camps_jordan\/\"><\/a><\/p>","protected":false},"author":5,"featured_media":25961,"comment_status":"closed","ping_status":"open","sticky":false,"template":"","format":"standard","meta":{"_acf_changed":false,"inline_featured_image":false,"_monsterinsights_skip_tracking":false,"_monsterinsights_sitenote_active":false,"_monsterinsights_sitenote_note":"","_monsterinsights_sitenote_category":0,"footnotes":""},"categories":[99],"tags":[],"countries":[],"theme":[],"class_list":["post-25954","post","type-post","status-publish","format-standard","has-post-thumbnail","hentry","category-news"],"acf":[],"yoast_head":"<!-- This site is optimized with the Yoast SEO Premium plugin v27.1 (Yoast SEO v27.1.1) - https:\/\/yoast.com\/product\/yoast-seo-premium-wordpress\/ -->\n<title>A Political Mosaic: Jordanian and Dutch youth share experience and insights - NIMD<\/title>\n<meta name=\"description\" content=\"Political Youth Camp kicks off in Jordan, bringing together young leaders from Jordan and the Netherlands.\" \/>\n<meta name=\"robots\" content=\"index, follow, max-snippet:-1, max-image-preview:large, max-video-preview:-1\" \/>\n<link rel=\"canonical\" href=\"https:\/\/nimd.org\/es\/political_youth_camps_jordan\/\" \/>\n<meta property=\"og:locale\" content=\"es_ES\" \/>\n<meta property=\"og:type\" content=\"article\" \/>\n<meta property=\"og:title\" content=\"A Political Mosaic: Jordanian and Dutch youth share experience and insights\" \/>\n<meta property=\"og:description\" content=\"Political Youth Camp kicks off in Jordan, bringing together young leaders from Jordan and the Netherlands.\" \/>\n<meta property=\"og:url\" content=\"https:\/\/nimd.org\/es\/political_youth_camps_jordan\/\" \/>\n<meta property=\"og:site_name\" content=\"NIMD\" \/>\n<meta property=\"article:published_time\" content=\"2025-08-27T05:51:16+00:00\" \/>\n<meta property=\"article:modified_time\" content=\"2025-09-19T11:03:32+00:00\" \/>\n<meta property=\"og:image\" content=\"https:\/\/nimd.org\/wp-content\/uploads\/2025\/08\/7.jpg\" \/>\n\t<meta property=\"og:image:width\" content=\"1141\" \/>\n\t<meta property=\"og:image:height\" content=\"832\" \/>\n\t<meta property=\"og:image:type\" content=\"image\/jpeg\" \/>\n<meta name=\"author\" content=\"Monique Ronza\" \/>\n<meta name=\"twitter:card\" content=\"summary_large_image\" \/>\n<meta name=\"twitter:label1\" content=\"Escrito por\" \/>\n\t<meta name=\"twitter:data1\" content=\"Monique Ronza\" \/>\n\t<meta name=\"twitter:label2\" content=\"Tiempo de lectura\" \/>\n\t<meta name=\"twitter:data2\" content=\"4 minutos\" \/>\n<script type=\"application\/ld+json\" class=\"yoast-schema-graph\">{\"@context\":\"https:\/\/schema.org\",\"@graph\":[{\"@type\":\"Article\",\"@id\":\"https:\/\/nimd.org\/political_youth_camps_jordan\/#article\",\"isPartOf\":{\"@id\":\"https:\/\/nimd.org\/political_youth_camps_jordan\/\"},\"author\":{\"name\":\"Monique Ronza\",\"@id\":\"https:\/\/nimd.org\/fr\/#\/schema\/person\/d63ced91370b58d80f9f046bef34f21b\"},\"headline\":\"A Political Mosaic: Jordanian and Dutch youth share experience and insights\",\"datePublished\":\"2025-08-27T05:51:16+00:00\",\"dateModified\":\"2025-09-19T11:03:32+00:00\",\"mainEntityOfPage\":{\"@id\":\"https:\/\/nimd.org\/political_youth_camps_jordan\/\"},\"wordCount\":638,\"image\":{\"@id\":\"https:\/\/nimd.org\/political_youth_camps_jordan\/#primaryimage\"},\"thumbnailUrl\":\"https:\/\/nimd.org\/wp-content\/uploads\/2025\/08\/7.jpg\",\"articleSection\":[\"News\"],\"inLanguage\":\"es\"},{\"@type\":\"WebPage\",\"@id\":\"https:\/\/nimd.org\/political_youth_camps_jordan\/\",\"url\":\"https:\/\/nimd.org\/political_youth_camps_jordan\/\",\"name\":\"A Political Mosaic: Jordanian and Dutch youth share experience and insights - NIMD\",\"isPartOf\":{\"@id\":\"https:\/\/nimd.org\/fr\/#website\"},\"primaryImageOfPage\":{\"@id\":\"https:\/\/nimd.org\/political_youth_camps_jordan\/#primaryimage\"},\"image\":{\"@id\":\"https:\/\/nimd.org\/political_youth_camps_jordan\/#primaryimage\"},\"thumbnailUrl\":\"https:\/\/nimd.org\/wp-content\/uploads\/2025\/08\/7.jpg\",\"datePublished\":\"2025-08-27T05:51:16+00:00\",\"dateModified\":\"2025-09-19T11:03:32+00:00\",\"author\":{\"@id\":\"https:\/\/nimd.org\/fr\/#\/schema\/person\/d63ced91370b58d80f9f046bef34f21b\"},\"description\":\"Political Youth Camp kicks off in Jordan, bringing together young leaders from Jordan and the Netherlands.\",\"breadcrumb\":{\"@id\":\"https:\/\/nimd.org\/political_youth_camps_jordan\/#breadcrumb\"},\"inLanguage\":\"es\",\"potentialAction\":[{\"@type\":\"ReadAction\",\"target\":[\"https:\/\/nimd.org\/political_youth_camps_jordan\/\"]}]},{\"@type\":\"ImageObject\",\"inLanguage\":\"es\",\"@id\":\"https:\/\/nimd.org\/political_youth_camps_jordan\/#primaryimage\",\"url\":\"https:\/\/nimd.org\/wp-content\/uploads\/2025\/08\/7.jpg\",\"contentUrl\":\"https:\/\/nimd.org\/wp-content\/uploads\/2025\/08\/7.jpg\",\"width\":1141,\"height\":832},{\"@type\":\"BreadcrumbList\",\"@id\":\"https:\/\/nimd.org\/political_youth_camps_jordan\/#breadcrumb\",\"itemListElement\":[{\"@type\":\"ListItem\",\"position\":1,\"name\":\"Home\",\"item\":\"https:\/\/nimd.org\/fr\/\"},{\"@type\":\"ListItem\",\"position\":2,\"name\":\"A Political Mosaic: Jordanian and Dutch youth share experience and insights\"}]},{\"@type\":\"WebSite\",\"@id\":\"https:\/\/nimd.org\/fr\/#website\",\"url\":\"https:\/\/nimd.org\/fr\/\",\"name\":\"NIMD\",\"description\":\"Democracy Starts With Dialogue\",\"potentialAction\":[{\"@type\":\"SearchAction\",\"target\":{\"@type\":\"EntryPoint\",\"urlTemplate\":\"https:\/\/nimd.org\/fr\/?s={search_term_string}\"},\"query-input\":{\"@type\":\"PropertyValueSpecification\",\"valueRequired\":true,\"valueName\":\"search_term_string\"}}],\"inLanguage\":\"es\"},{\"@type\":\"Person\",\"@id\":\"https:\/\/nimd.org\/fr\/#\/schema\/person\/d63ced91370b58d80f9f046bef34f21b\",\"name\":\"Monique Ronza\",\"image\":{\"@type\":\"ImageObject\",\"inLanguage\":\"es\",\"@id\":\"https:\/\/nimd.org\/fr\/#\/schema\/person\/image\/\",\"url\":\"https:\/\/secure.gravatar.com\/avatar\/18d792a52703467659572e49d45d9c42f3f6eda2bd4b3dce5b9ffe47cdf9c313?s=96&d=mm&r=g\",\"contentUrl\":\"https:\/\/secure.gravatar.com\/avatar\/18d792a52703467659572e49d45d9c42f3f6eda2bd4b3dce5b9ffe47cdf9c313?s=96&d=mm&r=g\",\"caption\":\"Monique Ronza\"}}]}<\/script>\n<!-- \/ Yoast SEO Premium plugin. -->","yoast_head_json":{"title":"Un mosaico pol\u00edtico: j\u00f3venes jordanos y holandeses comparten experiencias y puntos de vista - NIMD","description":"Comienza en Jordania el Campamento Pol\u00edtico Juvenil, que re\u00fane a j\u00f3venes l\u00edderes de Jordania y los Pa\u00edses Bajos.","robots":{"index":"index","follow":"follow","max-snippet":"max-snippet:-1","max-image-preview":"max-image-preview:large","max-video-preview":"max-video-preview:-1"},"canonical":"https:\/\/nimd.org\/es\/political_youth_camps_jordan\/","og_locale":"es_ES","og_type":"article","og_title":"A Political Mosaic: Jordanian and Dutch youth share experience and insights","og_description":"Political Youth Camp kicks off in Jordan, bringing together young leaders from Jordan and the Netherlands.","og_url":"https:\/\/nimd.org\/es\/political_youth_camps_jordan\/","og_site_name":"NIMD","article_published_time":"2025-08-27T05:51:16+00:00","article_modified_time":"2025-09-19T11:03:32+00:00","og_image":[{"width":1141,"height":832,"url":"https:\/\/nimd.org\/wp-content\/uploads\/2025\/08\/7.jpg","type":"image\/jpeg"}],"author":"Monique Ronza","twitter_card":"summary_large_image","twitter_misc":{"Escrito por":"Monique Ronza","Tiempo de lectura":"4 minutos"},"schema":{"@context":"https:\/\/schema.org","@graph":[{"@type":"Article","@id":"https:\/\/nimd.org\/political_youth_camps_jordan\/#article","isPartOf":{"@id":"https:\/\/nimd.org\/political_youth_camps_jordan\/"},"author":{"name":"Monique Ronza","@id":"https:\/\/nimd.org\/fr\/#\/schema\/person\/d63ced91370b58d80f9f046bef34f21b"},"headline":"A Political Mosaic: Jordanian and Dutch youth share experience and insights","datePublished":"2025-08-27T05:51:16+00:00","dateModified":"2025-09-19T11:03:32+00:00","mainEntityOfPage":{"@id":"https:\/\/nimd.org\/political_youth_camps_jordan\/"},"wordCount":638,"image":{"@id":"https:\/\/nimd.org\/political_youth_camps_jordan\/#primaryimage"},"thumbnailUrl":"https:\/\/nimd.org\/wp-content\/uploads\/2025\/08\/7.jpg","articleSection":["News"],"inLanguage":"es"},{"@type":"WebPage","@id":"https:\/\/nimd.org\/political_youth_camps_jordan\/","url":"https:\/\/nimd.org\/political_youth_camps_jordan\/","name":"Un mosaico pol\u00edtico: j\u00f3venes jordanos y holandeses comparten experiencias y puntos de vista - NIMD","isPartOf":{"@id":"https:\/\/nimd.org\/fr\/#website"},"primaryImageOfPage":{"@id":"https:\/\/nimd.org\/political_youth_camps_jordan\/#primaryimage"},"image":{"@id":"https:\/\/nimd.org\/political_youth_camps_jordan\/#primaryimage"},"thumbnailUrl":"https:\/\/nimd.org\/wp-content\/uploads\/2025\/08\/7.jpg","datePublished":"2025-08-27T05:51:16+00:00","dateModified":"2025-09-19T11:03:32+00:00","author":{"@id":"https:\/\/nimd.org\/fr\/#\/schema\/person\/d63ced91370b58d80f9f046bef34f21b"},"description":"Comienza en Jordania el Campamento Pol\u00edtico Juvenil, que re\u00fane a j\u00f3venes l\u00edderes de Jordania y los Pa\u00edses Bajos.","breadcrumb":{"@id":"https:\/\/nimd.org\/political_youth_camps_jordan\/#breadcrumb"},"inLanguage":"es","potentialAction":[{"@type":"ReadAction","target":["https:\/\/nimd.org\/political_youth_camps_jordan\/"]}]},{"@type":"ImageObject","inLanguage":"es","@id":"https:\/\/nimd.org\/political_youth_camps_jordan\/#primaryimage","url":"https:\/\/nimd.org\/wp-content\/uploads\/2025\/08\/7.jpg","contentUrl":"https:\/\/nimd.org\/wp-content\/uploads\/2025\/08\/7.jpg","width":1141,"height":832},{"@type":"BreadcrumbList","@id":"https:\/\/nimd.org\/political_youth_camps_jordan\/#breadcrumb","itemListElement":[{"@type":"ListItem","position":1,"name":"Home","item":"https:\/\/nimd.org\/fr\/"},{"@type":"ListItem","position":2,"name":"A Political Mosaic: Jordanian and Dutch youth share experience and insights"}]},{"@type":"WebSite","@id":"https:\/\/nimd.org\/fr\/#website","url":"https:\/\/nimd.org\/fr\/","name":"NIMD","description":"La democracia empieza por el di\u00e1logo","potentialAction":[{"@type":"SearchAction","target":{"@type":"EntryPoint","urlTemplate":"https:\/\/nimd.org\/fr\/?s={search_term_string}"},"query-input":{"@type":"PropertyValueSpecification","valueRequired":true,"valueName":"search_term_string"}}],"inLanguage":"es"},{"@type":"Person","@id":"https:\/\/nimd.org\/fr\/#\/schema\/person\/d63ced91370b58d80f9f046bef34f21b","name":"Monique Ronza","image":{"@type":"ImageObject","inLanguage":"es","@id":"https:\/\/nimd.org\/fr\/#\/schema\/person\/image\/","url":"https:\/\/secure.gravatar.com\/avatar\/18d792a52703467659572e49d45d9c42f3f6eda2bd4b3dce5b9ffe47cdf9c313?s=96&d=mm&r=g","contentUrl":"https:\/\/secure.gravatar.com\/avatar\/18d792a52703467659572e49d45d9c42f3f6eda2bd4b3dce5b9ffe47cdf9c313?s=96&d=mm&r=g","caption":"Monique Ronza"}}]}},"_links":{"self":[{"href":"https:\/\/nimd.org\/es\/wp-json\/wp\/v2\/posts\/25954","targetHints":{"allow":["GET"]}}],"collection":[{"href":"https:\/\/nimd.org\/es\/wp-json\/wp\/v2\/posts"}],"about":[{"href":"https:\/\/nimd.org\/es\/wp-json\/wp\/v2\/types\/post"}],"author":[{"embeddable":true,"href":"https:\/\/nimd.org\/es\/wp-json\/wp\/v2\/users\/5"}],"replies":[{"embeddable":true,"href":"https:\/\/nimd.org\/es\/wp-json\/wp\/v2\/comments?post=25954"}],"version-history":[{"count":11,"href":"https:\/\/nimd.org\/es\/wp-json\/wp\/v2\/posts\/25954\/revisions"}],"predecessor-version":[{"id":26027,"href":"https:\/\/nimd.org\/es\/wp-json\/wp\/v2\/posts\/25954\/revisions\/26027"}],"wp:featuredmedia":[{"embeddable":true,"href":"https:\/\/nimd.org\/es\/wp-json\/wp\/v2\/media\/25961"}],"wp:attachment":[{"href":"https:\/\/nimd.org\/es\/wp-json\/wp\/v2\/media?parent=25954"}],"wp:term":[{"taxonomy":"category","embeddable":true,"href":"https:\/\/nimd.org\/es\/wp-json\/wp\/v2\/categories?post=25954"},{"taxonomy":"post_tag","embeddable":true,"href":"https:\/\/nimd.org\/es\/wp-json\/wp\/v2\/tags?post=25954"},{"taxonomy":"countries","embeddable":true,"href":"https:\/\/nimd.org\/es\/wp-json\/wp\/v2\/countries?post=25954"},{"taxonomy":"theme","embeddable":true,"href":"https:\/\/nimd.org\/es\/wp-json\/wp\/v2\/theme?post=25954"}],"curies":[{"name":"wp","href":"https:\/\/api.w.org\/{rel}","templated":true}]}}