{"id":19070,"date":"2024-07-31T15:40:26","date_gmt":"2024-07-31T15:40:26","guid":{"rendered":"https:\/\/nimd.org\/the-voice-of-youth-at-the-table-in-the-big-apple\/"},"modified":"2026-01-26T14:42:11","modified_gmt":"2026-01-26T14:42:11","slug":"the-voice-of-youth-at-the-table-in-the-big-apple","status":"publish","type":"post","link":"https:\/\/nimd.org\/es\/the-voice-of-youth-at-the-table-in-the-big-apple\/","title":{"rendered":"La voz de los j\u00f3venes en la mesa de la Gran Manzana"},"content":{"rendered":"<p>Estirando las letras en la p\u00e1gina, el <a href=\"https:\/\/nimd.org\/es\/theme-brochures\/the-voice-of-youth-at-the-table\/\">Informe La voz de los j\u00f3venes en la mesa<\/a> despert\u00f3 de su letargo; era un d\u00eda emocionante. Era el d\u00eda del lanzamiento, nada menos que en Nueva York. Hoy mostrar\u00eda al mundo lo que ten\u00eda que ofrecer: una recopilaci\u00f3n de lecciones aprendidas, historias y retos colectivos a los que se hab\u00edan enfrentado sus redactores en su trabajo sobre la participaci\u00f3n pol\u00edtica de los j\u00f3venes en todo el mundo. Junto con sus redactores, presentar\u00eda sus conclusiones en la Representaci\u00f3n Permanente del Reino de los Pa\u00edses Bajos ante las Naciones Unidas (ONU) ante una audiencia de representantes (juveniles) de m\u00faltiples pa\u00edses, funcionarios de la ONU, delegados juveniles y organizaciones que trabajan en la participaci\u00f3n pol\u00edtica de los j\u00f3venes. Hoy compartimos con ustedes algunos puntos destacados de su <a href=\"https:\/\/nimd.org\/es\/event-bridging-the-gap-youth-participation-in-politics\/\">primera salida<\/a> en Nueva York y, lo que es m\u00e1s importante, \u00bfahora qu\u00e9?<\/p>\n<p>En primer lugar, Chris, de Kenyan Young Members of Country Assemblies (KYMCA), explica al p\u00fablico c\u00f3mo la situaci\u00f3n en Kenia ha llegado a su punto \u00e1lgido, con los j\u00f3venes saliendo a la calle para exigir cambios. Chris afirma que, aunque en Kenia existen buenas leyes para la participaci\u00f3n pol\u00edtica de los j\u00f3venes, es necesario aplicarlas de manera m\u00e1s eficaz. Acompa\u00f1aron a Chris en el panel Kevin Eustatia-Palm, Representante de la Juventud de las Naciones Unidas para el Reino de los Pa\u00edses Bajos, de Cura\u00e7ao\/Reino de los Pa\u00edses Bajos, y Lena Al Aloul, de Jordania, y actu\u00f3 como moderadora \u00c1ngela Rodr\u00edguez, Directora de NIMD Colombia. Siguieron a una charla de Roxanne van der Bliek, de NIMD, quien se\u00f1al\u00f3 que los j\u00f3venes est\u00e1n decepcionados con la democracia en la pr\u00e1ctica y no con la democracia como modelo.<\/p>\n<p><strong><img loading=\"lazy\" decoding=\"async\" class=\"wp-image-15836 alignnone\" src=\"http:\/\/nimd.org\/wp-content\/uploads\/2025\/02\/ny3.jpg\" alt=\"\" width=\"586\" height=\"439\" \/><\/strong><\/p>\n<p>Kevin Eustatia-Palm comparte que los j\u00f3venes llevan mucho tiempo diciendo a los pol\u00edticos lo que necesitan, pero a\u00fan no se han producido acciones visibles. La voz de la juventud propone una soluci\u00f3n prometedora: entablar un di\u00e1logo con los j\u00f3venes para emprender acciones concretas y garantizar que sus voces sean escuchadas de verdad. Cuando los j\u00f3venes se sienten desconectados o ignorados, gravitan hacia v\u00edas alternativas para hacerse o\u00edr, buscando grupos activistas informales o estructuras no formales. Subrayando el punto: establecer l\u00edneas abiertas de comunicaci\u00f3n e implicar activamente a los j\u00f3venes en los procesos de toma de decisiones para fomentar la participaci\u00f3n.<\/p>\n<blockquote><p>En Jordania, Lena Al Aloul comparte que, aunque \"muchos j\u00f3venes sol\u00edan sentirse desconectados de la pol\u00edtica -lo que provocaba sentimientos de apat\u00eda-, es de esperar que las recientes reformas legislativas revitalicen su participaci\u00f3n\".<\/p><\/blockquote>\n<p>El Gobierno jordano, con la vista puesta en las pr\u00f3ximas elecciones de septiembre de este a\u00f1o, \"introducir\u00e1 un cambio significativo, ya que el requisito m\u00ednimo para los candidatos parlamentarios se ha rebajado de 30 a 25 a\u00f1os. Esto garantiza que los j\u00f3venes tendr\u00e1n ahora la oportunidad de participar activamente y hacer o\u00edr su voz\". En otras noticias legislativas, Lena comparte que la nueva ley electoral obliga \"a que cada partido pol\u00edtico cuente con una mujer en los 3 primeros puestos de la lista, y 1 en los 3 siguientes. La ley tambi\u00e9n exige que al menos un candidato de los cinco primeros de la lista tenga 35 a\u00f1os o menos\".<\/p>\n<p>Sin embargo, como el <a href=\"https:\/\/nimd.org\/es\/theme-brochures\/the-voice-of-youth-at-the-table\/\"><u>NIMD La voz de los j\u00f3venes<\/u><\/a> el siguiente paso es garantizar la correcta aplicaci\u00f3n de la legislaci\u00f3n y asegurarse de que los j\u00f3venes disponen de las herramientas adecuadas y se comprometen formalmente.<\/p>\n<blockquote><p>Pero, \"\u00bfc\u00f3mo podemos romper el ciclo de la participaci\u00f3n juvenil en el que tenemos que seguir explicando por qu\u00e9 es importante?\", se pregunta Sarah Naswari, Representante de la Juventud de la ONU del Reino de los Pa\u00edses Bajos.<\/p><\/blockquote>\n<p>Tenemos que ir m\u00e1s all\u00e1 del pastoreo y limitar a los j\u00f3venes a espacios s\u00f3lo aptos para ellos; de este modo, la juventud existir\u00e1 paralelamente a las estructuras formales; tiene que haber una combinaci\u00f3n de ambas\". Tambi\u00e9n es importante incluir a los j\u00f3venes en el equipo y verlos como expertos, como dice Kevin.<\/p>\n<p>Es esencial estimular el di\u00e1logo intergeneracional. Adem\u00e1s de ofrecer a los j\u00f3venes una importante oportunidad de establecer contactos, estos di\u00e1logos les brindan una plataforma para compartir sus conocimientos. Es una oportunidad para aumentar la confianza y el entendimiento mutuo, superar los estereotipos y reducir la polarizaci\u00f3n entre generaciones en la pol\u00edtica.<\/p>\n<p>Pero estas oportunidades no deben reservarse a una peque\u00f1a burbuja de j\u00f3venes. La representaci\u00f3n importa. Y una sola persona no puede representar a los j\u00f3venes en toda su diversidad. Por eso es importante ir m\u00e1s all\u00e1 de los sospechosos habituales en todas las formas de participaci\u00f3n pol\u00edtica.<\/p>\n<p>Los j\u00f3venes, sin embargo, necesitan la ayuda y las herramientas adecuadas para participar de forma significativa. Lena insiste en la importancia de introducir la educaci\u00f3n c\u00edvica y pol\u00edtica a una edad temprana. Aboga por una educaci\u00f3n c\u00edvica que resuene entre los participantes, combine eficazmente la teor\u00eda con la pr\u00e1ctica y haga de la pol\u00edtica algo divertido y beneficioso para todos. Chris se hizo eco de esta idea, afirmando que la pol\u00edtica debe ser accesible para todos, por ejemplo simplificando la informaci\u00f3n y los procesos.<\/p>\n<p>\u00bfQu\u00e9 cambio es el que m\u00e1s desean los participantes? Para Chris, una pol\u00edtica honesta y \u00e9tica. Para Kevin, resultados tangibles y garantizar la participaci\u00f3n de los j\u00f3venes. Tambi\u00e9n que los j\u00f3venes se informen sobre los programas pol\u00edticos; s\u00f3lo as\u00ed podr\u00e1n tomar decisiones con conocimiento de causa. Lena cierra la sesi\u00f3n con la esperanza de que tanto los pol\u00edticos j\u00f3venes como los veteranos \"se den cuenta de que la democracia se hace juntos\". Para Lena, como demuestra su amor por Jordania, el amor por el propio pa\u00eds no debe subestimarse como una baza que los j\u00f3venes ponen sobre la mesa.<\/p>\n<p>Con esto, el informe se sent\u00f3 y mir\u00f3 con orgullo. No s\u00f3lo se hab\u00edan compartido sus conclusiones, sino que se hab\u00edan debatido en profundidad. \u00bfY ahora qu\u00e9? Los participantes han hablado y el mensaje es claro: los j\u00f3venes no son s\u00f3lo el futuro, son el presente. Es hora de darles un sitio en la mesa y asegurarse de que sus voces dan forma a la conversaci\u00f3n. \u00bfC\u00f3mo? Te invitamos a leer el informe; es el primer paso para descubrir el camino que hay que seguir para garantizar que los j\u00f3venes formen parte integrante del proceso de toma de decisiones y, a su vez, crear democracias m\u00e1s inclusivas y sostenibles.<\/p>\n<p><strong>Lea la publicaci\u00f3n completa Youth at the Table <a href=\"https:\/\/nimd.org\/es\/theme-brochures\/the-voice-of-youth-at-the-table\/\">aqu\u00ed.<\/a><\/strong><\/p>","protected":false},"excerpt":{"rendered":"<p>Estirando las letras de la p\u00e1gina, el informe de La Voz de la Juventud en la Mesa despert\u00f3 de su letargo; era un d\u00eda emocionante. Era el d\u00eda: el lanzamiento, nada menos que en Nueva York. Hoy mostrar\u00eda al mundo lo que ten\u00eda que ofrecer: una recopilaci\u00f3n de lecciones aprendidas, historias y ... <a href=\"https:\/\/nimd.org\/es\/the-voice-of-youth-at-the-table-in-the-big-apple\/\"><\/a><\/p>","protected":false},"author":2,"featured_media":21871,"comment_status":"open","ping_status":"open","sticky":false,"template":"","format":"standard","meta":{"_acf_changed":false,"inline_featured_image":false,"_monsterinsights_skip_tracking":false,"_monsterinsights_sitenote_active":false,"_monsterinsights_sitenote_note":"","_monsterinsights_sitenote_category":0,"footnotes":""},"categories":[99],"tags":[],"countries":[],"theme":[77],"class_list":["post-19070","post","type-post","status-publish","format-standard","has-post-thumbnail","hentry","category-news","theme-youth-in-politics"],"acf":[],"yoast_head":"<!-- This site is optimized with the Yoast SEO Premium plugin v27.1 (Yoast SEO v27.1.1) - https:\/\/yoast.com\/product\/yoast-seo-premium-wordpress\/ -->\n<title>The Voice of Youth at the Table in the Big Apple - NIMD<\/title>\n<meta name=\"robots\" content=\"index, follow, max-snippet:-1, max-image-preview:large, max-video-preview:-1\" \/>\n<link rel=\"canonical\" href=\"https:\/\/nimd.org\/es\/the-voice-of-youth-at-the-table-in-the-big-apple\/\" \/>\n<meta property=\"og:locale\" content=\"es_ES\" \/>\n<meta property=\"og:type\" content=\"article\" \/>\n<meta property=\"og:title\" content=\"The Voice of Youth at the Table in the Big Apple\" \/>\n<meta property=\"og:description\" content=\"Stretching the letters on the page, the Voice of Youth at the Table report woke from its slumber; it was an exciting day. It was the day \u2013 the launch, in New York, no less. Today, it would show the world what it had to offer &#8211; a compilation of lessons learned, stories, and collective &hellip;\" \/>\n<meta property=\"og:url\" content=\"https:\/\/nimd.org\/es\/the-voice-of-youth-at-the-table-in-the-big-apple\/\" \/>\n<meta property=\"og:site_name\" content=\"NIMD\" \/>\n<meta property=\"article:published_time\" content=\"2024-07-31T15:40:26+00:00\" \/>\n<meta property=\"article:modified_time\" content=\"2026-01-26T14:42:11+00:00\" \/>\n<meta property=\"og:image\" content=\"https:\/\/nimd.org\/wp-content\/uploads\/2025\/02\/ny4.jpg\" \/>\n\t<meta property=\"og:image:width\" content=\"1600\" \/>\n\t<meta property=\"og:image:height\" content=\"1200\" \/>\n\t<meta property=\"og:image:type\" content=\"image\/jpeg\" \/>\n<meta name=\"author\" content=\"superadmin\" \/>\n<meta name=\"twitter:card\" content=\"summary_large_image\" \/>\n<meta name=\"twitter:label1\" content=\"Escrito por\" \/>\n\t<meta name=\"twitter:data1\" content=\"superadmin\" \/>\n\t<meta name=\"twitter:label2\" content=\"Tiempo de lectura\" \/>\n\t<meta name=\"twitter:data2\" content=\"5 minutos\" \/>\n<script type=\"application\/ld+json\" class=\"yoast-schema-graph\">{\"@context\":\"https:\/\/schema.org\",\"@graph\":[{\"@type\":\"Article\",\"@id\":\"https:\/\/nimd.org\/fr\/the-voice-of-youth-at-the-table-in-the-big-apple\/#article\",\"isPartOf\":{\"@id\":\"https:\/\/nimd.org\/fr\/the-voice-of-youth-at-the-table-in-the-big-apple\/\"},\"author\":{\"name\":\"superadmin\",\"@id\":\"https:\/\/nimd.org\/fr\/#\/schema\/person\/fecd680c201ede81b56eb098a17ad928\"},\"headline\":\"The Voice of Youth at the Table in the Big Apple\",\"datePublished\":\"2024-07-31T15:40:26+00:00\",\"dateModified\":\"2026-01-26T14:42:11+00:00\",\"mainEntityOfPage\":{\"@id\":\"https:\/\/nimd.org\/fr\/the-voice-of-youth-at-the-table-in-the-big-apple\/\"},\"wordCount\":969,\"commentCount\":0,\"image\":{\"@id\":\"https:\/\/nimd.org\/fr\/the-voice-of-youth-at-the-table-in-the-big-apple\/#primaryimage\"},\"thumbnailUrl\":\"https:\/\/nimd.org\/wp-content\/uploads\/2025\/02\/ny4.jpg\",\"articleSection\":[\"News\"],\"inLanguage\":\"es\",\"potentialAction\":[{\"@type\":\"CommentAction\",\"name\":\"Comment\",\"target\":[\"https:\/\/nimd.org\/fr\/the-voice-of-youth-at-the-table-in-the-big-apple\/#respond\"]}]},{\"@type\":\"WebPage\",\"@id\":\"https:\/\/nimd.org\/fr\/the-voice-of-youth-at-the-table-in-the-big-apple\/\",\"url\":\"https:\/\/nimd.org\/fr\/the-voice-of-youth-at-the-table-in-the-big-apple\/\",\"name\":\"The Voice of Youth at the Table in the Big Apple - NIMD\",\"isPartOf\":{\"@id\":\"https:\/\/nimd.org\/fr\/#website\"},\"primaryImageOfPage\":{\"@id\":\"https:\/\/nimd.org\/fr\/the-voice-of-youth-at-the-table-in-the-big-apple\/#primaryimage\"},\"image\":{\"@id\":\"https:\/\/nimd.org\/fr\/the-voice-of-youth-at-the-table-in-the-big-apple\/#primaryimage\"},\"thumbnailUrl\":\"https:\/\/nimd.org\/wp-content\/uploads\/2025\/02\/ny4.jpg\",\"datePublished\":\"2024-07-31T15:40:26+00:00\",\"dateModified\":\"2026-01-26T14:42:11+00:00\",\"author\":{\"@id\":\"https:\/\/nimd.org\/fr\/#\/schema\/person\/fecd680c201ede81b56eb098a17ad928\"},\"breadcrumb\":{\"@id\":\"https:\/\/nimd.org\/fr\/the-voice-of-youth-at-the-table-in-the-big-apple\/#breadcrumb\"},\"inLanguage\":\"es\",\"potentialAction\":[{\"@type\":\"ReadAction\",\"target\":[\"https:\/\/nimd.org\/fr\/the-voice-of-youth-at-the-table-in-the-big-apple\/\"]}]},{\"@type\":\"ImageObject\",\"inLanguage\":\"es\",\"@id\":\"https:\/\/nimd.org\/fr\/the-voice-of-youth-at-the-table-in-the-big-apple\/#primaryimage\",\"url\":\"https:\/\/nimd.org\/wp-content\/uploads\/2025\/02\/ny4.jpg\",\"contentUrl\":\"https:\/\/nimd.org\/wp-content\/uploads\/2025\/02\/ny4.jpg\",\"width\":1600,\"height\":1200},{\"@type\":\"BreadcrumbList\",\"@id\":\"https:\/\/nimd.org\/fr\/the-voice-of-youth-at-the-table-in-the-big-apple\/#breadcrumb\",\"itemListElement\":[{\"@type\":\"ListItem\",\"position\":1,\"name\":\"Home\",\"item\":\"https:\/\/nimd.org\/fr\/\"},{\"@type\":\"ListItem\",\"position\":2,\"name\":\"The Voice of Youth at the Table in the Big Apple\"}]},{\"@type\":\"WebSite\",\"@id\":\"https:\/\/nimd.org\/fr\/#website\",\"url\":\"https:\/\/nimd.org\/fr\/\",\"name\":\"NIMD\",\"description\":\"Democracy Starts With Dialogue\",\"potentialAction\":[{\"@type\":\"SearchAction\",\"target\":{\"@type\":\"EntryPoint\",\"urlTemplate\":\"https:\/\/nimd.org\/fr\/?s={search_term_string}\"},\"query-input\":{\"@type\":\"PropertyValueSpecification\",\"valueRequired\":true,\"valueName\":\"search_term_string\"}}],\"inLanguage\":\"es\"},{\"@type\":\"Person\",\"@id\":\"https:\/\/nimd.org\/fr\/#\/schema\/person\/fecd680c201ede81b56eb098a17ad928\",\"name\":\"superadmin\",\"image\":{\"@type\":\"ImageObject\",\"inLanguage\":\"es\",\"@id\":\"https:\/\/nimd.org\/fr\/#\/schema\/person\/image\/\",\"url\":\"https:\/\/secure.gravatar.com\/avatar\/1d1e7ebaf312b717161d349f71f6060e0ed86d7a652cbc37adc644a79988d181?s=96&d=mm&r=g\",\"contentUrl\":\"https:\/\/secure.gravatar.com\/avatar\/1d1e7ebaf312b717161d349f71f6060e0ed86d7a652cbc37adc644a79988d181?s=96&d=mm&r=g\",\"caption\":\"superadmin\"}}]}<\/script>\n<!-- \/ Yoast SEO Premium plugin. -->","yoast_head_json":{"title":"La voz de los j\u00f3venes en la mesa de la Gran Manzana - NIMD","robots":{"index":"index","follow":"follow","max-snippet":"max-snippet:-1","max-image-preview":"max-image-preview:large","max-video-preview":"max-video-preview:-1"},"canonical":"https:\/\/nimd.org\/es\/the-voice-of-youth-at-the-table-in-the-big-apple\/","og_locale":"es_ES","og_type":"article","og_title":"The Voice of Youth at the Table in the Big Apple","og_description":"Stretching the letters on the page, the Voice of Youth at the Table report woke from its slumber; it was an exciting day. It was the day \u2013 the launch, in New York, no less. Today, it would show the world what it had to offer &#8211; a compilation of lessons learned, stories, and collective &hellip;","og_url":"https:\/\/nimd.org\/es\/the-voice-of-youth-at-the-table-in-the-big-apple\/","og_site_name":"NIMD","article_published_time":"2024-07-31T15:40:26+00:00","article_modified_time":"2026-01-26T14:42:11+00:00","og_image":[{"width":1600,"height":1200,"url":"https:\/\/nimd.org\/wp-content\/uploads\/2025\/02\/ny4.jpg","type":"image\/jpeg"}],"author":"superadmin","twitter_card":"summary_large_image","twitter_misc":{"Escrito por":"superadmin","Tiempo de lectura":"5 minutos"},"schema":{"@context":"https:\/\/schema.org","@graph":[{"@type":"Article","@id":"https:\/\/nimd.org\/fr\/the-voice-of-youth-at-the-table-in-the-big-apple\/#article","isPartOf":{"@id":"https:\/\/nimd.org\/fr\/the-voice-of-youth-at-the-table-in-the-big-apple\/"},"author":{"name":"superadmin","@id":"https:\/\/nimd.org\/fr\/#\/schema\/person\/fecd680c201ede81b56eb098a17ad928"},"headline":"The Voice of Youth at the Table in the Big Apple","datePublished":"2024-07-31T15:40:26+00:00","dateModified":"2026-01-26T14:42:11+00:00","mainEntityOfPage":{"@id":"https:\/\/nimd.org\/fr\/the-voice-of-youth-at-the-table-in-the-big-apple\/"},"wordCount":969,"commentCount":0,"image":{"@id":"https:\/\/nimd.org\/fr\/the-voice-of-youth-at-the-table-in-the-big-apple\/#primaryimage"},"thumbnailUrl":"https:\/\/nimd.org\/wp-content\/uploads\/2025\/02\/ny4.jpg","articleSection":["News"],"inLanguage":"es","potentialAction":[{"@type":"CommentAction","name":"Comment","target":["https:\/\/nimd.org\/fr\/the-voice-of-youth-at-the-table-in-the-big-apple\/#respond"]}]},{"@type":"WebPage","@id":"https:\/\/nimd.org\/fr\/the-voice-of-youth-at-the-table-in-the-big-apple\/","url":"https:\/\/nimd.org\/fr\/the-voice-of-youth-at-the-table-in-the-big-apple\/","name":"La voz de los j\u00f3venes en la mesa de la Gran Manzana - NIMD","isPartOf":{"@id":"https:\/\/nimd.org\/fr\/#website"},"primaryImageOfPage":{"@id":"https:\/\/nimd.org\/fr\/the-voice-of-youth-at-the-table-in-the-big-apple\/#primaryimage"},"image":{"@id":"https:\/\/nimd.org\/fr\/the-voice-of-youth-at-the-table-in-the-big-apple\/#primaryimage"},"thumbnailUrl":"https:\/\/nimd.org\/wp-content\/uploads\/2025\/02\/ny4.jpg","datePublished":"2024-07-31T15:40:26+00:00","dateModified":"2026-01-26T14:42:11+00:00","author":{"@id":"https:\/\/nimd.org\/fr\/#\/schema\/person\/fecd680c201ede81b56eb098a17ad928"},"breadcrumb":{"@id":"https:\/\/nimd.org\/fr\/the-voice-of-youth-at-the-table-in-the-big-apple\/#breadcrumb"},"inLanguage":"es","potentialAction":[{"@type":"ReadAction","target":["https:\/\/nimd.org\/fr\/the-voice-of-youth-at-the-table-in-the-big-apple\/"]}]},{"@type":"ImageObject","inLanguage":"es","@id":"https:\/\/nimd.org\/fr\/the-voice-of-youth-at-the-table-in-the-big-apple\/#primaryimage","url":"https:\/\/nimd.org\/wp-content\/uploads\/2025\/02\/ny4.jpg","contentUrl":"https:\/\/nimd.org\/wp-content\/uploads\/2025\/02\/ny4.jpg","width":1600,"height":1200},{"@type":"BreadcrumbList","@id":"https:\/\/nimd.org\/fr\/the-voice-of-youth-at-the-table-in-the-big-apple\/#breadcrumb","itemListElement":[{"@type":"ListItem","position":1,"name":"Home","item":"https:\/\/nimd.org\/fr\/"},{"@type":"ListItem","position":2,"name":"The Voice of Youth at the Table in the Big Apple"}]},{"@type":"WebSite","@id":"https:\/\/nimd.org\/fr\/#website","url":"https:\/\/nimd.org\/fr\/","name":"NIMD","description":"La democracia empieza por el di\u00e1logo","potentialAction":[{"@type":"SearchAction","target":{"@type":"EntryPoint","urlTemplate":"https:\/\/nimd.org\/fr\/?s={search_term_string}"},"query-input":{"@type":"PropertyValueSpecification","valueRequired":true,"valueName":"search_term_string"}}],"inLanguage":"es"},{"@type":"Person","@id":"https:\/\/nimd.org\/fr\/#\/schema\/person\/fecd680c201ede81b56eb098a17ad928","name":"superadmin","image":{"@type":"ImageObject","inLanguage":"es","@id":"https:\/\/nimd.org\/fr\/#\/schema\/person\/image\/","url":"https:\/\/secure.gravatar.com\/avatar\/1d1e7ebaf312b717161d349f71f6060e0ed86d7a652cbc37adc644a79988d181?s=96&d=mm&r=g","contentUrl":"https:\/\/secure.gravatar.com\/avatar\/1d1e7ebaf312b717161d349f71f6060e0ed86d7a652cbc37adc644a79988d181?s=96&d=mm&r=g","caption":"superadmin"}}]}},"_links":{"self":[{"href":"https:\/\/nimd.org\/es\/wp-json\/wp\/v2\/posts\/19070","targetHints":{"allow":["GET"]}}],"collection":[{"href":"https:\/\/nimd.org\/es\/wp-json\/wp\/v2\/posts"}],"about":[{"href":"https:\/\/nimd.org\/es\/wp-json\/wp\/v2\/types\/post"}],"author":[{"embeddable":true,"href":"https:\/\/nimd.org\/es\/wp-json\/wp\/v2\/users\/2"}],"replies":[{"embeddable":true,"href":"https:\/\/nimd.org\/es\/wp-json\/wp\/v2\/comments?post=19070"}],"version-history":[{"count":7,"href":"https:\/\/nimd.org\/es\/wp-json\/wp\/v2\/posts\/19070\/revisions"}],"predecessor-version":[{"id":25692,"href":"https:\/\/nimd.org\/es\/wp-json\/wp\/v2\/posts\/19070\/revisions\/25692"}],"wp:featuredmedia":[{"embeddable":true,"href":"https:\/\/nimd.org\/es\/wp-json\/wp\/v2\/media\/21871"}],"wp:attachment":[{"href":"https:\/\/nimd.org\/es\/wp-json\/wp\/v2\/media?parent=19070"}],"wp:term":[{"taxonomy":"category","embeddable":true,"href":"https:\/\/nimd.org\/es\/wp-json\/wp\/v2\/categories?post=19070"},{"taxonomy":"post_tag","embeddable":true,"href":"https:\/\/nimd.org\/es\/wp-json\/wp\/v2\/tags?post=19070"},{"taxonomy":"countries","embeddable":true,"href":"https:\/\/nimd.org\/es\/wp-json\/wp\/v2\/countries?post=19070"},{"taxonomy":"theme","embeddable":true,"href":"https:\/\/nimd.org\/es\/wp-json\/wp\/v2\/theme?post=19070"}],"curies":[{"name":"wp","href":"https:\/\/api.w.org\/{rel}","templated":true}]}}