{"id":19064,"date":"2024-06-25T07:57:50","date_gmt":"2024-06-25T07:57:50","guid":{"rendered":"https:\/\/nimd.org\/event-bridging-the-gap-youth-participation-in-politics\/"},"modified":"2025-07-07T03:25:38","modified_gmt":"2025-07-07T03:25:38","slug":"event-bridging-the-gap-youth-participation-in-politics","status":"publish","type":"post","link":"https:\/\/nimd.org\/es\/event-bridging-the-gap-youth-participation-in-politics\/","title":{"rendered":"Evento | Salvando las distancias: La participaci\u00f3n de los j\u00f3venes en la pol\u00edtica"},"content":{"rendered":"<p>\u00danase a nosotros para debatir con <strong>j\u00f3venes l\u00edderes pol\u00edticos<\/strong> de todo el mundo sobre c\u00f3mo tender puentes entre la juventud y la pol\u00edtica.<\/p>\n<p>El mundo reconoce cada vez m\u00e1s la imperiosa necesidad de incluir a los j\u00f3venes en la pol\u00edtica. Sin embargo, una mayor atenci\u00f3n a la juventud debe ir acompa\u00f1ada de una mayor atenci\u00f3n a los j\u00f3venes.<a title=\"https:\/\/nimd.org\/youth-are-more-than-the-future-they-are-the-present\/\" href=\"https:\/\/nimd.org\/es\/youth-are-more-than-the-future-they-are-the-present\/\" target=\"_blank\" rel=\"nofollow noopener noreferrer ugc\"> mayor comprensi\u00f3n de los j\u00f3venes<\/a>.<\/p>\n<p>Los j\u00f3venes participan activamente en la vida c\u00edvica y lideran movimientos, pero s\u00f3lo representan el 2,8% de los parlamentarios de todo el mundo y la participaci\u00f3n electoral de los j\u00f3venes es baja. Su participaci\u00f3n activa en la vida pol\u00edtica no se traslada a las esferas pol\u00edticas formales, y los j\u00f3venes parecen cada vez m\u00e1s insatisfechos con la forma en que la democracia se ha desarrollado para ellos. Garantizar la participaci\u00f3n pol\u00edtica de los j\u00f3venes es, sin embargo, fundamental para alcanzar el Objetivo de Desarrollo Sostenible 16, que promueve sociedades e instituciones inclusivas.<\/p>\n<p>\u00bfC\u00f3mo podemos <strong>tender puentes entre los j\u00f3venes y la pol\u00edtica<\/strong>? \u00bfC\u00f3mo podemos garantizar que los j\u00f3venes no s\u00f3lo tengan un sitio en la mesa, sino que tambi\u00e9n se escuche su voz y se colabore con ellos?<\/p>\n<p>\u00danase a nosotros para debatir con j\u00f3venes l\u00edderes pol\u00edticos sobre <strong>Lunes 15 de julio de 16.00 a 18.00 horas<\/strong> en Nueva York<strong>. <\/strong>Este acto presencial se celebra en la Misi\u00f3n Permanente del Reino de los Pa\u00edses Bajos ante las Naciones Unidas como acto paralelo del Foro Pol\u00edtico de Alto Nivel.<\/p>\n<p><strong>Inscr\u00edbase con antelaci\u00f3n y asegure su plaza <a href=\"https:\/\/www.eventbrite.nl\/e\/bridging-the-gap-youth-participation-in-politics-tickets-927751749457?aff=oddtdtcreator\">aqu\u00ed<\/a>. <\/strong>Se trata de un acto presencial.<\/p>\n<h2><strong>Programa<\/strong><\/h2>\n<p>15:45 - 16:00 Apertura de puertas y recepci\u00f3n<\/p>\n<p>16:00 - 16:10 Bienvenida a cargo de <strong>Yoka Brandt, Embajadora Representaci\u00f3n Permanente de los Pa\u00edses Bajos ante la ONU<\/strong><\/p>\n<p>16.10 - 16.30 Presentaci\u00f3n sobre <strong>NIMD<\/strong>sobre la participaci\u00f3n pol\u00edtica de los j\u00f3venes<\/p>\n<p>16.30 - 17.25 Mesa redonda y preguntas y respuestas con<strong> j\u00f3venes l\u00edderes pol\u00edticos<\/strong>: Lina Al Aloul (Jordania), Chris Mark (Kenia), Kevin Eustatia (Cura\u00e7ao\/Reino de los Pa\u00edses Bajos) y Angela Rodriguez (NIMD Colombia).<\/p>\n<p>17:25 - 17:30 Clausura <strong>Subsecretario General de Juventud Felipe Paullier<\/strong><\/p>\n<p>17.30 h - 18.00 h Bebidas de networking<\/p>\n<h2><strong>Ubicaci\u00f3n<\/strong><\/h2>\n<p>Misi\u00f3n Permanente del Reino de los Pa\u00edses Bajos ante las Naciones Unidas<br \/>\n666 Tercera Avenida (entre las calles 42 y 43), 19\u00aa planta<br \/>\nNueva York 10017, Estados Unidos<br \/>\n<a title=\"https:\/\/maps.app.goo.gl\/9BtaBZa8ZFhfcBDr7\" href=\"https:\/\/maps.app.goo.gl\/9BtaBZa8ZFhfcBDr7\" target=\"_blank\" rel=\"nofollow noopener noreferrer ugc\">Enlace Google Maps<\/a><\/p>\n<p>&nbsp;<\/p>\n<p><strong>Inscr\u00edbase con antelaci\u00f3n y reserve su plaza <a href=\"https:\/\/www.eventbrite.nl\/e\/bridging-the-gap-youth-participation-in-politics-tickets-927751749457?aff=oddtdtcreator\">aqu\u00ed<\/a>. <\/strong>Estaremos encantados de recibirle.<\/p>\n<p>Este acto cuenta con el apoyo de <a title=\"https:\/\/nimd.org\/mali-young-people-play-a-pivotal-role-in-rebuilding-the-country\/\" href=\"https:\/\/nimd.org\/es\/mali-young-people-play-a-pivotal-role-in-rebuilding-the-country\/\" target=\"_blank\" rel=\"nofollow noopener noreferrer ugc\">Instituto Holand\u00e9s para la Democracia Multipartidista<\/a>, <a title=\"https:\/\/www.netherlandsandyou.nl\/web\/pr-un-new-york\" href=\"https:\/\/www.netherlandsandyou.nl\/web\/pr-un-new-york\" target=\"_blank\" rel=\"nofollow noopener noreferrer ugc\">Reino de los Pa\u00edses Bajos<\/a>y <a title=\"https:\/\/www.un.org\/youthenvoy\/\" href=\"https:\/\/www.un.org\/youthenvoy\/\" target=\"_blank\" rel=\"nofollow noopener noreferrer ugc\">Oficina de la Juventud de las Naciones Unidas<\/a>.<\/p>","protected":false},"excerpt":{"rendered":"<p>\u00danete a nosotros para debatir con j\u00f3venes l\u00edderes pol\u00edticos de todo el mundo c\u00f3mo salvar la brecha entre la juventud y la pol\u00edtica. El mundo reconoce cada vez m\u00e1s la imperiosa necesidad de incluir a los j\u00f3venes en la pol\u00edtica. Sin embargo, una mayor atenci\u00f3n a la juventud deber\u00eda ir acompa\u00f1ada de una mayor comprensi\u00f3n de los j\u00f3venes. Los j\u00f3venes son ... <a href=\"https:\/\/nimd.org\/es\/event-bridging-the-gap-youth-participation-in-politics\/\"><\/a><\/p>","protected":false},"author":2,"featured_media":21854,"comment_status":"open","ping_status":"open","sticky":false,"template":"","format":"standard","meta":{"_acf_changed":false,"inline_featured_image":false,"_monsterinsights_skip_tracking":false,"_monsterinsights_sitenote_active":false,"_monsterinsights_sitenote_note":"","_monsterinsights_sitenote_category":0,"footnotes":""},"categories":[99],"tags":[],"countries":[],"theme":[],"class_list":["post-19064","post","type-post","status-publish","format-standard","has-post-thumbnail","hentry","category-news"],"acf":[],"yoast_head":"<!-- This site is optimized with the Yoast SEO Premium plugin v27.1 (Yoast SEO v27.1.1) - https:\/\/yoast.com\/product\/yoast-seo-premium-wordpress\/ -->\n<title>Event | Bridging the Gap: Youth Participation in Politics - NIMD<\/title>\n<meta name=\"robots\" content=\"index, follow, max-snippet:-1, max-image-preview:large, max-video-preview:-1\" \/>\n<link rel=\"canonical\" href=\"https:\/\/nimd.org\/es\/event-bridging-the-gap-youth-participation-in-politics\/\" \/>\n<meta property=\"og:locale\" content=\"es_ES\" \/>\n<meta property=\"og:type\" content=\"article\" \/>\n<meta property=\"og:title\" content=\"Event | Bridging the Gap: Youth Participation in Politics\" \/>\n<meta property=\"og:description\" content=\"Join us to discuss with young political leaders from across the world how to bridge the gap between youth and politics! The world is increasingly recognizing the pressing need of including youth in politics. An increased spotlight on youth should, however, go hand in hand with an increased understanding of young people. Young people are &hellip;\" \/>\n<meta property=\"og:url\" content=\"https:\/\/nimd.org\/es\/event-bridging-the-gap-youth-participation-in-politics\/\" \/>\n<meta property=\"og:site_name\" content=\"NIMD\" \/>\n<meta property=\"article:published_time\" content=\"2024-06-25T07:57:50+00:00\" \/>\n<meta property=\"article:modified_time\" content=\"2025-07-07T03:25:38+00:00\" \/>\n<meta property=\"og:image\" content=\"https:\/\/nimd.org\/wp-content\/uploads\/2025\/02\/MiniPublic-Youth-Assembly-16-and-17-of-march-2023-2-1.jpg\" \/>\n\t<meta property=\"og:image:width\" content=\"1280\" \/>\n\t<meta property=\"og:image:height\" content=\"853\" \/>\n\t<meta property=\"og:image:type\" content=\"image\/jpeg\" \/>\n<meta name=\"author\" content=\"superadmin\" \/>\n<meta name=\"twitter:card\" content=\"summary_large_image\" \/>\n<meta name=\"twitter:label1\" content=\"Escrito por\" \/>\n\t<meta name=\"twitter:data1\" content=\"superadmin\" \/>\n\t<meta name=\"twitter:label2\" content=\"Tiempo de lectura\" \/>\n\t<meta name=\"twitter:data2\" content=\"2 minutos\" \/>\n<script type=\"application\/ld+json\" class=\"yoast-schema-graph\">{\"@context\":\"https:\/\/schema.org\",\"@graph\":[{\"@type\":\"Article\",\"@id\":\"https:\/\/nimd.org\/nl\/event-bridging-the-gap-youth-participation-in-politics\/#article\",\"isPartOf\":{\"@id\":\"https:\/\/nimd.org\/nl\/event-bridging-the-gap-youth-participation-in-politics\/\"},\"author\":{\"name\":\"superadmin\",\"@id\":\"https:\/\/nimd.org\/fr\/#\/schema\/person\/fecd680c201ede81b56eb098a17ad928\"},\"headline\":\"Event | Bridging the Gap: Youth Participation in Politics\",\"datePublished\":\"2024-06-25T07:57:50+00:00\",\"dateModified\":\"2025-07-07T03:25:38+00:00\",\"mainEntityOfPage\":{\"@id\":\"https:\/\/nimd.org\/nl\/event-bridging-the-gap-youth-participation-in-politics\/\"},\"wordCount\":369,\"commentCount\":0,\"image\":{\"@id\":\"https:\/\/nimd.org\/nl\/event-bridging-the-gap-youth-participation-in-politics\/#primaryimage\"},\"thumbnailUrl\":\"https:\/\/nimd.org\/wp-content\/uploads\/2025\/02\/MiniPublic-Youth-Assembly-16-and-17-of-march-2023-2-1.jpg\",\"articleSection\":[\"News\"],\"inLanguage\":\"es\",\"potentialAction\":[{\"@type\":\"CommentAction\",\"name\":\"Comment\",\"target\":[\"https:\/\/nimd.org\/nl\/event-bridging-the-gap-youth-participation-in-politics\/#respond\"]}]},{\"@type\":\"WebPage\",\"@id\":\"https:\/\/nimd.org\/nl\/event-bridging-the-gap-youth-participation-in-politics\/\",\"url\":\"https:\/\/nimd.org\/nl\/event-bridging-the-gap-youth-participation-in-politics\/\",\"name\":\"Event | Bridging the Gap: Youth Participation in Politics - NIMD\",\"isPartOf\":{\"@id\":\"https:\/\/nimd.org\/fr\/#website\"},\"primaryImageOfPage\":{\"@id\":\"https:\/\/nimd.org\/nl\/event-bridging-the-gap-youth-participation-in-politics\/#primaryimage\"},\"image\":{\"@id\":\"https:\/\/nimd.org\/nl\/event-bridging-the-gap-youth-participation-in-politics\/#primaryimage\"},\"thumbnailUrl\":\"https:\/\/nimd.org\/wp-content\/uploads\/2025\/02\/MiniPublic-Youth-Assembly-16-and-17-of-march-2023-2-1.jpg\",\"datePublished\":\"2024-06-25T07:57:50+00:00\",\"dateModified\":\"2025-07-07T03:25:38+00:00\",\"author\":{\"@id\":\"https:\/\/nimd.org\/fr\/#\/schema\/person\/fecd680c201ede81b56eb098a17ad928\"},\"breadcrumb\":{\"@id\":\"https:\/\/nimd.org\/nl\/event-bridging-the-gap-youth-participation-in-politics\/#breadcrumb\"},\"inLanguage\":\"es\",\"potentialAction\":[{\"@type\":\"ReadAction\",\"target\":[\"https:\/\/nimd.org\/nl\/event-bridging-the-gap-youth-participation-in-politics\/\"]}]},{\"@type\":\"ImageObject\",\"inLanguage\":\"es\",\"@id\":\"https:\/\/nimd.org\/nl\/event-bridging-the-gap-youth-participation-in-politics\/#primaryimage\",\"url\":\"https:\/\/nimd.org\/wp-content\/uploads\/2025\/02\/MiniPublic-Youth-Assembly-16-and-17-of-march-2023-2-1.jpg\",\"contentUrl\":\"https:\/\/nimd.org\/wp-content\/uploads\/2025\/02\/MiniPublic-Youth-Assembly-16-and-17-of-march-2023-2-1.jpg\",\"width\":1280,\"height\":853},{\"@type\":\"BreadcrumbList\",\"@id\":\"https:\/\/nimd.org\/nl\/event-bridging-the-gap-youth-participation-in-politics\/#breadcrumb\",\"itemListElement\":[{\"@type\":\"ListItem\",\"position\":1,\"name\":\"Home\",\"item\":\"https:\/\/nimd.org\/fr\/\"},{\"@type\":\"ListItem\",\"position\":2,\"name\":\"Event | Bridging the Gap: Youth Participation in Politics\"}]},{\"@type\":\"WebSite\",\"@id\":\"https:\/\/nimd.org\/fr\/#website\",\"url\":\"https:\/\/nimd.org\/fr\/\",\"name\":\"NIMD\",\"description\":\"Democracy Starts With Dialogue\",\"potentialAction\":[{\"@type\":\"SearchAction\",\"target\":{\"@type\":\"EntryPoint\",\"urlTemplate\":\"https:\/\/nimd.org\/fr\/?s={search_term_string}\"},\"query-input\":{\"@type\":\"PropertyValueSpecification\",\"valueRequired\":true,\"valueName\":\"search_term_string\"}}],\"inLanguage\":\"es\"},{\"@type\":\"Person\",\"@id\":\"https:\/\/nimd.org\/fr\/#\/schema\/person\/fecd680c201ede81b56eb098a17ad928\",\"name\":\"superadmin\",\"image\":{\"@type\":\"ImageObject\",\"inLanguage\":\"es\",\"@id\":\"https:\/\/nimd.org\/fr\/#\/schema\/person\/image\/\",\"url\":\"https:\/\/secure.gravatar.com\/avatar\/1d1e7ebaf312b717161d349f71f6060e0ed86d7a652cbc37adc644a79988d181?s=96&d=mm&r=g\",\"contentUrl\":\"https:\/\/secure.gravatar.com\/avatar\/1d1e7ebaf312b717161d349f71f6060e0ed86d7a652cbc37adc644a79988d181?s=96&d=mm&r=g\",\"caption\":\"superadmin\"}}]}<\/script>\n<!-- \/ Yoast SEO Premium plugin. -->","yoast_head_json":{"title":"Evento | Salvando las distancias: La participaci\u00f3n de los j\u00f3venes en la pol\u00edtica - NIMD","robots":{"index":"index","follow":"follow","max-snippet":"max-snippet:-1","max-image-preview":"max-image-preview:large","max-video-preview":"max-video-preview:-1"},"canonical":"https:\/\/nimd.org\/es\/event-bridging-the-gap-youth-participation-in-politics\/","og_locale":"es_ES","og_type":"article","og_title":"Event | Bridging the Gap: Youth Participation in Politics","og_description":"Join us to discuss with young political leaders from across the world how to bridge the gap between youth and politics! The world is increasingly recognizing the pressing need of including youth in politics. An increased spotlight on youth should, however, go hand in hand with an increased understanding of young people. Young people are &hellip;","og_url":"https:\/\/nimd.org\/es\/event-bridging-the-gap-youth-participation-in-politics\/","og_site_name":"NIMD","article_published_time":"2024-06-25T07:57:50+00:00","article_modified_time":"2025-07-07T03:25:38+00:00","og_image":[{"width":1280,"height":853,"url":"https:\/\/nimd.org\/wp-content\/uploads\/2025\/02\/MiniPublic-Youth-Assembly-16-and-17-of-march-2023-2-1.jpg","type":"image\/jpeg"}],"author":"superadmin","twitter_card":"summary_large_image","twitter_misc":{"Escrito por":"superadmin","Tiempo de lectura":"2 minutos"},"schema":{"@context":"https:\/\/schema.org","@graph":[{"@type":"Article","@id":"https:\/\/nimd.org\/nl\/event-bridging-the-gap-youth-participation-in-politics\/#article","isPartOf":{"@id":"https:\/\/nimd.org\/nl\/event-bridging-the-gap-youth-participation-in-politics\/"},"author":{"name":"superadmin","@id":"https:\/\/nimd.org\/fr\/#\/schema\/person\/fecd680c201ede81b56eb098a17ad928"},"headline":"Event | Bridging the Gap: Youth Participation in Politics","datePublished":"2024-06-25T07:57:50+00:00","dateModified":"2025-07-07T03:25:38+00:00","mainEntityOfPage":{"@id":"https:\/\/nimd.org\/nl\/event-bridging-the-gap-youth-participation-in-politics\/"},"wordCount":369,"commentCount":0,"image":{"@id":"https:\/\/nimd.org\/nl\/event-bridging-the-gap-youth-participation-in-politics\/#primaryimage"},"thumbnailUrl":"https:\/\/nimd.org\/wp-content\/uploads\/2025\/02\/MiniPublic-Youth-Assembly-16-and-17-of-march-2023-2-1.jpg","articleSection":["News"],"inLanguage":"es","potentialAction":[{"@type":"CommentAction","name":"Comment","target":["https:\/\/nimd.org\/nl\/event-bridging-the-gap-youth-participation-in-politics\/#respond"]}]},{"@type":"WebPage","@id":"https:\/\/nimd.org\/nl\/event-bridging-the-gap-youth-participation-in-politics\/","url":"https:\/\/nimd.org\/nl\/event-bridging-the-gap-youth-participation-in-politics\/","name":"Evento | Salvando las distancias: La participaci\u00f3n de los j\u00f3venes en la pol\u00edtica - NIMD","isPartOf":{"@id":"https:\/\/nimd.org\/fr\/#website"},"primaryImageOfPage":{"@id":"https:\/\/nimd.org\/nl\/event-bridging-the-gap-youth-participation-in-politics\/#primaryimage"},"image":{"@id":"https:\/\/nimd.org\/nl\/event-bridging-the-gap-youth-participation-in-politics\/#primaryimage"},"thumbnailUrl":"https:\/\/nimd.org\/wp-content\/uploads\/2025\/02\/MiniPublic-Youth-Assembly-16-and-17-of-march-2023-2-1.jpg","datePublished":"2024-06-25T07:57:50+00:00","dateModified":"2025-07-07T03:25:38+00:00","author":{"@id":"https:\/\/nimd.org\/fr\/#\/schema\/person\/fecd680c201ede81b56eb098a17ad928"},"breadcrumb":{"@id":"https:\/\/nimd.org\/nl\/event-bridging-the-gap-youth-participation-in-politics\/#breadcrumb"},"inLanguage":"es","potentialAction":[{"@type":"ReadAction","target":["https:\/\/nimd.org\/nl\/event-bridging-the-gap-youth-participation-in-politics\/"]}]},{"@type":"ImageObject","inLanguage":"es","@id":"https:\/\/nimd.org\/nl\/event-bridging-the-gap-youth-participation-in-politics\/#primaryimage","url":"https:\/\/nimd.org\/wp-content\/uploads\/2025\/02\/MiniPublic-Youth-Assembly-16-and-17-of-march-2023-2-1.jpg","contentUrl":"https:\/\/nimd.org\/wp-content\/uploads\/2025\/02\/MiniPublic-Youth-Assembly-16-and-17-of-march-2023-2-1.jpg","width":1280,"height":853},{"@type":"BreadcrumbList","@id":"https:\/\/nimd.org\/nl\/event-bridging-the-gap-youth-participation-in-politics\/#breadcrumb","itemListElement":[{"@type":"ListItem","position":1,"name":"Home","item":"https:\/\/nimd.org\/fr\/"},{"@type":"ListItem","position":2,"name":"Event | Bridging the Gap: Youth Participation in Politics"}]},{"@type":"WebSite","@id":"https:\/\/nimd.org\/fr\/#website","url":"https:\/\/nimd.org\/fr\/","name":"NIMD","description":"La democracia empieza por el di\u00e1logo","potentialAction":[{"@type":"SearchAction","target":{"@type":"EntryPoint","urlTemplate":"https:\/\/nimd.org\/fr\/?s={search_term_string}"},"query-input":{"@type":"PropertyValueSpecification","valueRequired":true,"valueName":"search_term_string"}}],"inLanguage":"es"},{"@type":"Person","@id":"https:\/\/nimd.org\/fr\/#\/schema\/person\/fecd680c201ede81b56eb098a17ad928","name":"superadmin","image":{"@type":"ImageObject","inLanguage":"es","@id":"https:\/\/nimd.org\/fr\/#\/schema\/person\/image\/","url":"https:\/\/secure.gravatar.com\/avatar\/1d1e7ebaf312b717161d349f71f6060e0ed86d7a652cbc37adc644a79988d181?s=96&d=mm&r=g","contentUrl":"https:\/\/secure.gravatar.com\/avatar\/1d1e7ebaf312b717161d349f71f6060e0ed86d7a652cbc37adc644a79988d181?s=96&d=mm&r=g","caption":"superadmin"}}]}},"_links":{"self":[{"href":"https:\/\/nimd.org\/es\/wp-json\/wp\/v2\/posts\/19064","targetHints":{"allow":["GET"]}}],"collection":[{"href":"https:\/\/nimd.org\/es\/wp-json\/wp\/v2\/posts"}],"about":[{"href":"https:\/\/nimd.org\/es\/wp-json\/wp\/v2\/types\/post"}],"author":[{"embeddable":true,"href":"https:\/\/nimd.org\/es\/wp-json\/wp\/v2\/users\/2"}],"replies":[{"embeddable":true,"href":"https:\/\/nimd.org\/es\/wp-json\/wp\/v2\/comments?post=19064"}],"version-history":[{"count":3,"href":"https:\/\/nimd.org\/es\/wp-json\/wp\/v2\/posts\/19064\/revisions"}],"predecessor-version":[{"id":25695,"href":"https:\/\/nimd.org\/es\/wp-json\/wp\/v2\/posts\/19064\/revisions\/25695"}],"wp:featuredmedia":[{"embeddable":true,"href":"https:\/\/nimd.org\/es\/wp-json\/wp\/v2\/media\/21854"}],"wp:attachment":[{"href":"https:\/\/nimd.org\/es\/wp-json\/wp\/v2\/media?parent=19064"}],"wp:term":[{"taxonomy":"category","embeddable":true,"href":"https:\/\/nimd.org\/es\/wp-json\/wp\/v2\/categories?post=19064"},{"taxonomy":"post_tag","embeddable":true,"href":"https:\/\/nimd.org\/es\/wp-json\/wp\/v2\/tags?post=19064"},{"taxonomy":"countries","embeddable":true,"href":"https:\/\/nimd.org\/es\/wp-json\/wp\/v2\/countries?post=19064"},{"taxonomy":"theme","embeddable":true,"href":"https:\/\/nimd.org\/es\/wp-json\/wp\/v2\/theme?post=19064"}],"curies":[{"name":"wp","href":"https:\/\/api.w.org\/{rel}","templated":true}]}}