{"id":19024,"date":"2023-04-12T09:58:42","date_gmt":"2023-04-12T09:58:42","guid":{"rendered":"https:\/\/nimd.org\/shared-experience-and-surprises-as-mali-democracy-school-alumni-visit-europe\/"},"modified":"2025-06-20T07:36:51","modified_gmt":"2025-06-20T07:36:51","slug":"shared-experience-and-surprises-as-mali-democracy-school-alumni-visit-europe","status":"publish","type":"post","link":"https:\/\/nimd.org\/es\/shared-experience-and-surprises-as-mali-democracy-school-alumni-visit-europe\/","title":{"rendered":"Experiencia compartida y sorpresas en la visita a Europa de antiguos alumnos de la Escuela de la Democracia de Mal\u00ed"},"content":{"rendered":"<p>Cuando Nana Salama Maiga lleg\u00f3 a los Pa\u00edses Bajos como parte de una delegaci\u00f3n de graduados de la Escuela de Democracia del NIMD en Mal\u00ed, pens\u00f3 que se ver\u00eda inmersa en una misi\u00f3n de investigaci\u00f3n para observar el funcionamiento de un sistema democr\u00e1tico de pleno derecho.<\/p>\n<p>Pero tras cuatro d\u00edas en los Pa\u00edses Bajos y B\u00e9lgica visitando instituciones pol\u00edticas e intercambiando conocimientos con colegas pol\u00edticos y defensores de la sociedad civil, descubri\u00f3 que la democracia no es un destino, sino un viaje en el que siempre se puede mejorar.<\/p>\n<p><img loading=\"lazy\" decoding=\"async\" class=\"alignright wp-image-14432 size-full\" src=\"http:\/\/nimd.org\/wp-content\/uploads\/2025\/02\/Nana-Salama-Maiga-e1673355375400.jpg\" alt=\"\" width=\"142\" height=\"143\" \/>\"Antes del viaje, a mis ojos Holanda encarnaba el modelo perfecto de sistema democr\u00e1tico\", dijo Nana, consultora de sistemas de informaci\u00f3n de 36 a\u00f1os. \"Pero durante la visita descubr\u00ed que, incluso en un pa\u00eds pol\u00edticamente estable como Holanda, siempre se est\u00e1 buscando un enfoque mejor: \u00a1la b\u00fasqueda de la implantaci\u00f3n de una democracia perfecta nunca termina!\".<\/p>\n<h2><strong>Intercambio de ideas y conocimientos<\/strong><\/h2>\n<p>El NIMD tuvo el placer de acoger a 14 antiguos alumnos del <a href=\"https:\/\/nimd.org\/es\/programmes\/mali\/\" target=\"_blank\" rel=\"noopener\">Escuela de la Democracia de Mal\u00ed<\/a> a finales de 2022, en un viaje destinado a adquirir conocimientos sobre los sistemas democr\u00e1ticos, compartir experiencias y forjar conexiones con sus hom\u00f3logos europeos.<\/p>\n<p>Con <a href=\"https:\/\/nimd.org\/es\/political-and-civic-actors-call-for-political-stability-in-the-sahel-region\/\" target=\"_blank\" rel=\"noopener\">incertidumbre pol\u00edtica tras dos golpes de Estado y una insurgencia persistente<\/a>En Mal\u00ed, el NIMD se ha comprometido a ayudar a preparar a la pr\u00f3xima generaci\u00f3n de l\u00edderes para un futuro mejor. <a href=\"https:\/\/nimd.org\/es\/what-we-do\/democracy-education\/\" target=\"_blank\" rel=\"noopener\">Escuelas democr\u00e1ticas<\/a> ofrecen oportunidades para desarrollar competencias, conocimientos y redes.<\/p>\n<p><img loading=\"lazy\" decoding=\"async\" class=\"size-full wp-image-14444 alignleft\" src=\"http:\/\/nimd.org\/wp-content\/uploads\/2025\/02\/Modibo-Yacouba-Diarra-copy.png\" alt=\"\" width=\"165\" height=\"162\" \/>\"La gobernanza y la democracia me interesaban mucho antes de asistir a la Escuela de la Democracia, pero la formaci\u00f3n me permiti\u00f3 ser capaz de analizar adecuadamente los acontecimientos sociopol\u00edticos en mi pa\u00eds y en otros lugares\", declar\u00f3 Modibo Yacouba Diarra, de 27 a\u00f1os, que trabaja como oficial de gobernanza en el Comit\u00e9 Internacional de Rescate en Mal\u00ed.<\/p>\n<p>Garantizar que los antiguos alumnos de la Escuela de la Democracia, m\u00e1s all\u00e1 de las diferencias pol\u00edticas, se mantengan en contacto y sienten las bases para una pol\u00edtica de consenso en el futuro es fundamental, y el viaje a Europa ayud\u00f3 a consolidar estos lazos.<\/p>\n<blockquote><p><strong>\"Nos enfrentamos a retos comunes... aunar nuestros esfuerzos puede tener un impacto considerable\".<\/strong><\/p><\/blockquote>\n<p>El grupo de j\u00f3venes pol\u00edticos, aspirantes a pol\u00edticos y representantes de grupos de la sociedad civil -todos ellos menores de 37 a\u00f1os- pasaron primero un tiempo en La Haya, donde escucharon presentaciones sobre el sistema pol\u00edtico holand\u00e9s, reflexiones personales sobre diplomacia internacional de un antiguo diplom\u00e1tico holand\u00e9s y una visita al Parlamento holand\u00e9s.<\/p>\n<figure id=\"attachment_14442\" aria-describedby=\"caption-attachment-14442\" style=\"width: 650px\" class=\"wp-caption alignright\"><img loading=\"lazy\" decoding=\"async\" class=\"size-full wp-image-14442\" src=\"http:\/\/nimd.org\/wp-content\/uploads\/2025\/02\/MoFA-e1673516835160.jpg\" alt=\"\" width=\"650\" height=\"488\" \/><figcaption id=\"caption-attachment-14442\" class=\"wp-caption-text\">Los participantes visitan el Ministerio de Asuntos Exteriores de los Pa\u00edses Bajos<\/figcaption><\/figure>\n<p>A continuaci\u00f3n visitaron el <a href=\"https:\/\/www.government.nl\/ministries\/ministry-of-foreign-affairs\" target=\"_blank\" rel=\"noopener\">Ministerio holand\u00e9s de Asuntos Exteriores<\/a>La visita a Mal\u00ed fue una experiencia fascinante, con intercambios fascinantes con diplom\u00e1ticos que trabajan en Mal\u00ed y la regi\u00f3n del Sahel. Pero fueron los contactos establecidos con j\u00f3venes activistas pol\u00edticos neerlandeses, incluidos representantes del <a href=\"https:\/\/www.njr.nl\/en\/\" target=\"_blank\" rel=\"noopener\">Consejo Nacional de la Juventud de los Pa\u00edses Bajos<\/a> y el ala juvenil del partido pol\u00edtico neerland\u00e9s D66, que tuvo la mayor resonancia para muchos de nuestros invitados.<\/p>\n<p><img loading=\"lazy\" decoding=\"async\" class=\"alignright size-full wp-image-14440\" src=\"http:\/\/nimd.org\/wp-content\/uploads\/2025\/02\/Taki_Kante-scaled-e1673516699633.jpg\" alt=\"\" width=\"150\" height=\"165\" \/>\"Los intercambios con organizaciones juveniles de los Pa\u00edses Bajos me permitieron comprender que nos enfrentamos a retos comunes, y que aunar nuestros esfuerzos puede tener un impacto considerable\", declar\u00f3 Taki Kante, Asistente de Cooperaci\u00f3n Pol\u00edtica y Econ\u00f3mica de la Embajada de Jap\u00f3n en Mal\u00ed.<\/p>\n<p>\"Como joven actor de la sociedad civil, estoy a\u00fan m\u00e1s motivado y comprometido a actuar positivamente dentro de mi comunidad para promover la democracia basada en nuestros valores y la buena gobernanza\".<\/p>\n<h2><strong>Ver la teor\u00eda puesta en pr\u00e1ctica en nuevos contextos pol\u00edticos<\/strong><\/h2>\n<p>Los antiguos alumnos tambi\u00e9n viajaron a Bruselas para conocer el funcionamiento de las instituciones de la Uni\u00f3n Europea. All\u00ed se reunieron con el <a href=\"https:\/\/international-partnerships.ec.europa.eu\/policies\/youth_en\" target=\"_blank\" rel=\"noopener\">Unidad de Juventud de Asociaciones Internacionales<\/a> y representantes de la <a href=\"https:\/\/www.eeas.europa.eu\/_en\" target=\"_blank\" rel=\"noopener\">Servicio Europeo de Acci\u00f3n Exterior<\/a>.<\/p>\n<p>\"Nuestra visita a las instituciones europeas me permiti\u00f3 comprender el apego de esta organizaci\u00f3n a los principios del derecho internacional y la mejora de la cooperaci\u00f3n con los pa\u00edses del Sahel\", declar\u00f3 Nana, que se anim\u00f3 a afiliarse a un partido pol\u00edtico tras participar en la Escuela de la Democracia del NIMD.<\/p>\n<p>La visita fue tambi\u00e9n una gran oportunidad para que el personal de NIMD en La Haya escuchara los comentarios sobre la Escuela de la Democracia en Mal\u00ed, en la que los participantes estudian temas como la historia pol\u00edtica de Mal\u00ed, los derechos humanos y la justicia, y el g\u00e9nero y la pol\u00edtica.<\/p>\n<p>\"La Escuela de la Democracia fue para m\u00ed un trampol\u00edn en t\u00e9rminos de compromiso y acci\u00f3n c\u00edvicos, creaci\u00f3n de redes de j\u00f3venes actores pol\u00edticos y de la sociedad civil, y desarrollo personal\", afirm\u00f3 Taki.<\/p>\n<blockquote><p><strong>\"Lazos de amistad y asociaci\u00f3n\".<\/strong><\/p><\/blockquote>\n<p><img loading=\"lazy\" decoding=\"async\" class=\"size-full wp-image-14445 alignleft\" src=\"http:\/\/nimd.org\/wp-content\/uploads\/2025\/02\/Moctar-Diop-copy.jpg\" alt=\"\" width=\"157\" height=\"129\" \/>Moctar Diop, secretario pol\u00edtico de las juventudes del Parti pour la Restauration des Valeurs du Mali, dijo que la escuela ampli\u00f3 su comprensi\u00f3n de la democracia como sistema de gobierno, y que su reciente viaje a Europa le ayud\u00f3 a ver c\u00f3mo la teor\u00eda aprendida se aplicaba en la pr\u00e1ctica en diferentes pa\u00edses y contextos pol\u00edticos.<\/p>\n<p>A \u00e9l tambi\u00e9n le sorprendieron los puntos en com\u00fan que ten\u00eda con muchas de las personas que conoci\u00f3.<\/p>\n<p>\"El viaje a La Haya me permiti\u00f3 descubrir otros sistemas de gobierno; conocer la historia pol\u00edtica holandesa, as\u00ed como el funcionamiento de sus instituciones\", dijo. \"Y, por \u00faltimo, me permiti\u00f3 tejer lazos de amistad y colaboraci\u00f3n con otros j\u00f3venes que tienen las mismas aspiraciones\".<\/p>","protected":false},"excerpt":{"rendered":"<p>Cuando Nana Salama Maiga lleg\u00f3 a los Pa\u00edses Bajos como parte de una delegaci\u00f3n de graduados de la Escuela de Democracia de NIMD en Mal\u00ed, pens\u00f3 que estar\u00eda inmersa en una misi\u00f3n de investigaci\u00f3n para observar el funcionamiento de un sistema democr\u00e1tico de pleno derecho. Pero tras cuatro d\u00edas en los Pa\u00edses Bajos y B\u00e9lgica visitando instituciones pol\u00edticas e intercambiando conocimientos ... <a href=\"https:\/\/nimd.org\/es\/shared-experience-and-surprises-as-mali-democracy-school-alumni-visit-europe\/\"><\/a><\/p>","protected":false},"author":2,"featured_media":25091,"comment_status":"open","ping_status":"open","sticky":false,"template":"","format":"standard","meta":{"_acf_changed":false,"inline_featured_image":false,"_monsterinsights_skip_tracking":false,"_monsterinsights_sitenote_active":false,"_monsterinsights_sitenote_note":"","_monsterinsights_sitenote_category":0,"footnotes":""},"categories":[113],"tags":[],"countries":[89],"theme":[70,69],"class_list":["post-19024","post","type-post","status-publish","format-standard","has-post-thumbnail","hentry","category-stories","countries-mali","theme-democracy-education","theme-dialogue"],"acf":[],"yoast_head":"<!-- This site is optimized with the Yoast SEO Premium plugin v27.1 (Yoast SEO v27.1.1) - https:\/\/yoast.com\/product\/yoast-seo-premium-wordpress\/ -->\n<title>Shared experience and surprises as Mali Democracy School alumni visit Europe - NIMD<\/title>\n<meta name=\"robots\" content=\"index, follow, max-snippet:-1, max-image-preview:large, max-video-preview:-1\" \/>\n<link rel=\"canonical\" href=\"https:\/\/nimd.org\/es\/shared-experience-and-surprises-as-mali-democracy-school-alumni-visit-europe\/\" \/>\n<meta property=\"og:locale\" content=\"es_ES\" \/>\n<meta property=\"og:type\" content=\"article\" \/>\n<meta property=\"og:title\" content=\"Shared experience and surprises as Mali Democracy School alumni visit Europe\" \/>\n<meta property=\"og:description\" content=\"When Nana Salama Maiga arrived in the Netherlands as part of a delegation of graduates from NIMD\u2019s Democracy School in Mali, she thought she would be immersed in a fact-finding mission to observe the workings of a fully-fledged democratic system. But after four days in the Netherlands and Belgium visiting political institutions and exchanging knowledge &hellip;\" \/>\n<meta property=\"og:url\" content=\"https:\/\/nimd.org\/es\/shared-experience-and-surprises-as-mali-democracy-school-alumni-visit-europe\/\" \/>\n<meta property=\"og:site_name\" content=\"NIMD\" \/>\n<meta property=\"article:published_time\" content=\"2023-04-12T09:58:42+00:00\" \/>\n<meta property=\"article:modified_time\" content=\"2025-06-20T07:36:51+00:00\" \/>\n<meta property=\"og:image\" content=\"https:\/\/nimd.org\/wp-content\/uploads\/2025\/04\/EU_Brussels-e1673517574245.jpg\" \/>\n\t<meta property=\"og:image:width\" content=\"1024\" \/>\n\t<meta property=\"og:image:height\" content=\"693\" \/>\n\t<meta property=\"og:image:type\" content=\"image\/jpeg\" \/>\n<meta name=\"author\" content=\"superadmin\" \/>\n<meta name=\"twitter:card\" content=\"summary_large_image\" \/>\n<meta name=\"twitter:label1\" content=\"Escrito por\" \/>\n\t<meta name=\"twitter:data1\" content=\"superadmin\" \/>\n\t<meta name=\"twitter:label2\" content=\"Tiempo de lectura\" \/>\n\t<meta name=\"twitter:data2\" content=\"5 minutos\" \/>\n<script type=\"application\/ld+json\" class=\"yoast-schema-graph\">{\"@context\":\"https:\/\/schema.org\",\"@graph\":[{\"@type\":\"Article\",\"@id\":\"https:\/\/nimd.org\/nl\/shared-experience-and-surprises-as-mali-democracy-school-alumni-visit-europe\/#article\",\"isPartOf\":{\"@id\":\"https:\/\/nimd.org\/nl\/shared-experience-and-surprises-as-mali-democracy-school-alumni-visit-europe\/\"},\"author\":{\"name\":\"superadmin\",\"@id\":\"https:\/\/nimd.org\/fr\/#\/schema\/person\/fecd680c201ede81b56eb098a17ad928\"},\"headline\":\"Shared experience and surprises as Mali Democracy School alumni visit Europe\",\"datePublished\":\"2023-04-12T09:58:42+00:00\",\"dateModified\":\"2025-06-20T07:36:51+00:00\",\"mainEntityOfPage\":{\"@id\":\"https:\/\/nimd.org\/nl\/shared-experience-and-surprises-as-mali-democracy-school-alumni-visit-europe\/\"},\"wordCount\":805,\"commentCount\":0,\"image\":{\"@id\":\"https:\/\/nimd.org\/nl\/shared-experience-and-surprises-as-mali-democracy-school-alumni-visit-europe\/#primaryimage\"},\"thumbnailUrl\":\"https:\/\/nimd.org\/wp-content\/uploads\/2025\/04\/EU_Brussels-e1673517574245.jpg\",\"articleSection\":[\"Stories\"],\"inLanguage\":\"es\",\"potentialAction\":[{\"@type\":\"CommentAction\",\"name\":\"Comment\",\"target\":[\"https:\/\/nimd.org\/nl\/shared-experience-and-surprises-as-mali-democracy-school-alumni-visit-europe\/#respond\"]}]},{\"@type\":\"WebPage\",\"@id\":\"https:\/\/nimd.org\/nl\/shared-experience-and-surprises-as-mali-democracy-school-alumni-visit-europe\/\",\"url\":\"https:\/\/nimd.org\/nl\/shared-experience-and-surprises-as-mali-democracy-school-alumni-visit-europe\/\",\"name\":\"Shared experience and surprises as Mali Democracy School alumni visit Europe - NIMD\",\"isPartOf\":{\"@id\":\"https:\/\/nimd.org\/fr\/#website\"},\"primaryImageOfPage\":{\"@id\":\"https:\/\/nimd.org\/nl\/shared-experience-and-surprises-as-mali-democracy-school-alumni-visit-europe\/#primaryimage\"},\"image\":{\"@id\":\"https:\/\/nimd.org\/nl\/shared-experience-and-surprises-as-mali-democracy-school-alumni-visit-europe\/#primaryimage\"},\"thumbnailUrl\":\"https:\/\/nimd.org\/wp-content\/uploads\/2025\/04\/EU_Brussels-e1673517574245.jpg\",\"datePublished\":\"2023-04-12T09:58:42+00:00\",\"dateModified\":\"2025-06-20T07:36:51+00:00\",\"author\":{\"@id\":\"https:\/\/nimd.org\/fr\/#\/schema\/person\/fecd680c201ede81b56eb098a17ad928\"},\"breadcrumb\":{\"@id\":\"https:\/\/nimd.org\/nl\/shared-experience-and-surprises-as-mali-democracy-school-alumni-visit-europe\/#breadcrumb\"},\"inLanguage\":\"es\",\"potentialAction\":[{\"@type\":\"ReadAction\",\"target\":[\"https:\/\/nimd.org\/nl\/shared-experience-and-surprises-as-mali-democracy-school-alumni-visit-europe\/\"]}]},{\"@type\":\"ImageObject\",\"inLanguage\":\"es\",\"@id\":\"https:\/\/nimd.org\/nl\/shared-experience-and-surprises-as-mali-democracy-school-alumni-visit-europe\/#primaryimage\",\"url\":\"https:\/\/nimd.org\/wp-content\/uploads\/2025\/04\/EU_Brussels-e1673517574245.jpg\",\"contentUrl\":\"https:\/\/nimd.org\/wp-content\/uploads\/2025\/04\/EU_Brussels-e1673517574245.jpg\",\"width\":1024,\"height\":693},{\"@type\":\"BreadcrumbList\",\"@id\":\"https:\/\/nimd.org\/nl\/shared-experience-and-surprises-as-mali-democracy-school-alumni-visit-europe\/#breadcrumb\",\"itemListElement\":[{\"@type\":\"ListItem\",\"position\":1,\"name\":\"Home\",\"item\":\"https:\/\/nimd.org\/fr\/\"},{\"@type\":\"ListItem\",\"position\":2,\"name\":\"Shared experience and surprises as Mali Democracy School alumni visit Europe\"}]},{\"@type\":\"WebSite\",\"@id\":\"https:\/\/nimd.org\/fr\/#website\",\"url\":\"https:\/\/nimd.org\/fr\/\",\"name\":\"NIMD\",\"description\":\"Democracy Starts With Dialogue\",\"potentialAction\":[{\"@type\":\"SearchAction\",\"target\":{\"@type\":\"EntryPoint\",\"urlTemplate\":\"https:\/\/nimd.org\/fr\/?s={search_term_string}\"},\"query-input\":{\"@type\":\"PropertyValueSpecification\",\"valueRequired\":true,\"valueName\":\"search_term_string\"}}],\"inLanguage\":\"es\"},{\"@type\":\"Person\",\"@id\":\"https:\/\/nimd.org\/fr\/#\/schema\/person\/fecd680c201ede81b56eb098a17ad928\",\"name\":\"superadmin\",\"image\":{\"@type\":\"ImageObject\",\"inLanguage\":\"es\",\"@id\":\"https:\/\/nimd.org\/fr\/#\/schema\/person\/image\/\",\"url\":\"https:\/\/secure.gravatar.com\/avatar\/1d1e7ebaf312b717161d349f71f6060e0ed86d7a652cbc37adc644a79988d181?s=96&d=mm&r=g\",\"contentUrl\":\"https:\/\/secure.gravatar.com\/avatar\/1d1e7ebaf312b717161d349f71f6060e0ed86d7a652cbc37adc644a79988d181?s=96&d=mm&r=g\",\"caption\":\"superadmin\"}}]}<\/script>\n<!-- \/ Yoast SEO Premium plugin. -->","yoast_head_json":{"title":"Experiencia compartida y sorpresas en la visita a Europa de antiguos alumnos de la Escuela de la Democracia de Mal\u00ed - NIMD","robots":{"index":"index","follow":"follow","max-snippet":"max-snippet:-1","max-image-preview":"max-image-preview:large","max-video-preview":"max-video-preview:-1"},"canonical":"https:\/\/nimd.org\/es\/shared-experience-and-surprises-as-mali-democracy-school-alumni-visit-europe\/","og_locale":"es_ES","og_type":"article","og_title":"Shared experience and surprises as Mali Democracy School alumni visit Europe","og_description":"When Nana Salama Maiga arrived in the Netherlands as part of a delegation of graduates from NIMD\u2019s Democracy School in Mali, she thought she would be immersed in a fact-finding mission to observe the workings of a fully-fledged democratic system. But after four days in the Netherlands and Belgium visiting political institutions and exchanging knowledge &hellip;","og_url":"https:\/\/nimd.org\/es\/shared-experience-and-surprises-as-mali-democracy-school-alumni-visit-europe\/","og_site_name":"NIMD","article_published_time":"2023-04-12T09:58:42+00:00","article_modified_time":"2025-06-20T07:36:51+00:00","og_image":[{"width":1024,"height":693,"url":"https:\/\/nimd.org\/wp-content\/uploads\/2025\/04\/EU_Brussels-e1673517574245.jpg","type":"image\/jpeg"}],"author":"superadmin","twitter_card":"summary_large_image","twitter_misc":{"Escrito por":"superadmin","Tiempo de lectura":"5 minutos"},"schema":{"@context":"https:\/\/schema.org","@graph":[{"@type":"Article","@id":"https:\/\/nimd.org\/nl\/shared-experience-and-surprises-as-mali-democracy-school-alumni-visit-europe\/#article","isPartOf":{"@id":"https:\/\/nimd.org\/nl\/shared-experience-and-surprises-as-mali-democracy-school-alumni-visit-europe\/"},"author":{"name":"superadmin","@id":"https:\/\/nimd.org\/fr\/#\/schema\/person\/fecd680c201ede81b56eb098a17ad928"},"headline":"Shared experience and surprises as Mali Democracy School alumni visit Europe","datePublished":"2023-04-12T09:58:42+00:00","dateModified":"2025-06-20T07:36:51+00:00","mainEntityOfPage":{"@id":"https:\/\/nimd.org\/nl\/shared-experience-and-surprises-as-mali-democracy-school-alumni-visit-europe\/"},"wordCount":805,"commentCount":0,"image":{"@id":"https:\/\/nimd.org\/nl\/shared-experience-and-surprises-as-mali-democracy-school-alumni-visit-europe\/#primaryimage"},"thumbnailUrl":"https:\/\/nimd.org\/wp-content\/uploads\/2025\/04\/EU_Brussels-e1673517574245.jpg","articleSection":["Stories"],"inLanguage":"es","potentialAction":[{"@type":"CommentAction","name":"Comment","target":["https:\/\/nimd.org\/nl\/shared-experience-and-surprises-as-mali-democracy-school-alumni-visit-europe\/#respond"]}]},{"@type":"WebPage","@id":"https:\/\/nimd.org\/nl\/shared-experience-and-surprises-as-mali-democracy-school-alumni-visit-europe\/","url":"https:\/\/nimd.org\/nl\/shared-experience-and-surprises-as-mali-democracy-school-alumni-visit-europe\/","name":"Experiencia compartida y sorpresas en la visita a Europa de antiguos alumnos de la Escuela de la Democracia de Mal\u00ed - NIMD","isPartOf":{"@id":"https:\/\/nimd.org\/fr\/#website"},"primaryImageOfPage":{"@id":"https:\/\/nimd.org\/nl\/shared-experience-and-surprises-as-mali-democracy-school-alumni-visit-europe\/#primaryimage"},"image":{"@id":"https:\/\/nimd.org\/nl\/shared-experience-and-surprises-as-mali-democracy-school-alumni-visit-europe\/#primaryimage"},"thumbnailUrl":"https:\/\/nimd.org\/wp-content\/uploads\/2025\/04\/EU_Brussels-e1673517574245.jpg","datePublished":"2023-04-12T09:58:42+00:00","dateModified":"2025-06-20T07:36:51+00:00","author":{"@id":"https:\/\/nimd.org\/fr\/#\/schema\/person\/fecd680c201ede81b56eb098a17ad928"},"breadcrumb":{"@id":"https:\/\/nimd.org\/nl\/shared-experience-and-surprises-as-mali-democracy-school-alumni-visit-europe\/#breadcrumb"},"inLanguage":"es","potentialAction":[{"@type":"ReadAction","target":["https:\/\/nimd.org\/nl\/shared-experience-and-surprises-as-mali-democracy-school-alumni-visit-europe\/"]}]},{"@type":"ImageObject","inLanguage":"es","@id":"https:\/\/nimd.org\/nl\/shared-experience-and-surprises-as-mali-democracy-school-alumni-visit-europe\/#primaryimage","url":"https:\/\/nimd.org\/wp-content\/uploads\/2025\/04\/EU_Brussels-e1673517574245.jpg","contentUrl":"https:\/\/nimd.org\/wp-content\/uploads\/2025\/04\/EU_Brussels-e1673517574245.jpg","width":1024,"height":693},{"@type":"BreadcrumbList","@id":"https:\/\/nimd.org\/nl\/shared-experience-and-surprises-as-mali-democracy-school-alumni-visit-europe\/#breadcrumb","itemListElement":[{"@type":"ListItem","position":1,"name":"Home","item":"https:\/\/nimd.org\/fr\/"},{"@type":"ListItem","position":2,"name":"Shared experience and surprises as Mali Democracy School alumni visit Europe"}]},{"@type":"WebSite","@id":"https:\/\/nimd.org\/fr\/#website","url":"https:\/\/nimd.org\/fr\/","name":"NIMD","description":"La democracia empieza por el di\u00e1logo","potentialAction":[{"@type":"SearchAction","target":{"@type":"EntryPoint","urlTemplate":"https:\/\/nimd.org\/fr\/?s={search_term_string}"},"query-input":{"@type":"PropertyValueSpecification","valueRequired":true,"valueName":"search_term_string"}}],"inLanguage":"es"},{"@type":"Person","@id":"https:\/\/nimd.org\/fr\/#\/schema\/person\/fecd680c201ede81b56eb098a17ad928","name":"superadmin","image":{"@type":"ImageObject","inLanguage":"es","@id":"https:\/\/nimd.org\/fr\/#\/schema\/person\/image\/","url":"https:\/\/secure.gravatar.com\/avatar\/1d1e7ebaf312b717161d349f71f6060e0ed86d7a652cbc37adc644a79988d181?s=96&d=mm&r=g","contentUrl":"https:\/\/secure.gravatar.com\/avatar\/1d1e7ebaf312b717161d349f71f6060e0ed86d7a652cbc37adc644a79988d181?s=96&d=mm&r=g","caption":"superadmin"}}]}},"_links":{"self":[{"href":"https:\/\/nimd.org\/es\/wp-json\/wp\/v2\/posts\/19024","targetHints":{"allow":["GET"]}}],"collection":[{"href":"https:\/\/nimd.org\/es\/wp-json\/wp\/v2\/posts"}],"about":[{"href":"https:\/\/nimd.org\/es\/wp-json\/wp\/v2\/types\/post"}],"author":[{"embeddable":true,"href":"https:\/\/nimd.org\/es\/wp-json\/wp\/v2\/users\/2"}],"replies":[{"embeddable":true,"href":"https:\/\/nimd.org\/es\/wp-json\/wp\/v2\/comments?post=19024"}],"version-history":[{"count":7,"href":"https:\/\/nimd.org\/es\/wp-json\/wp\/v2\/posts\/19024\/revisions"}],"predecessor-version":[{"id":25412,"href":"https:\/\/nimd.org\/es\/wp-json\/wp\/v2\/posts\/19024\/revisions\/25412"}],"wp:featuredmedia":[{"embeddable":true,"href":"https:\/\/nimd.org\/es\/wp-json\/wp\/v2\/media\/25091"}],"wp:attachment":[{"href":"https:\/\/nimd.org\/es\/wp-json\/wp\/v2\/media?parent=19024"}],"wp:term":[{"taxonomy":"category","embeddable":true,"href":"https:\/\/nimd.org\/es\/wp-json\/wp\/v2\/categories?post=19024"},{"taxonomy":"post_tag","embeddable":true,"href":"https:\/\/nimd.org\/es\/wp-json\/wp\/v2\/tags?post=19024"},{"taxonomy":"countries","embeddable":true,"href":"https:\/\/nimd.org\/es\/wp-json\/wp\/v2\/countries?post=19024"},{"taxonomy":"theme","embeddable":true,"href":"https:\/\/nimd.org\/es\/wp-json\/wp\/v2\/theme?post=19024"}],"curies":[{"name":"wp","href":"https:\/\/api.w.org\/{rel}","templated":true}]}}