{"id":19017,"date":"2022-11-01T14:22:36","date_gmt":"2022-11-01T14:22:36","guid":{"rendered":"https:\/\/nimd.org\/political-and-civic-actors-call-for-political-stability-in-the-sahel-region\/"},"modified":"2025-06-25T08:53:15","modified_gmt":"2025-06-25T08:53:15","slug":"political-and-civic-actors-call-for-political-stability-in-the-sahel-region","status":"publish","type":"post","link":"https:\/\/nimd.org\/es\/political-and-civic-actors-call-for-political-stability-in-the-sahel-region\/","title":{"rendered":"Actores pol\u00edticos y c\u00edvicos piden estabilidad pol\u00edtica en la regi\u00f3n del Sahel"},"content":{"rendered":"<p>En septiembre, NIMD y <a href=\"https:\/\/goreeinstitut.org\/\" target=\"_blank\" rel=\"noopener\">Instituto Gor\u00e9e<\/a> organiz\u00f3 un Foro Regional de Di\u00e1logo entre M\u00faltiples Partes Interesadas en la isla de Gor\u00e9e, en el marco de nuestro programa conjunto El Poder del Di\u00e1logo.<\/p>\n<p>Participaron en el Foro miembros de la sociedad civil, agentes pol\u00edticos, representantes de instituciones estatales y no estatales y diputados de Burkina Faso, Mal\u00ed, N\u00edger y Senegal.<\/p>\n<p>Tras el Foro, estos participantes han hecho p\u00fablico un llamamiento en el que exponen sus recomendaciones para hacer frente a las polifac\u00e9ticas crisis de gobernanza y seguridad de la regi\u00f3n. El llamamiento se dirige a las autoridades de transici\u00f3n de los pa\u00edses, las organizaciones de la sociedad civil, los partidos pol\u00edticos y la Comunidad Econ\u00f3mica de los Estados de \u00c1frica Occidental (CEDEAO).<\/p>\n<p>Tiene en cuenta los recientes golpes de Estado en la regi\u00f3n. Y pretende salvaguardar los fr\u00e1giles procesos de transici\u00f3n que definir\u00e1n el futuro de estos pa\u00edses y de la regi\u00f3n.<\/p>\n<p>En particular, el llamamiento destaca la importancia de implicar a todas las partes interesadas en la resoluci\u00f3n de las crisis pol\u00edticas y de seguridad en el Sahel, y el importante papel que la CEDEAO y otras organizaciones regionales pueden desempe\u00f1ar para el \u00e9xito de las transiciones y la estabilidad pol\u00edtica en el Sahel.<\/p>\n<h3><strong>La llamada<\/strong><\/h3>\n<p>Los participantes regionales hicieron tres peticiones concretas:<\/p>\n<ul>\n<li>Pidieron a las organizaciones subregionales y regionales que se movilizaran y aunaran esfuerzos para devolver la paz y la estabilidad a la regi\u00f3n.<\/li>\n<li>Hicieron un llamamiento a la CEDEAO para que encuentre la manera de poner fin a la escalada de violencia y anime a los partidos pol\u00edticos a entablar un di\u00e1logo hacia una paz duradera.<\/li>\n<li>Pidieron a las autoridades de transici\u00f3n de Mal\u00ed y Burkina Faso que adoptaran un enfoque integrador y participativo en la aplicaci\u00f3n de las reformas pol\u00edticas durante las transiciones.<\/li>\n<\/ul>\n<p>El llamamiento inclu\u00eda tambi\u00e9n recomendaciones espec\u00edficas para la CEDEAO, las autoridades de la transici\u00f3n, las organizaciones de la sociedad civil y los partidos pol\u00edticos. Entre ellas, el llamamiento a los partidos para que participen en un di\u00e1logo pol\u00edtico constructivo y promuevan la formaci\u00f3n y la sensibilizaci\u00f3n de los ciudadanos, como paso previo a unas elecciones libres y transparentes al final de la transici\u00f3n.<\/p>\n<p><a href=\"http:\/\/nimd.org\/wp-content\/uploads\/2025\/06\/Appel-Forum-Transition-democratique-Sahel.pdf\" target=\"_blank\" rel=\"noopener\">Lea la convocatoria completa<\/a> (en franc\u00e9s).<\/p>\n<h3><strong>El Foro<\/strong><\/h3>\n<p>El Foro Regional Multilateral reuni\u00f3 a agentes pol\u00edticos y c\u00edvicos de toda la regi\u00f3n del Sahel. Cre\u00f3 un espacio de intercambio, debate y reflexi\u00f3n sobre las crecientes amenazas a la estabilidad pol\u00edtica y el desarrollo. Como tal, el Foro fue una oportunidad para que los participantes adoptaran un enfoque m\u00e1s regional, trabajando juntos para alcanzar un consenso y un plan de acci\u00f3n compartido.<\/p>\n<div style=\"width: 426px;\" class=\"wp-video\"><video class=\"wp-video-shortcode\" id=\"video-19017-1\" width=\"426\" height=\"240\" preload=\"metadata\" controls=\"controls\"><source type=\"video\/mp4\" src=\"http:\/\/nimd.org\/wp-content\/uploads\/2022\/11\/Regional-Forum.mp4?_=1\" \/><a href=\"http:\/\/nimd.org\/wp-content\/uploads\/2022\/11\/Regional-Forum.mp4\">http:\/\/nimd.org\/wp-content\/uploads\/2022\/11\/Regional-Forum.mp4<\/a><\/video><\/div>\n<p><em>M\u00e1s informaci\u00f3n sobre el Foro (v\u00eddeo en franc\u00e9s)<\/em><\/p>\n<p>A trav\u00e9s de este Foro, NIMD y Gor\u00e9e esperaban brindar a los participantes la oportunidad de influir conjuntamente en los responsables pol\u00edticos a escala nacional y regional.<\/p>\n<h3><strong>Sobre el Consorcio Poder del Di\u00e1logo<\/strong><\/h3>\n<p>El Consorcio Poder del Di\u00e1logo est\u00e1 formado por el NIMD, el\u00a0<a href=\"https:\/\/goreeinstitut.org\/\" target=\"_blank\" rel=\"noopener\">Instituto Gor\u00e9e<\/a>\u00a0(Senegal),\u00a0<a href=\"https:\/\/www.akinamamawaafrika.org\/\" target=\"_blank\" rel=\"noopener\">Akina Mama wa Africa - AMwA<\/a>\u00a0(Uganda) y el\u00a0<a href=\"http:\/\/www.cemi-tunis.org\/\" target=\"_blank\" rel=\"noopener\">Centro de Estudios Mediterr\u00e1neos Internacionales - CEMI<\/a>\u00a0(T\u00fanez).<\/p>\n<p>El Consorcio se centra en capacitar a mujeres, j\u00f3venes y otros grupos marginados para que influyan y participen efectivamente en los procesos pol\u00edticos, con el fin \u00faltimo de construir sociedades m\u00e1s sostenibles e integradoras.<\/p>\n<p>El programa Poder del Di\u00e1logo comenz\u00f3 en 2021 y se prolongar\u00e1 hasta 2025. El programa\u00a0<span data-contrast=\"auto\">financiado por el\u00a0<\/span><span data-contrast=\"none\">Pa\u00edses Bajos<\/span><span data-contrast=\"auto\">ds Ministerio de Asuntos Exteriores<\/span><span data-contrast=\"none\">.\u00a0<\/span><span data-contrast=\"auto\">El programa se est\u00e1 aplicando en<\/span><span data-contrast=\"none\">\u00a0\u00c1frica, Am\u00e9rica y Asia, por ejemplo en Burkina Faso, Mal\u00ed, N\u00edger y Senegal. <\/span><\/p>","protected":false},"excerpt":{"rendered":"<p>En septiembre, el NIMD y el Instituto de Gorea organizaron un Foro Regional de Di\u00e1logo entre M\u00faltiples Partes Interesadas en la isla de Gorea, como parte de nuestro programa conjunto El Poder del Di\u00e1logo. Entre los participantes del Foro se encontraban miembros de la sociedad civil, actores pol\u00edticos, representantes de instituciones estatales y no estatales, y parlamentarios de Burkina Faso, Mali, N\u00edger y Senegal. Tras el Foro, estos participantes han ... <a href=\"https:\/\/nimd.org\/es\/political-and-civic-actors-call-for-political-stability-in-the-sahel-region\/\"><\/a><\/p>","protected":false},"author":2,"featured_media":24065,"comment_status":"open","ping_status":"open","sticky":false,"template":"","format":"standard","meta":{"_acf_changed":false,"inline_featured_image":false,"_monsterinsights_skip_tracking":false,"_monsterinsights_sitenote_active":false,"_monsterinsights_sitenote_note":"","_monsterinsights_sitenote_category":0,"footnotes":""},"categories":[99],"tags":[],"countries":[79,89,92,93],"theme":[69],"class_list":["post-19017","post","type-post","status-publish","format-standard","has-post-thumbnail","hentry","category-news","countries-burkina-faso","countries-mali","countries-niger","countries-power-of-dialogue","theme-dialogue"],"acf":[],"yoast_head":"<!-- This site is optimized with the Yoast SEO Premium plugin v27.1 (Yoast SEO v27.1.1) - https:\/\/yoast.com\/product\/yoast-seo-premium-wordpress\/ -->\n<title>Political and civic actors call for political stability in the Sahel region - NIMD<\/title>\n<meta name=\"robots\" content=\"index, follow, max-snippet:-1, max-image-preview:large, max-video-preview:-1\" \/>\n<link rel=\"canonical\" href=\"https:\/\/nimd.org\/es\/political-and-civic-actors-call-for-political-stability-in-the-sahel-region\/\" \/>\n<meta property=\"og:locale\" content=\"es_ES\" \/>\n<meta property=\"og:type\" content=\"article\" \/>\n<meta property=\"og:title\" content=\"Political and civic actors call for political stability in the Sahel region\" \/>\n<meta property=\"og:description\" content=\"In September, NIMD and Gor\u00e9e Institute organized a Regional Multi-Stakeholder Dialogue Forum on Gor\u00e9e Island, as part of our joint Power of Dialogue programme. Participants of Forum included members of civil society, political actors, representatives of state and non-state institutions, and MPs from Burkina Faso, Mali, Niger and Senegal. Following the Forum, these participants have &hellip;\" \/>\n<meta property=\"og:url\" content=\"https:\/\/nimd.org\/es\/political-and-civic-actors-call-for-political-stability-in-the-sahel-region\/\" \/>\n<meta property=\"og:site_name\" content=\"NIMD\" \/>\n<meta property=\"article:published_time\" content=\"2022-11-01T14:22:36+00:00\" \/>\n<meta property=\"article:modified_time\" content=\"2025-06-25T08:53:15+00:00\" \/>\n<meta property=\"og:image\" content=\"https:\/\/nimd.org\/wp-content\/uploads\/2025\/04\/FciGy5xXwAAmTE8-copy-scaled-1.jpg\" \/>\n\t<meta property=\"og:image:width\" content=\"2560\" \/>\n\t<meta property=\"og:image:height\" content=\"1707\" \/>\n\t<meta property=\"og:image:type\" content=\"image\/jpeg\" \/>\n<meta name=\"author\" content=\"superadmin\" \/>\n<meta name=\"twitter:card\" content=\"summary_large_image\" \/>\n<meta name=\"twitter:label1\" content=\"Escrito por\" \/>\n\t<meta name=\"twitter:data1\" content=\"superadmin\" \/>\n\t<meta name=\"twitter:label2\" content=\"Tiempo de lectura\" \/>\n\t<meta name=\"twitter:data2\" content=\"3 minutos\" \/>\n<script type=\"application\/ld+json\" class=\"yoast-schema-graph\">{\"@context\":\"https:\/\/schema.org\",\"@graph\":[{\"@type\":\"Article\",\"@id\":\"https:\/\/nimd.org\/fr\/political-and-civic-actors-call-for-political-stability-in-the-sahel-region\/#article\",\"isPartOf\":{\"@id\":\"https:\/\/nimd.org\/fr\/political-and-civic-actors-call-for-political-stability-in-the-sahel-region\/\"},\"author\":{\"name\":\"superadmin\",\"@id\":\"https:\/\/nimd.org\/fr\/#\/schema\/person\/fecd680c201ede81b56eb098a17ad928\"},\"headline\":\"Political and civic actors call for political stability in the Sahel region\",\"datePublished\":\"2022-11-01T14:22:36+00:00\",\"dateModified\":\"2025-06-25T08:53:15+00:00\",\"mainEntityOfPage\":{\"@id\":\"https:\/\/nimd.org\/fr\/political-and-civic-actors-call-for-political-stability-in-the-sahel-region\/\"},\"wordCount\":535,\"commentCount\":0,\"image\":{\"@id\":\"https:\/\/nimd.org\/fr\/political-and-civic-actors-call-for-political-stability-in-the-sahel-region\/#primaryimage\"},\"thumbnailUrl\":\"https:\/\/nimd.org\/wp-content\/uploads\/2025\/04\/FciGy5xXwAAmTE8-copy-scaled-1.jpg\",\"articleSection\":[\"News\"],\"inLanguage\":\"es\",\"potentialAction\":[{\"@type\":\"CommentAction\",\"name\":\"Comment\",\"target\":[\"https:\/\/nimd.org\/fr\/political-and-civic-actors-call-for-political-stability-in-the-sahel-region\/#respond\"]}]},{\"@type\":\"WebPage\",\"@id\":\"https:\/\/nimd.org\/fr\/political-and-civic-actors-call-for-political-stability-in-the-sahel-region\/\",\"url\":\"https:\/\/nimd.org\/fr\/political-and-civic-actors-call-for-political-stability-in-the-sahel-region\/\",\"name\":\"Political and civic actors call for political stability in the Sahel region - NIMD\",\"isPartOf\":{\"@id\":\"https:\/\/nimd.org\/fr\/#website\"},\"primaryImageOfPage\":{\"@id\":\"https:\/\/nimd.org\/fr\/political-and-civic-actors-call-for-political-stability-in-the-sahel-region\/#primaryimage\"},\"image\":{\"@id\":\"https:\/\/nimd.org\/fr\/political-and-civic-actors-call-for-political-stability-in-the-sahel-region\/#primaryimage\"},\"thumbnailUrl\":\"https:\/\/nimd.org\/wp-content\/uploads\/2025\/04\/FciGy5xXwAAmTE8-copy-scaled-1.jpg\",\"datePublished\":\"2022-11-01T14:22:36+00:00\",\"dateModified\":\"2025-06-25T08:53:15+00:00\",\"author\":{\"@id\":\"https:\/\/nimd.org\/fr\/#\/schema\/person\/fecd680c201ede81b56eb098a17ad928\"},\"breadcrumb\":{\"@id\":\"https:\/\/nimd.org\/fr\/political-and-civic-actors-call-for-political-stability-in-the-sahel-region\/#breadcrumb\"},\"inLanguage\":\"es\",\"potentialAction\":[{\"@type\":\"ReadAction\",\"target\":[\"https:\/\/nimd.org\/fr\/political-and-civic-actors-call-for-political-stability-in-the-sahel-region\/\"]}]},{\"@type\":\"ImageObject\",\"inLanguage\":\"es\",\"@id\":\"https:\/\/nimd.org\/fr\/political-and-civic-actors-call-for-political-stability-in-the-sahel-region\/#primaryimage\",\"url\":\"https:\/\/nimd.org\/wp-content\/uploads\/2025\/04\/FciGy5xXwAAmTE8-copy-scaled-1.jpg\",\"contentUrl\":\"https:\/\/nimd.org\/wp-content\/uploads\/2025\/04\/FciGy5xXwAAmTE8-copy-scaled-1.jpg\",\"width\":2560,\"height\":1707},{\"@type\":\"BreadcrumbList\",\"@id\":\"https:\/\/nimd.org\/fr\/political-and-civic-actors-call-for-political-stability-in-the-sahel-region\/#breadcrumb\",\"itemListElement\":[{\"@type\":\"ListItem\",\"position\":1,\"name\":\"Home\",\"item\":\"https:\/\/nimd.org\/fr\/\"},{\"@type\":\"ListItem\",\"position\":2,\"name\":\"Political and civic actors call for political stability in the Sahel region\"}]},{\"@type\":\"WebSite\",\"@id\":\"https:\/\/nimd.org\/fr\/#website\",\"url\":\"https:\/\/nimd.org\/fr\/\",\"name\":\"NIMD\",\"description\":\"Democracy Starts With Dialogue\",\"potentialAction\":[{\"@type\":\"SearchAction\",\"target\":{\"@type\":\"EntryPoint\",\"urlTemplate\":\"https:\/\/nimd.org\/fr\/?s={search_term_string}\"},\"query-input\":{\"@type\":\"PropertyValueSpecification\",\"valueRequired\":true,\"valueName\":\"search_term_string\"}}],\"inLanguage\":\"es\"},{\"@type\":\"Person\",\"@id\":\"https:\/\/nimd.org\/fr\/#\/schema\/person\/fecd680c201ede81b56eb098a17ad928\",\"name\":\"superadmin\",\"image\":{\"@type\":\"ImageObject\",\"inLanguage\":\"es\",\"@id\":\"https:\/\/nimd.org\/fr\/#\/schema\/person\/image\/\",\"url\":\"https:\/\/secure.gravatar.com\/avatar\/1d1e7ebaf312b717161d349f71f6060e0ed86d7a652cbc37adc644a79988d181?s=96&d=mm&r=g\",\"contentUrl\":\"https:\/\/secure.gravatar.com\/avatar\/1d1e7ebaf312b717161d349f71f6060e0ed86d7a652cbc37adc644a79988d181?s=96&d=mm&r=g\",\"caption\":\"superadmin\"}}]}<\/script>\n<!-- \/ Yoast SEO Premium plugin. -->","yoast_head_json":{"title":"Los actores pol\u00edticos y c\u00edvicos piden estabilidad pol\u00edtica en la regi\u00f3n del Sahel - NIMD","robots":{"index":"index","follow":"follow","max-snippet":"max-snippet:-1","max-image-preview":"max-image-preview:large","max-video-preview":"max-video-preview:-1"},"canonical":"https:\/\/nimd.org\/es\/political-and-civic-actors-call-for-political-stability-in-the-sahel-region\/","og_locale":"es_ES","og_type":"article","og_title":"Political and civic actors call for political stability in the Sahel region","og_description":"In September, NIMD and Gor\u00e9e Institute organized a Regional Multi-Stakeholder Dialogue Forum on Gor\u00e9e Island, as part of our joint Power of Dialogue programme. Participants of Forum included members of civil society, political actors, representatives of state and non-state institutions, and MPs from Burkina Faso, Mali, Niger and Senegal. Following the Forum, these participants have &hellip;","og_url":"https:\/\/nimd.org\/es\/political-and-civic-actors-call-for-political-stability-in-the-sahel-region\/","og_site_name":"NIMD","article_published_time":"2022-11-01T14:22:36+00:00","article_modified_time":"2025-06-25T08:53:15+00:00","og_image":[{"width":2560,"height":1707,"url":"https:\/\/nimd.org\/wp-content\/uploads\/2025\/04\/FciGy5xXwAAmTE8-copy-scaled-1.jpg","type":"image\/jpeg"}],"author":"superadmin","twitter_card":"summary_large_image","twitter_misc":{"Escrito por":"superadmin","Tiempo de lectura":"3 minutos"},"schema":{"@context":"https:\/\/schema.org","@graph":[{"@type":"Article","@id":"https:\/\/nimd.org\/fr\/political-and-civic-actors-call-for-political-stability-in-the-sahel-region\/#article","isPartOf":{"@id":"https:\/\/nimd.org\/fr\/political-and-civic-actors-call-for-political-stability-in-the-sahel-region\/"},"author":{"name":"superadmin","@id":"https:\/\/nimd.org\/fr\/#\/schema\/person\/fecd680c201ede81b56eb098a17ad928"},"headline":"Political and civic actors call for political stability in the Sahel region","datePublished":"2022-11-01T14:22:36+00:00","dateModified":"2025-06-25T08:53:15+00:00","mainEntityOfPage":{"@id":"https:\/\/nimd.org\/fr\/political-and-civic-actors-call-for-political-stability-in-the-sahel-region\/"},"wordCount":535,"commentCount":0,"image":{"@id":"https:\/\/nimd.org\/fr\/political-and-civic-actors-call-for-political-stability-in-the-sahel-region\/#primaryimage"},"thumbnailUrl":"https:\/\/nimd.org\/wp-content\/uploads\/2025\/04\/FciGy5xXwAAmTE8-copy-scaled-1.jpg","articleSection":["News"],"inLanguage":"es","potentialAction":[{"@type":"CommentAction","name":"Comment","target":["https:\/\/nimd.org\/fr\/political-and-civic-actors-call-for-political-stability-in-the-sahel-region\/#respond"]}]},{"@type":"WebPage","@id":"https:\/\/nimd.org\/fr\/political-and-civic-actors-call-for-political-stability-in-the-sahel-region\/","url":"https:\/\/nimd.org\/fr\/political-and-civic-actors-call-for-political-stability-in-the-sahel-region\/","name":"Los actores pol\u00edticos y c\u00edvicos piden estabilidad pol\u00edtica en la regi\u00f3n del Sahel - NIMD","isPartOf":{"@id":"https:\/\/nimd.org\/fr\/#website"},"primaryImageOfPage":{"@id":"https:\/\/nimd.org\/fr\/political-and-civic-actors-call-for-political-stability-in-the-sahel-region\/#primaryimage"},"image":{"@id":"https:\/\/nimd.org\/fr\/political-and-civic-actors-call-for-political-stability-in-the-sahel-region\/#primaryimage"},"thumbnailUrl":"https:\/\/nimd.org\/wp-content\/uploads\/2025\/04\/FciGy5xXwAAmTE8-copy-scaled-1.jpg","datePublished":"2022-11-01T14:22:36+00:00","dateModified":"2025-06-25T08:53:15+00:00","author":{"@id":"https:\/\/nimd.org\/fr\/#\/schema\/person\/fecd680c201ede81b56eb098a17ad928"},"breadcrumb":{"@id":"https:\/\/nimd.org\/fr\/political-and-civic-actors-call-for-political-stability-in-the-sahel-region\/#breadcrumb"},"inLanguage":"es","potentialAction":[{"@type":"ReadAction","target":["https:\/\/nimd.org\/fr\/political-and-civic-actors-call-for-political-stability-in-the-sahel-region\/"]}]},{"@type":"ImageObject","inLanguage":"es","@id":"https:\/\/nimd.org\/fr\/political-and-civic-actors-call-for-political-stability-in-the-sahel-region\/#primaryimage","url":"https:\/\/nimd.org\/wp-content\/uploads\/2025\/04\/FciGy5xXwAAmTE8-copy-scaled-1.jpg","contentUrl":"https:\/\/nimd.org\/wp-content\/uploads\/2025\/04\/FciGy5xXwAAmTE8-copy-scaled-1.jpg","width":2560,"height":1707},{"@type":"BreadcrumbList","@id":"https:\/\/nimd.org\/fr\/political-and-civic-actors-call-for-political-stability-in-the-sahel-region\/#breadcrumb","itemListElement":[{"@type":"ListItem","position":1,"name":"Home","item":"https:\/\/nimd.org\/fr\/"},{"@type":"ListItem","position":2,"name":"Political and civic actors call for political stability in the Sahel region"}]},{"@type":"WebSite","@id":"https:\/\/nimd.org\/fr\/#website","url":"https:\/\/nimd.org\/fr\/","name":"NIMD","description":"La democracia empieza por el di\u00e1logo","potentialAction":[{"@type":"SearchAction","target":{"@type":"EntryPoint","urlTemplate":"https:\/\/nimd.org\/fr\/?s={search_term_string}"},"query-input":{"@type":"PropertyValueSpecification","valueRequired":true,"valueName":"search_term_string"}}],"inLanguage":"es"},{"@type":"Person","@id":"https:\/\/nimd.org\/fr\/#\/schema\/person\/fecd680c201ede81b56eb098a17ad928","name":"superadmin","image":{"@type":"ImageObject","inLanguage":"es","@id":"https:\/\/nimd.org\/fr\/#\/schema\/person\/image\/","url":"https:\/\/secure.gravatar.com\/avatar\/1d1e7ebaf312b717161d349f71f6060e0ed86d7a652cbc37adc644a79988d181?s=96&d=mm&r=g","contentUrl":"https:\/\/secure.gravatar.com\/avatar\/1d1e7ebaf312b717161d349f71f6060e0ed86d7a652cbc37adc644a79988d181?s=96&d=mm&r=g","caption":"superadmin"}}]}},"_links":{"self":[{"href":"https:\/\/nimd.org\/es\/wp-json\/wp\/v2\/posts\/19017","targetHints":{"allow":["GET"]}}],"collection":[{"href":"https:\/\/nimd.org\/es\/wp-json\/wp\/v2\/posts"}],"about":[{"href":"https:\/\/nimd.org\/es\/wp-json\/wp\/v2\/types\/post"}],"author":[{"embeddable":true,"href":"https:\/\/nimd.org\/es\/wp-json\/wp\/v2\/users\/2"}],"replies":[{"embeddable":true,"href":"https:\/\/nimd.org\/es\/wp-json\/wp\/v2\/comments?post=19017"}],"version-history":[{"count":3,"href":"https:\/\/nimd.org\/es\/wp-json\/wp\/v2\/posts\/19017\/revisions"}],"predecessor-version":[{"id":25506,"href":"https:\/\/nimd.org\/es\/wp-json\/wp\/v2\/posts\/19017\/revisions\/25506"}],"wp:featuredmedia":[{"embeddable":true,"href":"https:\/\/nimd.org\/es\/wp-json\/wp\/v2\/media\/24065"}],"wp:attachment":[{"href":"https:\/\/nimd.org\/es\/wp-json\/wp\/v2\/media?parent=19017"}],"wp:term":[{"taxonomy":"category","embeddable":true,"href":"https:\/\/nimd.org\/es\/wp-json\/wp\/v2\/categories?post=19017"},{"taxonomy":"post_tag","embeddable":true,"href":"https:\/\/nimd.org\/es\/wp-json\/wp\/v2\/tags?post=19017"},{"taxonomy":"countries","embeddable":true,"href":"https:\/\/nimd.org\/es\/wp-json\/wp\/v2\/countries?post=19017"},{"taxonomy":"theme","embeddable":true,"href":"https:\/\/nimd.org\/es\/wp-json\/wp\/v2\/theme?post=19017"}],"curies":[{"name":"wp","href":"https:\/\/api.w.org\/{rel}","templated":true}]}}