{"id":19003,"date":"2022-06-21T09:05:10","date_gmt":"2022-06-21T09:05:10","guid":{"rendered":"https:\/\/nimd.org\/dutch-ngos-award-human-rights-prize-to-dutch-ambassador-in-costa-rica\/"},"modified":"2025-06-26T05:39:35","modified_gmt":"2025-06-26T05:39:35","slug":"dutch-ngos-award-human-rights-prize-to-dutch-ambassador-in-costa-rica","status":"publish","type":"post","link":"https:\/\/nimd.org\/es\/dutch-ngos-award-human-rights-prize-to-dutch-ambassador-in-costa-rica\/","title":{"rendered":"ONG neerlandesas conceden el Premio de Derechos Humanos al Embajador de los Pa\u00edses Bajos en Costa Rica"},"content":{"rendered":"<p>La Embajada de los Pa\u00edses Bajos en Costa Rica ha ganado la primera edici\u00f3n del Premio de Derechos Humanos para Embajadas de los Pa\u00edses Bajos. Este premio bienal lo concede NIMD, junto con otras 17 organizaciones holandesas de derechos humanos y desarrollo, a la embajada holandesa que haya sido m\u00e1s proactiva, concreta y eficaz en la defensa y promoci\u00f3n de los derechos humanos. El 17 de junio, Christine Pirenne, Embajadora en Costa Rica, recibi\u00f3 el premio durante una ceremonia celebrada en el Ministerio de Asuntos Exteriores de La Haya.<\/p>\n<h3><strong>\u00bfPor qu\u00e9 este premio?<\/strong><\/h3>\n<p>Se acaba el tiempo para los derechos humanos. Los derechos humanos est\u00e1n siendo atacados en todo el mundo. Quienes defienden los derechos humanos se enfrentan a una persecuci\u00f3n, intimidaci\u00f3n y violencia sin precedentes, tanto f\u00edsica como digitalmente.<\/p>\n<p>En este contexto, el papel de las embajadas es m\u00e1s importante que nunca. Tal como exigen las directrices de la UE, las embajadas deben apoyar proactivamente a los defensores de los derechos humanos y a la sociedad civil, y promover los derechos humanos, tanto a trav\u00e9s de los proyectos que apoyan como de su labor diplom\u00e1tica. El Premio de Derechos Humanos es una muestra de reconocimiento a la embajada que lo haya hecho de manera relevante en los dos \u00faltimos a\u00f1os.<\/p>\n<h3><strong>Ganador: Embajada de Costa Rica<\/strong><\/h3>\n<p>La embajada ganadora tiene su sede en Costa Rica, pero tambi\u00e9n trabaja en Nicaragua, Guatemala, El Salvador y Honduras. La embajada es una defensora activa y visible de los derechos humanos en Centroam\u00e9rica, a pesar del contexto a veces peligroso.<\/p>\n<p>Nuestras oficinas nacionales en Guatemala, El Salvador y Honduras tienen la oportunidad de trabajar estrechamente con la Embajada ganadora en su lucha por lograr sociedades m\u00e1s inclusivas en estos pa\u00edses. Todos nuestros directores de pa\u00eds en Am\u00e9rica Central destacan el enfoque respetuoso e inclusivo de la Embajada y el profundo compromiso del Embajador con la defensa de los derechos humanos.<\/p>\n<blockquote><p>Juan Mel\u00e9ndez, Director de NIMD El Salvador dice \"La Embajada de Costa Rica hace mucho para promover la defensa de los derechos de las mujeres, especialmente los derechos sexuales y reproductivos. Tambi\u00e9n trabaja con la juventud, para ayudarles a apoyar los derechos humanos en todos los sentidos, incluyendo los derechos sociales, econ\u00f3micos, culturales, ambientales y civiles. Tambi\u00e9n es muy importante el trabajo que hace para preservar la memoria colectiva: la Embajada busca la justicia como garant\u00eda de que la historia no se repita.\"<\/p><\/blockquote>\n<div style=\"width: 1920px;\" class=\"wp-video\"><video class=\"wp-video-shortcode\" id=\"video-19003-1\" width=\"1920\" height=\"1080\" preload=\"metadata\" controls=\"controls\"><source type=\"video\/mp4\" src=\"http:\/\/nimd.org\/wp-content\/uploads\/2022\/06\/2.-Video-social-media-Ruth-HRDs-BMO-ambassadeprijs.mp4?_=1\" \/><a href=\"http:\/\/nimd.org\/wp-content\/uploads\/2022\/06\/2.-Video-social-media-Ruth-HRDs-BMO-ambassadeprijs.mp4\">http:\/\/nimd.org\/wp-content\/uploads\/2022\/06\/2.-Video-social-media-Ruth-HRDs-BMO-ambassadeprijs.mp4<\/a><\/video><\/div>\n<p><em>Cr\u00e9ditos musicales: <\/em><em>High Lif<\/em><em>e, <\/em><em>Los Mini V\u00e1ndalos con Mamadou Koita y Lasso<\/em><\/p>\n<h3><strong>Subcampeones: Polonia y Hungr\u00eda <\/strong><\/h3>\n<p>Las embajadas neerlandesas en Polonia y Hungr\u00eda ocupan un segundo lugar compartido. En ambos pa\u00edses, los derechos humanos y el Estado de Derecho se ven cada vez m\u00e1s socavados. En medio de los crecientes desaf\u00edos, las embajadas proporcionan un valioso apoyo a la sociedad civil local y siguen trabajando para mantener el Estado de derecho y los derechos humanos en la agenda.<\/p>\n<blockquote><p>La libertad, la democracia y el respeto de los derechos humanos no pueden darse por sentados, como ha demostrado la guerra en Ucrania. Para proteger estos valores, los pa\u00edses democr\u00e1ticos como los Pa\u00edses Bajos deben invertir en derechos humanos y democracia en todo el mundo, incluida Europa y sus alrededores. Las embajadas neerlandesas, como las de Hungr\u00eda y Polonia, desempe\u00f1an un papel importante en este sentido\". <span style=\"font-size: 14px;\">Ruth Kronenburg, Presidenta del jurado y directora de Free Press Unlimited.\u00a0<\/span><\/p><\/blockquote>\n<p><em>***<\/em><\/p>\n<p><em>En <\/em><em>Premio de Derechos Humanos para embajadas neerlandesas<\/em><em>\u00a0<\/em><em>es concedido por<\/em><em> NIMD. <\/em><em>ActionAid, Amnist\u00eda Internacional <\/em><em>Pa\u00edses Bajos,<\/em><em>\u00a0Arisa, COC <\/em><em>Pa\u00edses Bajos,<\/em><em> Cordaid, Defensa de los Ni\u00f1os-ECPAT, Free Press Unlimited, Hivos, Campa\u00f1a Internacional por el T\u00edbet, UICN NL, Justicia y Paz, Lawyers for Lawyers, <\/em><em>Pa\u00edses Bajos<\/em><em> Helsinki <\/em><em>Comit\u00e9,<\/em><em> Nederlands Juristen Comit\u00e9 voor de Mensenrechten, Oxfam Novib, Brigadas Internacionales de Paz y PAX.<\/em><\/p>","protected":false},"excerpt":{"rendered":"<p>La Embajada de los Pa\u00edses Bajos en Costa Rica ha ganado la primera edici\u00f3n del Premio de Derechos Humanos para Embajadas de los Pa\u00edses Bajos. Este premio bienal lo concede NIMD, junto con otras 17 organizaciones holandesas de derechos humanos y desarrollo, a la embajada holandesa que haya sido m\u00e1s proactiva, concreta y eficaz en la defensa y promoci\u00f3n de los derechos humanos. El ... <a href=\"https:\/\/nimd.org\/es\/dutch-ngos-award-human-rights-prize-to-dutch-ambassador-in-costa-rica\/\"><\/a><\/p>","protected":false},"author":2,"featured_media":24047,"comment_status":"open","ping_status":"open","sticky":false,"template":"","format":"standard","meta":{"_acf_changed":false,"inline_featured_image":false,"_monsterinsights_skip_tracking":false,"_monsterinsights_sitenote_active":false,"_monsterinsights_sitenote_note":"","_monsterinsights_sitenote_category":0,"footnotes":""},"categories":[99],"tags":[],"countries":[],"theme":[],"class_list":["post-19003","post","type-post","status-publish","format-standard","has-post-thumbnail","hentry","category-news"],"acf":[],"yoast_head":"<!-- This site is optimized with the Yoast SEO Premium plugin v27.1 (Yoast SEO v27.1.1) - https:\/\/yoast.com\/product\/yoast-seo-premium-wordpress\/ -->\n<title>Dutch NGOs award Human Rights Prize to Dutch Ambassador in Costa Rica - NIMD<\/title>\n<meta name=\"robots\" content=\"index, follow, max-snippet:-1, max-image-preview:large, max-video-preview:-1\" \/>\n<link rel=\"canonical\" href=\"https:\/\/nimd.org\/es\/dutch-ngos-award-human-rights-prize-to-dutch-ambassador-in-costa-rica\/\" \/>\n<meta property=\"og:locale\" content=\"es_ES\" \/>\n<meta property=\"og:type\" content=\"article\" \/>\n<meta property=\"og:title\" content=\"Dutch NGOs award Human Rights Prize to Dutch Ambassador in Costa Rica\" \/>\n<meta property=\"og:description\" content=\"The Dutch embassy in Costa Rica has won the first edition of the Human Rights Prize for Dutch Embassies. This biennial prize is awarded by NIMD, together with 17 other Dutch human rights and development organizations to the Dutch embassy that has been most proactive, concrete and effective in defending and promoting human rights. On &hellip;\" \/>\n<meta property=\"og:url\" content=\"https:\/\/nimd.org\/es\/dutch-ngos-award-human-rights-prize-to-dutch-ambassador-in-costa-rica\/\" \/>\n<meta property=\"og:site_name\" content=\"NIMD\" \/>\n<meta property=\"article:published_time\" content=\"2022-06-21T09:05:10+00:00\" \/>\n<meta property=\"article:modified_time\" content=\"2025-06-26T05:39:35+00:00\" \/>\n<meta property=\"og:image\" content=\"https:\/\/nimd.org\/wp-content\/uploads\/2025\/04\/DSC_5938-scaled-1.jpeg\" \/>\n\t<meta property=\"og:image:width\" content=\"2560\" \/>\n\t<meta property=\"og:image:height\" content=\"1707\" \/>\n\t<meta property=\"og:image:type\" content=\"image\/jpeg\" \/>\n<meta name=\"author\" content=\"superadmin\" \/>\n<meta name=\"twitter:card\" content=\"summary_large_image\" \/>\n<meta name=\"twitter:label1\" content=\"Escrito por\" \/>\n\t<meta name=\"twitter:data1\" content=\"superadmin\" \/>\n\t<meta name=\"twitter:label2\" content=\"Tiempo de lectura\" \/>\n\t<meta name=\"twitter:data2\" content=\"3 minutos\" \/>\n<script type=\"application\/ld+json\" class=\"yoast-schema-graph\">{\"@context\":\"https:\/\/schema.org\",\"@graph\":[{\"@type\":\"Article\",\"@id\":\"https:\/\/nimd.org\/es\/dutch-ngos-award-human-rights-prize-to-dutch-ambassador-in-costa-rica\/#article\",\"isPartOf\":{\"@id\":\"https:\/\/nimd.org\/es\/dutch-ngos-award-human-rights-prize-to-dutch-ambassador-in-costa-rica\/\"},\"author\":{\"name\":\"superadmin\",\"@id\":\"https:\/\/nimd.org\/fr\/#\/schema\/person\/fecd680c201ede81b56eb098a17ad928\"},\"headline\":\"Dutch NGOs award Human Rights Prize to Dutch Ambassador in Costa Rica\",\"datePublished\":\"2022-06-21T09:05:10+00:00\",\"dateModified\":\"2025-06-26T05:39:35+00:00\",\"mainEntityOfPage\":{\"@id\":\"https:\/\/nimd.org\/es\/dutch-ngos-award-human-rights-prize-to-dutch-ambassador-in-costa-rica\/\"},\"wordCount\":574,\"commentCount\":0,\"image\":{\"@id\":\"https:\/\/nimd.org\/es\/dutch-ngos-award-human-rights-prize-to-dutch-ambassador-in-costa-rica\/#primaryimage\"},\"thumbnailUrl\":\"https:\/\/nimd.org\/wp-content\/uploads\/2025\/04\/DSC_5938-scaled-1.jpeg\",\"articleSection\":[\"News\"],\"inLanguage\":\"es\",\"potentialAction\":[{\"@type\":\"CommentAction\",\"name\":\"Comment\",\"target\":[\"https:\/\/nimd.org\/es\/dutch-ngos-award-human-rights-prize-to-dutch-ambassador-in-costa-rica\/#respond\"]}]},{\"@type\":\"WebPage\",\"@id\":\"https:\/\/nimd.org\/es\/dutch-ngos-award-human-rights-prize-to-dutch-ambassador-in-costa-rica\/\",\"url\":\"https:\/\/nimd.org\/es\/dutch-ngos-award-human-rights-prize-to-dutch-ambassador-in-costa-rica\/\",\"name\":\"Dutch NGOs award Human Rights Prize to Dutch Ambassador in Costa Rica - NIMD\",\"isPartOf\":{\"@id\":\"https:\/\/nimd.org\/fr\/#website\"},\"primaryImageOfPage\":{\"@id\":\"https:\/\/nimd.org\/es\/dutch-ngos-award-human-rights-prize-to-dutch-ambassador-in-costa-rica\/#primaryimage\"},\"image\":{\"@id\":\"https:\/\/nimd.org\/es\/dutch-ngos-award-human-rights-prize-to-dutch-ambassador-in-costa-rica\/#primaryimage\"},\"thumbnailUrl\":\"https:\/\/nimd.org\/wp-content\/uploads\/2025\/04\/DSC_5938-scaled-1.jpeg\",\"datePublished\":\"2022-06-21T09:05:10+00:00\",\"dateModified\":\"2025-06-26T05:39:35+00:00\",\"author\":{\"@id\":\"https:\/\/nimd.org\/fr\/#\/schema\/person\/fecd680c201ede81b56eb098a17ad928\"},\"breadcrumb\":{\"@id\":\"https:\/\/nimd.org\/es\/dutch-ngos-award-human-rights-prize-to-dutch-ambassador-in-costa-rica\/#breadcrumb\"},\"inLanguage\":\"es\",\"potentialAction\":[{\"@type\":\"ReadAction\",\"target\":[\"https:\/\/nimd.org\/es\/dutch-ngos-award-human-rights-prize-to-dutch-ambassador-in-costa-rica\/\"]}]},{\"@type\":\"ImageObject\",\"inLanguage\":\"es\",\"@id\":\"https:\/\/nimd.org\/es\/dutch-ngos-award-human-rights-prize-to-dutch-ambassador-in-costa-rica\/#primaryimage\",\"url\":\"https:\/\/nimd.org\/wp-content\/uploads\/2025\/04\/DSC_5938-scaled-1.jpeg\",\"contentUrl\":\"https:\/\/nimd.org\/wp-content\/uploads\/2025\/04\/DSC_5938-scaled-1.jpeg\",\"width\":2560,\"height\":1707,\"caption\":\"Winner, Ambassador Christine PIrenne, and moderator, Oxfam's Nicolette Matthijsen.\"},{\"@type\":\"BreadcrumbList\",\"@id\":\"https:\/\/nimd.org\/es\/dutch-ngos-award-human-rights-prize-to-dutch-ambassador-in-costa-rica\/#breadcrumb\",\"itemListElement\":[{\"@type\":\"ListItem\",\"position\":1,\"name\":\"Home\",\"item\":\"https:\/\/nimd.org\/fr\/\"},{\"@type\":\"ListItem\",\"position\":2,\"name\":\"Dutch NGOs award Human Rights Prize to Dutch Ambassador in Costa Rica\"}]},{\"@type\":\"WebSite\",\"@id\":\"https:\/\/nimd.org\/fr\/#website\",\"url\":\"https:\/\/nimd.org\/fr\/\",\"name\":\"NIMD\",\"description\":\"Democracy Starts With Dialogue\",\"potentialAction\":[{\"@type\":\"SearchAction\",\"target\":{\"@type\":\"EntryPoint\",\"urlTemplate\":\"https:\/\/nimd.org\/fr\/?s={search_term_string}\"},\"query-input\":{\"@type\":\"PropertyValueSpecification\",\"valueRequired\":true,\"valueName\":\"search_term_string\"}}],\"inLanguage\":\"es\"},{\"@type\":\"Person\",\"@id\":\"https:\/\/nimd.org\/fr\/#\/schema\/person\/fecd680c201ede81b56eb098a17ad928\",\"name\":\"superadmin\",\"image\":{\"@type\":\"ImageObject\",\"inLanguage\":\"es\",\"@id\":\"https:\/\/nimd.org\/fr\/#\/schema\/person\/image\/\",\"url\":\"https:\/\/secure.gravatar.com\/avatar\/1d1e7ebaf312b717161d349f71f6060e0ed86d7a652cbc37adc644a79988d181?s=96&d=mm&r=g\",\"contentUrl\":\"https:\/\/secure.gravatar.com\/avatar\/1d1e7ebaf312b717161d349f71f6060e0ed86d7a652cbc37adc644a79988d181?s=96&d=mm&r=g\",\"caption\":\"superadmin\"}}]}<\/script>\n<!-- \/ Yoast SEO Premium plugin. -->","yoast_head_json":{"title":"Dutch NGOs award Human Rights Prize to Dutch Ambassador in Costa Rica - NIMD","robots":{"index":"index","follow":"follow","max-snippet":"max-snippet:-1","max-image-preview":"max-image-preview:large","max-video-preview":"max-video-preview:-1"},"canonical":"https:\/\/nimd.org\/es\/dutch-ngos-award-human-rights-prize-to-dutch-ambassador-in-costa-rica\/","og_locale":"es_ES","og_type":"article","og_title":"Dutch NGOs award Human Rights Prize to Dutch Ambassador in Costa Rica","og_description":"The Dutch embassy in Costa Rica has won the first edition of the Human Rights Prize for Dutch Embassies. This biennial prize is awarded by NIMD, together with 17 other Dutch human rights and development organizations to the Dutch embassy that has been most proactive, concrete and effective in defending and promoting human rights. On &hellip;","og_url":"https:\/\/nimd.org\/es\/dutch-ngos-award-human-rights-prize-to-dutch-ambassador-in-costa-rica\/","og_site_name":"NIMD","article_published_time":"2022-06-21T09:05:10+00:00","article_modified_time":"2025-06-26T05:39:35+00:00","og_image":[{"width":2560,"height":1707,"url":"https:\/\/nimd.org\/wp-content\/uploads\/2025\/04\/DSC_5938-scaled-1.jpeg","type":"image\/jpeg"}],"author":"superadmin","twitter_card":"summary_large_image","twitter_misc":{"Escrito por":"superadmin","Tiempo de lectura":"3 minutos"},"schema":{"@context":"https:\/\/schema.org","@graph":[{"@type":"Article","@id":"https:\/\/nimd.org\/es\/dutch-ngos-award-human-rights-prize-to-dutch-ambassador-in-costa-rica\/#article","isPartOf":{"@id":"https:\/\/nimd.org\/es\/dutch-ngos-award-human-rights-prize-to-dutch-ambassador-in-costa-rica\/"},"author":{"name":"superadmin","@id":"https:\/\/nimd.org\/fr\/#\/schema\/person\/fecd680c201ede81b56eb098a17ad928"},"headline":"Dutch NGOs award Human Rights Prize to Dutch Ambassador in Costa Rica","datePublished":"2022-06-21T09:05:10+00:00","dateModified":"2025-06-26T05:39:35+00:00","mainEntityOfPage":{"@id":"https:\/\/nimd.org\/es\/dutch-ngos-award-human-rights-prize-to-dutch-ambassador-in-costa-rica\/"},"wordCount":574,"commentCount":0,"image":{"@id":"https:\/\/nimd.org\/es\/dutch-ngos-award-human-rights-prize-to-dutch-ambassador-in-costa-rica\/#primaryimage"},"thumbnailUrl":"https:\/\/nimd.org\/wp-content\/uploads\/2025\/04\/DSC_5938-scaled-1.jpeg","articleSection":["News"],"inLanguage":"es","potentialAction":[{"@type":"CommentAction","name":"Comment","target":["https:\/\/nimd.org\/es\/dutch-ngos-award-human-rights-prize-to-dutch-ambassador-in-costa-rica\/#respond"]}]},{"@type":"WebPage","@id":"https:\/\/nimd.org\/es\/dutch-ngos-award-human-rights-prize-to-dutch-ambassador-in-costa-rica\/","url":"https:\/\/nimd.org\/es\/dutch-ngos-award-human-rights-prize-to-dutch-ambassador-in-costa-rica\/","name":"Dutch NGOs award Human Rights Prize to Dutch Ambassador in Costa Rica - NIMD","isPartOf":{"@id":"https:\/\/nimd.org\/fr\/#website"},"primaryImageOfPage":{"@id":"https:\/\/nimd.org\/es\/dutch-ngos-award-human-rights-prize-to-dutch-ambassador-in-costa-rica\/#primaryimage"},"image":{"@id":"https:\/\/nimd.org\/es\/dutch-ngos-award-human-rights-prize-to-dutch-ambassador-in-costa-rica\/#primaryimage"},"thumbnailUrl":"https:\/\/nimd.org\/wp-content\/uploads\/2025\/04\/DSC_5938-scaled-1.jpeg","datePublished":"2022-06-21T09:05:10+00:00","dateModified":"2025-06-26T05:39:35+00:00","author":{"@id":"https:\/\/nimd.org\/fr\/#\/schema\/person\/fecd680c201ede81b56eb098a17ad928"},"breadcrumb":{"@id":"https:\/\/nimd.org\/es\/dutch-ngos-award-human-rights-prize-to-dutch-ambassador-in-costa-rica\/#breadcrumb"},"inLanguage":"es","potentialAction":[{"@type":"ReadAction","target":["https:\/\/nimd.org\/es\/dutch-ngos-award-human-rights-prize-to-dutch-ambassador-in-costa-rica\/"]}]},{"@type":"ImageObject","inLanguage":"es","@id":"https:\/\/nimd.org\/es\/dutch-ngos-award-human-rights-prize-to-dutch-ambassador-in-costa-rica\/#primaryimage","url":"https:\/\/nimd.org\/wp-content\/uploads\/2025\/04\/DSC_5938-scaled-1.jpeg","contentUrl":"https:\/\/nimd.org\/wp-content\/uploads\/2025\/04\/DSC_5938-scaled-1.jpeg","width":2560,"height":1707,"caption":"Winner, Ambassador Christine PIrenne, and moderator, Oxfam's Nicolette Matthijsen."},{"@type":"BreadcrumbList","@id":"https:\/\/nimd.org\/es\/dutch-ngos-award-human-rights-prize-to-dutch-ambassador-in-costa-rica\/#breadcrumb","itemListElement":[{"@type":"ListItem","position":1,"name":"Home","item":"https:\/\/nimd.org\/fr\/"},{"@type":"ListItem","position":2,"name":"Dutch NGOs award Human Rights Prize to Dutch Ambassador in Costa Rica"}]},{"@type":"WebSite","@id":"https:\/\/nimd.org\/fr\/#website","url":"https:\/\/nimd.org\/fr\/","name":"NIMD","description":"La democracia empieza por el di\u00e1logo","potentialAction":[{"@type":"SearchAction","target":{"@type":"EntryPoint","urlTemplate":"https:\/\/nimd.org\/fr\/?s={search_term_string}"},"query-input":{"@type":"PropertyValueSpecification","valueRequired":true,"valueName":"search_term_string"}}],"inLanguage":"es"},{"@type":"Person","@id":"https:\/\/nimd.org\/fr\/#\/schema\/person\/fecd680c201ede81b56eb098a17ad928","name":"superadmin","image":{"@type":"ImageObject","inLanguage":"es","@id":"https:\/\/nimd.org\/fr\/#\/schema\/person\/image\/","url":"https:\/\/secure.gravatar.com\/avatar\/1d1e7ebaf312b717161d349f71f6060e0ed86d7a652cbc37adc644a79988d181?s=96&d=mm&r=g","contentUrl":"https:\/\/secure.gravatar.com\/avatar\/1d1e7ebaf312b717161d349f71f6060e0ed86d7a652cbc37adc644a79988d181?s=96&d=mm&r=g","caption":"superadmin"}}]}},"_links":{"self":[{"href":"https:\/\/nimd.org\/es\/wp-json\/wp\/v2\/posts\/19003","targetHints":{"allow":["GET"]}}],"collection":[{"href":"https:\/\/nimd.org\/es\/wp-json\/wp\/v2\/posts"}],"about":[{"href":"https:\/\/nimd.org\/es\/wp-json\/wp\/v2\/types\/post"}],"author":[{"embeddable":true,"href":"https:\/\/nimd.org\/es\/wp-json\/wp\/v2\/users\/2"}],"replies":[{"embeddable":true,"href":"https:\/\/nimd.org\/es\/wp-json\/wp\/v2\/comments?post=19003"}],"version-history":[{"count":3,"href":"https:\/\/nimd.org\/es\/wp-json\/wp\/v2\/posts\/19003\/revisions"}],"predecessor-version":[{"id":25525,"href":"https:\/\/nimd.org\/es\/wp-json\/wp\/v2\/posts\/19003\/revisions\/25525"}],"wp:featuredmedia":[{"embeddable":true,"href":"https:\/\/nimd.org\/es\/wp-json\/wp\/v2\/media\/24047"}],"wp:attachment":[{"href":"https:\/\/nimd.org\/es\/wp-json\/wp\/v2\/media?parent=19003"}],"wp:term":[{"taxonomy":"category","embeddable":true,"href":"https:\/\/nimd.org\/es\/wp-json\/wp\/v2\/categories?post=19003"},{"taxonomy":"post_tag","embeddable":true,"href":"https:\/\/nimd.org\/es\/wp-json\/wp\/v2\/tags?post=19003"},{"taxonomy":"countries","embeddable":true,"href":"https:\/\/nimd.org\/es\/wp-json\/wp\/v2\/countries?post=19003"},{"taxonomy":"theme","embeddable":true,"href":"https:\/\/nimd.org\/es\/wp-json\/wp\/v2\/theme?post=19003"}],"curies":[{"name":"wp","href":"https:\/\/api.w.org\/{rel}","templated":true}]}}