{"id":18990,"date":"2022-02-11T08:41:18","date_gmt":"2022-02-11T08:41:18","guid":{"rendered":"https:\/\/nimd.org\/nimd-executive-director-nominated-as-gender-champion\/"},"modified":"2025-07-07T06:15:35","modified_gmt":"2025-07-07T06:15:35","slug":"nimd-executive-director-nominated-as-gender-champion","status":"publish","type":"post","link":"https:\/\/nimd.org\/es\/nimd-executive-director-nominated-as-gender-champion\/","title":{"rendered":"La Directora Ejecutiva del NIMD nombrada Defensora de la Igualdad de G\u00e9nero"},"content":{"rendered":"<p>Nos complace anunciar que el Director Ejecutivo de NIMD, Thijs Berman, se ha unido a la Comisi\u00f3n Europea. <a href=\"https:\/\/genderchampions.com\/\" target=\"_blank\" rel=\"noopener\">Campeones internacionales de g\u00e9nero<\/a> que refleja el compromiso permanente de NIMD con el desarrollo sostenible. <a href=\"https:\/\/nimd.org\/es\/programme\/diversity-and-gender-equality\/\" target=\"_blank\" rel=\"noopener\">empoderar a las mujeres<\/a> y apoyando su participaci\u00f3n en la pol\u00edtica en todo el mundo.<\/p>\n<p>La CIG es una red mundial de liderazgo que re\u00fane a mujeres y hombres responsables de la toma de decisiones decididos a derribar las barreras de g\u00e9nero y hacer de la igualdad de g\u00e9nero una realidad operativa en sus esferas de influencia.<\/p>\n<p>Actualmente hay m\u00e1s de 300 Gender Champions activos en la red, y Thijs est\u00e1 encantado de unirse a ellos en su misi\u00f3n vital de trabajar por una mayor visibilidad y participaci\u00f3n de las mujeres en la vida p\u00fablica.<\/p>\n<p><img loading=\"lazy\" decoding=\"async\" class=\"aligncenter wp-image-12574\" src=\"http:\/\/nimd.org\/wp-content\/uploads\/2025\/02\/gender_champion_quote_2.jpg\" alt=\"\" width=\"580\" height=\"235\" \/><\/p>\n<p>\"La CIG es una gran iniciativa, que re\u00fane a personas tan diversas y les hace examinar realmente sus compromisos con la igualdad de g\u00e9nero, tanto en su trabajo de programaci\u00f3n como dentro de sus propias organizaciones\", afirma Thijs.<\/p>\n<p>\"La democracia no puede prosperar a menos que se escuchen las voces de todas las personas de la sociedad, y las mujeres son absolutamente fundamentales para el funcionamiento de una democracia inclusiva.<\/p>\n<p>\"El NIMD apoya y capacita a las mujeres de todo el mundo para que puedan desempe\u00f1ar un papel significativo en el liderazgo pol\u00edtico, la resoluci\u00f3n de conflictos y la consolidaci\u00f3n de la paz\".<\/p>\n<h3><strong>Compromisos concretos<\/strong><\/h3>\n<p>Como Campe\u00f3n de G\u00e9nero, Thijs se compromete a participar \u00fanicamente en paneles en los que est\u00e9n representados tanto hombres como mujeres. Tambi\u00e9n se compromete a integrar la igualdad de g\u00e9nero y el empoderamiento en todos los procesos de toma de decisiones y programaci\u00f3n del NIMD y a promover el papel de la mujer en los procesos de paz y di\u00e1logo. <a href=\"https:\/\/genderchampions.com\/champions\/thijs-berman\" target=\"_blank\" rel=\"noopener\">Lea aqu\u00ed todos sus compromisos<\/a>.<\/p>\n<p>La igualdad de g\u00e9nero y la inclusividad est\u00e1n en el centro del trabajo de NIMD. Trabajamos por la paridad de g\u00e9nero en <a href=\"https:\/\/nimd.org\/es\/democracy-school-kicks-off-in-honduras\/\" target=\"_blank\" rel=\"noopener\">Escuelas democr\u00e1ticas<\/a>e incluimos una perspectiva de g\u00e9nero y diversidad en el dise\u00f1o, seguimiento y evaluaci\u00f3n de cada uno de nuestros programas nacionales.<\/p>\n<p>El NIMD tambi\u00e9n es miembro de la\u00a0<a href=\"https:\/\/nimd.org\/es\/programme\/leap4peace\/\" target=\"_blank\" rel=\"noopener\">Consorcio LEAP4Peace<\/a>que apoya a las mujeres de Myanmar, Colombia y Burundi para que puedan desempe\u00f1ar un papel significativo en el liderazgo pol\u00edtico, la resoluci\u00f3n de conflictos y la consolidaci\u00f3n de la paz. El NIMD es tambi\u00e9n uno de los socios de <a href=\"https:\/\/wphfund.org\/rrw\/\" target=\"_blank\" rel=\"noopener\">Ventanilla de Respuesta R\u00e1pida del Fondo Humanitario y de Paz de ONU Mujeres<\/a>apoyar la participaci\u00f3n de las mujeres en los procesos de paz.<\/p>","protected":false},"excerpt":{"rendered":"<p>Nos complace anunciar que el Director Ejecutivo de NIMD, Thijs Berman, se ha unido a la red International Gender Champions, lo que refleja el compromiso constante de NIMD con el empoderamiento de las mujeres y el apoyo a su participaci\u00f3n en la pol\u00edtica en todo el mundo. La CIG es una red mundial de liderazgo que re\u00fane a mujeres y hombres responsables de la toma de decisiones decididos a derribar las barreras de g\u00e9nero y ... <a href=\"https:\/\/nimd.org\/es\/nimd-executive-director-nominated-as-gender-champion\/\"><\/a><\/p>","protected":false},"author":2,"featured_media":25024,"comment_status":"open","ping_status":"open","sticky":false,"template":"","format":"standard","meta":{"_acf_changed":false,"inline_featured_image":false,"_monsterinsights_skip_tracking":false,"_monsterinsights_sitenote_active":false,"_monsterinsights_sitenote_note":"","_monsterinsights_sitenote_category":0,"footnotes":""},"categories":[99],"tags":[],"countries":[],"theme":[],"class_list":["post-18990","post","type-post","status-publish","format-standard","has-post-thumbnail","hentry","category-news"],"acf":[],"yoast_head":"<!-- This site is optimized with the Yoast SEO Premium plugin v27.1 (Yoast SEO v27.1.1) - https:\/\/yoast.com\/product\/yoast-seo-premium-wordpress\/ -->\n<title>NIMD Executive Director Nominated as Gender Champion - NIMD<\/title>\n<meta name=\"robots\" content=\"index, follow, max-snippet:-1, max-image-preview:large, max-video-preview:-1\" \/>\n<link rel=\"canonical\" href=\"https:\/\/nimd.org\/es\/nimd-executive-director-nominated-as-gender-champion\/\" \/>\n<meta property=\"og:locale\" content=\"es_ES\" \/>\n<meta property=\"og:type\" content=\"article\" \/>\n<meta property=\"og:title\" content=\"NIMD Executive Director Nominated as Gender Champion\" \/>\n<meta property=\"og:description\" content=\"We are delighted to announce that NIMD\u2019s Executive Director, Thijs Berman, has joined the International Gender Champions network, reflecting NIMD\u2019s ongoing commitment to empowering women and supporting their participation in politics around the world. The IGC is a global leadership network that brings together female and male decision-makers determined to break down gender barriers\u00a0and make &hellip;\" \/>\n<meta property=\"og:url\" content=\"https:\/\/nimd.org\/es\/nimd-executive-director-nominated-as-gender-champion\/\" \/>\n<meta property=\"og:site_name\" content=\"NIMD\" \/>\n<meta property=\"article:published_time\" content=\"2022-02-11T08:41:18+00:00\" \/>\n<meta property=\"article:modified_time\" content=\"2025-07-07T06:15:35+00:00\" \/>\n<meta property=\"og:image\" content=\"https:\/\/nimd.org\/wp-content\/uploads\/2025\/04\/gender_champion-2.jpg\" \/>\n\t<meta property=\"og:image:width\" content=\"1029\" \/>\n\t<meta property=\"og:image:height\" content=\"677\" \/>\n\t<meta property=\"og:image:type\" content=\"image\/jpeg\" \/>\n<meta name=\"author\" content=\"superadmin\" \/>\n<meta name=\"twitter:card\" content=\"summary_large_image\" \/>\n<meta name=\"twitter:label1\" content=\"Escrito por\" \/>\n\t<meta name=\"twitter:data1\" content=\"superadmin\" \/>\n\t<meta name=\"twitter:label2\" content=\"Tiempo de lectura\" \/>\n\t<meta name=\"twitter:data2\" content=\"2 minutos\" \/>\n<script type=\"application\/ld+json\" class=\"yoast-schema-graph\">{\"@context\":\"https:\/\/schema.org\",\"@graph\":[{\"@type\":\"Article\",\"@id\":\"https:\/\/nimd.org\/es\/nimd-executive-director-nominated-as-gender-champion\/#article\",\"isPartOf\":{\"@id\":\"https:\/\/nimd.org\/es\/nimd-executive-director-nominated-as-gender-champion\/\"},\"author\":{\"name\":\"superadmin\",\"@id\":\"https:\/\/nimd.org\/fr\/#\/schema\/person\/fecd680c201ede81b56eb098a17ad928\"},\"headline\":\"NIMD Executive Director Nominated as Gender Champion\",\"datePublished\":\"2022-02-11T08:41:18+00:00\",\"dateModified\":\"2025-07-07T06:15:35+00:00\",\"mainEntityOfPage\":{\"@id\":\"https:\/\/nimd.org\/es\/nimd-executive-director-nominated-as-gender-champion\/\"},\"wordCount\":345,\"commentCount\":0,\"image\":{\"@id\":\"https:\/\/nimd.org\/es\/nimd-executive-director-nominated-as-gender-champion\/#primaryimage\"},\"thumbnailUrl\":\"https:\/\/nimd.org\/wp-content\/uploads\/2025\/04\/gender_champion-2.jpg\",\"articleSection\":[\"News\"],\"inLanguage\":\"es\",\"potentialAction\":[{\"@type\":\"CommentAction\",\"name\":\"Comment\",\"target\":[\"https:\/\/nimd.org\/es\/nimd-executive-director-nominated-as-gender-champion\/#respond\"]}]},{\"@type\":\"WebPage\",\"@id\":\"https:\/\/nimd.org\/es\/nimd-executive-director-nominated-as-gender-champion\/\",\"url\":\"https:\/\/nimd.org\/es\/nimd-executive-director-nominated-as-gender-champion\/\",\"name\":\"NIMD Executive Director Nominated as Gender Champion - NIMD\",\"isPartOf\":{\"@id\":\"https:\/\/nimd.org\/fr\/#website\"},\"primaryImageOfPage\":{\"@id\":\"https:\/\/nimd.org\/es\/nimd-executive-director-nominated-as-gender-champion\/#primaryimage\"},\"image\":{\"@id\":\"https:\/\/nimd.org\/es\/nimd-executive-director-nominated-as-gender-champion\/#primaryimage\"},\"thumbnailUrl\":\"https:\/\/nimd.org\/wp-content\/uploads\/2025\/04\/gender_champion-2.jpg\",\"datePublished\":\"2022-02-11T08:41:18+00:00\",\"dateModified\":\"2025-07-07T06:15:35+00:00\",\"author\":{\"@id\":\"https:\/\/nimd.org\/fr\/#\/schema\/person\/fecd680c201ede81b56eb098a17ad928\"},\"breadcrumb\":{\"@id\":\"https:\/\/nimd.org\/es\/nimd-executive-director-nominated-as-gender-champion\/#breadcrumb\"},\"inLanguage\":\"es\",\"potentialAction\":[{\"@type\":\"ReadAction\",\"target\":[\"https:\/\/nimd.org\/es\/nimd-executive-director-nominated-as-gender-champion\/\"]}]},{\"@type\":\"ImageObject\",\"inLanguage\":\"es\",\"@id\":\"https:\/\/nimd.org\/es\/nimd-executive-director-nominated-as-gender-champion\/#primaryimage\",\"url\":\"https:\/\/nimd.org\/wp-content\/uploads\/2025\/04\/gender_champion-2.jpg\",\"contentUrl\":\"https:\/\/nimd.org\/wp-content\/uploads\/2025\/04\/gender_champion-2.jpg\",\"width\":1029,\"height\":677},{\"@type\":\"BreadcrumbList\",\"@id\":\"https:\/\/nimd.org\/es\/nimd-executive-director-nominated-as-gender-champion\/#breadcrumb\",\"itemListElement\":[{\"@type\":\"ListItem\",\"position\":1,\"name\":\"Home\",\"item\":\"https:\/\/nimd.org\/fr\/\"},{\"@type\":\"ListItem\",\"position\":2,\"name\":\"NIMD Executive Director Nominated as Gender Champion\"}]},{\"@type\":\"WebSite\",\"@id\":\"https:\/\/nimd.org\/fr\/#website\",\"url\":\"https:\/\/nimd.org\/fr\/\",\"name\":\"NIMD\",\"description\":\"Democracy Starts With Dialogue\",\"potentialAction\":[{\"@type\":\"SearchAction\",\"target\":{\"@type\":\"EntryPoint\",\"urlTemplate\":\"https:\/\/nimd.org\/fr\/?s={search_term_string}\"},\"query-input\":{\"@type\":\"PropertyValueSpecification\",\"valueRequired\":true,\"valueName\":\"search_term_string\"}}],\"inLanguage\":\"es\"},{\"@type\":\"Person\",\"@id\":\"https:\/\/nimd.org\/fr\/#\/schema\/person\/fecd680c201ede81b56eb098a17ad928\",\"name\":\"superadmin\",\"image\":{\"@type\":\"ImageObject\",\"inLanguage\":\"es\",\"@id\":\"https:\/\/nimd.org\/fr\/#\/schema\/person\/image\/\",\"url\":\"https:\/\/secure.gravatar.com\/avatar\/1d1e7ebaf312b717161d349f71f6060e0ed86d7a652cbc37adc644a79988d181?s=96&d=mm&r=g\",\"contentUrl\":\"https:\/\/secure.gravatar.com\/avatar\/1d1e7ebaf312b717161d349f71f6060e0ed86d7a652cbc37adc644a79988d181?s=96&d=mm&r=g\",\"caption\":\"superadmin\"}}]}<\/script>\n<!-- \/ Yoast SEO Premium plugin. -->","yoast_head_json":{"title":"La Directora Ejecutiva del NIMD, nombrada Defensora de la Igualdad de G\u00e9nero - NIMD","robots":{"index":"index","follow":"follow","max-snippet":"max-snippet:-1","max-image-preview":"max-image-preview:large","max-video-preview":"max-video-preview:-1"},"canonical":"https:\/\/nimd.org\/es\/nimd-executive-director-nominated-as-gender-champion\/","og_locale":"es_ES","og_type":"article","og_title":"NIMD Executive Director Nominated as Gender Champion","og_description":"We are delighted to announce that NIMD\u2019s Executive Director, Thijs Berman, has joined the International Gender Champions network, reflecting NIMD\u2019s ongoing commitment to empowering women and supporting their participation in politics around the world. The IGC is a global leadership network that brings together female and male decision-makers determined to break down gender barriers\u00a0and make &hellip;","og_url":"https:\/\/nimd.org\/es\/nimd-executive-director-nominated-as-gender-champion\/","og_site_name":"NIMD","article_published_time":"2022-02-11T08:41:18+00:00","article_modified_time":"2025-07-07T06:15:35+00:00","og_image":[{"width":1029,"height":677,"url":"https:\/\/nimd.org\/wp-content\/uploads\/2025\/04\/gender_champion-2.jpg","type":"image\/jpeg"}],"author":"superadmin","twitter_card":"summary_large_image","twitter_misc":{"Escrito por":"superadmin","Tiempo de lectura":"2 minutos"},"schema":{"@context":"https:\/\/schema.org","@graph":[{"@type":"Article","@id":"https:\/\/nimd.org\/es\/nimd-executive-director-nominated-as-gender-champion\/#article","isPartOf":{"@id":"https:\/\/nimd.org\/es\/nimd-executive-director-nominated-as-gender-champion\/"},"author":{"name":"superadmin","@id":"https:\/\/nimd.org\/fr\/#\/schema\/person\/fecd680c201ede81b56eb098a17ad928"},"headline":"NIMD Executive Director Nominated as Gender Champion","datePublished":"2022-02-11T08:41:18+00:00","dateModified":"2025-07-07T06:15:35+00:00","mainEntityOfPage":{"@id":"https:\/\/nimd.org\/es\/nimd-executive-director-nominated-as-gender-champion\/"},"wordCount":345,"commentCount":0,"image":{"@id":"https:\/\/nimd.org\/es\/nimd-executive-director-nominated-as-gender-champion\/#primaryimage"},"thumbnailUrl":"https:\/\/nimd.org\/wp-content\/uploads\/2025\/04\/gender_champion-2.jpg","articleSection":["News"],"inLanguage":"es","potentialAction":[{"@type":"CommentAction","name":"Comment","target":["https:\/\/nimd.org\/es\/nimd-executive-director-nominated-as-gender-champion\/#respond"]}]},{"@type":"WebPage","@id":"https:\/\/nimd.org\/es\/nimd-executive-director-nominated-as-gender-champion\/","url":"https:\/\/nimd.org\/es\/nimd-executive-director-nominated-as-gender-champion\/","name":"La Directora Ejecutiva del NIMD, nombrada Defensora de la Igualdad de G\u00e9nero - NIMD","isPartOf":{"@id":"https:\/\/nimd.org\/fr\/#website"},"primaryImageOfPage":{"@id":"https:\/\/nimd.org\/es\/nimd-executive-director-nominated-as-gender-champion\/#primaryimage"},"image":{"@id":"https:\/\/nimd.org\/es\/nimd-executive-director-nominated-as-gender-champion\/#primaryimage"},"thumbnailUrl":"https:\/\/nimd.org\/wp-content\/uploads\/2025\/04\/gender_champion-2.jpg","datePublished":"2022-02-11T08:41:18+00:00","dateModified":"2025-07-07T06:15:35+00:00","author":{"@id":"https:\/\/nimd.org\/fr\/#\/schema\/person\/fecd680c201ede81b56eb098a17ad928"},"breadcrumb":{"@id":"https:\/\/nimd.org\/es\/nimd-executive-director-nominated-as-gender-champion\/#breadcrumb"},"inLanguage":"es","potentialAction":[{"@type":"ReadAction","target":["https:\/\/nimd.org\/es\/nimd-executive-director-nominated-as-gender-champion\/"]}]},{"@type":"ImageObject","inLanguage":"es","@id":"https:\/\/nimd.org\/es\/nimd-executive-director-nominated-as-gender-champion\/#primaryimage","url":"https:\/\/nimd.org\/wp-content\/uploads\/2025\/04\/gender_champion-2.jpg","contentUrl":"https:\/\/nimd.org\/wp-content\/uploads\/2025\/04\/gender_champion-2.jpg","width":1029,"height":677},{"@type":"BreadcrumbList","@id":"https:\/\/nimd.org\/es\/nimd-executive-director-nominated-as-gender-champion\/#breadcrumb","itemListElement":[{"@type":"ListItem","position":1,"name":"Home","item":"https:\/\/nimd.org\/fr\/"},{"@type":"ListItem","position":2,"name":"NIMD Executive Director Nominated as Gender Champion"}]},{"@type":"WebSite","@id":"https:\/\/nimd.org\/fr\/#website","url":"https:\/\/nimd.org\/fr\/","name":"NIMD","description":"La democracia empieza por el di\u00e1logo","potentialAction":[{"@type":"SearchAction","target":{"@type":"EntryPoint","urlTemplate":"https:\/\/nimd.org\/fr\/?s={search_term_string}"},"query-input":{"@type":"PropertyValueSpecification","valueRequired":true,"valueName":"search_term_string"}}],"inLanguage":"es"},{"@type":"Person","@id":"https:\/\/nimd.org\/fr\/#\/schema\/person\/fecd680c201ede81b56eb098a17ad928","name":"superadmin","image":{"@type":"ImageObject","inLanguage":"es","@id":"https:\/\/nimd.org\/fr\/#\/schema\/person\/image\/","url":"https:\/\/secure.gravatar.com\/avatar\/1d1e7ebaf312b717161d349f71f6060e0ed86d7a652cbc37adc644a79988d181?s=96&d=mm&r=g","contentUrl":"https:\/\/secure.gravatar.com\/avatar\/1d1e7ebaf312b717161d349f71f6060e0ed86d7a652cbc37adc644a79988d181?s=96&d=mm&r=g","caption":"superadmin"}}]}},"_links":{"self":[{"href":"https:\/\/nimd.org\/es\/wp-json\/wp\/v2\/posts\/18990","targetHints":{"allow":["GET"]}}],"collection":[{"href":"https:\/\/nimd.org\/es\/wp-json\/wp\/v2\/posts"}],"about":[{"href":"https:\/\/nimd.org\/es\/wp-json\/wp\/v2\/types\/post"}],"author":[{"embeddable":true,"href":"https:\/\/nimd.org\/es\/wp-json\/wp\/v2\/users\/2"}],"replies":[{"embeddable":true,"href":"https:\/\/nimd.org\/es\/wp-json\/wp\/v2\/comments?post=18990"}],"version-history":[{"count":7,"href":"https:\/\/nimd.org\/es\/wp-json\/wp\/v2\/posts\/18990\/revisions"}],"predecessor-version":[{"id":25828,"href":"https:\/\/nimd.org\/es\/wp-json\/wp\/v2\/posts\/18990\/revisions\/25828"}],"wp:featuredmedia":[{"embeddable":true,"href":"https:\/\/nimd.org\/es\/wp-json\/wp\/v2\/media\/25024"}],"wp:attachment":[{"href":"https:\/\/nimd.org\/es\/wp-json\/wp\/v2\/media?parent=18990"}],"wp:term":[{"taxonomy":"category","embeddable":true,"href":"https:\/\/nimd.org\/es\/wp-json\/wp\/v2\/categories?post=18990"},{"taxonomy":"post_tag","embeddable":true,"href":"https:\/\/nimd.org\/es\/wp-json\/wp\/v2\/tags?post=18990"},{"taxonomy":"countries","embeddable":true,"href":"https:\/\/nimd.org\/es\/wp-json\/wp\/v2\/countries?post=18990"},{"taxonomy":"theme","embeddable":true,"href":"https:\/\/nimd.org\/es\/wp-json\/wp\/v2\/theme?post=18990"}],"curies":[{"name":"wp","href":"https:\/\/api.w.org\/{rel}","templated":true}]}}