{"id":18938,"date":"2020-12-03T13:55:20","date_gmt":"2020-12-03T13:55:20","guid":{"rendered":"https:\/\/nimd.org\/interview-nimds-democracy-school-for-young-people-living-with-disabilities\/"},"modified":"2025-04-07T08:11:17","modified_gmt":"2025-04-07T08:11:17","slug":"interview-nimds-democracy-school-for-young-people-living-with-disabilities","status":"publish","type":"post","link":"https:\/\/nimd.org\/es\/interview-nimds-democracy-school-for-young-people-living-with-disabilities\/","title":{"rendered":"Entrevista: La Escuela de la Democracia de NIMD para j\u00f3venes discapacitados"},"content":{"rendered":"<p><em>Todos los a\u00f1os, el 3 de diciembre, se celebra el D\u00eda Internacional de las Personas con Discapacidad de la ONU, una jornada destinada a promover la participaci\u00f3n plena y en igualdad de condiciones de las personas que viven con discapacidad.<\/em><\/p>\n<p><em>Con motivo de este d\u00eda, hablamos con Gabriela Escalante, una prometedora graduada de nuestra Escuela de la Democracia para j\u00f3venes con discapacidad, que dirigimos en coordinaci\u00f3n con <\/em>el <a href=\"https:\/\/www.facebook.com\/fundacion.reddesobrevivientes\/\" target=\"_blank\" rel=\"noopener noreferrer\">Fundaci\u00f3n Red de Supervivientes y Personas con Discapacidad<\/a><em> (Fundaci\u00f3n Red de Supervivientes y Personas con Discapacidad), la <\/em><a href=\"https:\/\/www.fespad.org.sv\/\" target=\"_blank\" rel=\"noopener noreferrer\">Fundaci\u00f3n de Estudios para la Aplicaci\u00f3n del Derecho<\/a><em> (Fundaci\u00f3n de estudios para la aplicaci\u00f3n jur\u00eddica) e IM Swedish Development Partner.<\/em><\/p>\n<h3><strong>\u00bfCree que la Escuela de la Democracia para j\u00f3venes con discapacidad es pertinente? \u00bfPor qu\u00e9?<\/strong><\/h3>\n<p>La formaci\u00f3n de las personas con discapacidad es importante para la inclusi\u00f3n social y la participaci\u00f3n pol\u00edtica por tres razones:<\/p>\n<p><strong>Resiliencia.<\/strong> Gracias al crecimiento intelectual, nos dimos cuenta de que podemos participar en la sociedad y dejamos a un lado las dudas que nos frenaban.<\/p>\n<p><strong>Confianza en uno mismo.<\/strong> La formaci\u00f3n mejor\u00f3 significativamente nuestra percepci\u00f3n de nosotros mismos. Nos ayud\u00f3 a sustituir nuestros miedos por confianza.<\/p>\n<p><strong>Representaci\u00f3n. T<\/strong>a formaci\u00f3n nos ha dado conocimientos y habilidades, pero tambi\u00e9n confianza para escuchar, manejar un tema y dirigir nuestras ideas, sin permitir que otros nos traten con condescendencia. Esto significa que los dem\u00e1s tambi\u00e9n conf\u00edan en nosotros, hasta el punto de sentirse representados por nosotros.<\/p>\n<h3><strong><img loading=\"lazy\" decoding=\"async\" class=\"alignnone wp-image-11464 size-full\" src=\"http:\/\/nimd.org\/wp-content\/uploads\/2025\/02\/EfeakDZXoAEbXGg-640x480-1-e1607003588972.jpg\" alt=\"\" width=\"580\" height=\"435\" \/><\/strong><\/h3>\n<h3><strong>\u00bfParticipar en la Escuela ha cambiado su forma de enfocar las cosas?<\/strong><\/h3>\n<p>Creo que el cambio m\u00e1s notable, que incluso mi familia ha comentado, es que me siento con m\u00e1s poder. Me siento m\u00e1s segura para expresar mi opini\u00f3n, pero tambi\u00e9n tengo m\u00e1s paciencia para escuchar y comprender a los dem\u00e1s. Ya no me da verg\u00fcenza hablar de pol\u00edtica, y crear y defender formas de pensar. Y tengo m\u00e1s confianza para superar situaciones en casa e intentar ver los problemas desde otra perspectiva. Es curioso: una vez incluso utilic\u00e9 uno de los ejercicios de la Escuela de la Democracia para resolver un problema.<\/p>\n<h3><strong>\u00bfC\u00f3mo ha utilizado lo que ha aprendido?<\/strong><\/h3>\n<p>El empoderamiento que siento ha dado resultados concretos. Un grupo de j\u00f3venes del curso y yo decidimos crear una asociaci\u00f3n para ayudar y apoyar a otros j\u00f3venes discapacitados y a sus familias. Cada uno utilizamos nuestras distintas habilidades dentro de la organizaci\u00f3n, as\u00ed que tenemos abogados, periodistas, psic\u00f3logos, deportistas y profesores. Mi especialidad es la ortopedia\/pr\u00f3tesis.<\/p>\n<p>El curso de la Escuela de la Democracia nos dio los cimientos sobre los que hemos construido nuestra asociaci\u00f3n. Nos permiti\u00f3 abrir nuestras opciones m\u00e1s all\u00e1 de lo que hab\u00edamos considerado en el pasado. Ahora creo que puedo hacer cualquier cosa. Puedo construir mi carrera; puedo tener un papel decisorio. Y, alg\u00fan d\u00eda, podr\u00e9 velar por las personas con discapacidad, y por la poblaci\u00f3n en general, desde la Asamblea Legislativa.<\/p>\n<p>De hecho, mi ambici\u00f3n personal es ser elegida para la Asamblea Legislativa. El curso me ha dado las herramientas para influir m\u00e1s en la pol\u00edtica y entrar en los espacios de toma de decisiones.<\/p>\n<p>S\u00f3lo necesit\u00e1bamos que alguien creyera en nosotros. Y NIMD y sus socios lo hicieron.<\/p>\n<p>La Escuela de la Democracia de NIMD para j\u00f3venes discapacitados de El Salvador ha depositado su fe y confianza en los j\u00f3venes de nuestro pa\u00eds. Para m\u00ed, lo destacable es que la escuela demuestra a los dem\u00e1s, e incluso a nosotros como participantes en la formaci\u00f3n, que tenemos el derecho y las capacidades para involucrarnos en pol\u00edtica, independientemente de nuestra edad, de d\u00f3nde vivamos o de nuestra discapacidad.<\/p>\n<p><img loading=\"lazy\" decoding=\"async\" class=\"alignnone wp-image-11467 size-full\" src=\"http:\/\/nimd.org\/wp-content\/uploads\/2025\/02\/Gabriela-e1607003645441.jpg\" alt=\"\" width=\"580\" height=\"435\" \/><\/p>\n<h3><strong>Acerca de la Escuela de la Democracia de NIMD para j\u00f3venes discapacitados de El Salvador<\/strong><\/h3>\n<p><em>La escuela para j\u00f3venes con discapacidad es s\u00f3lo una de las <a href=\"http:\/\/nimd.org\/es\/democracy-school\/\" target=\"_blank\" rel=\"noopener noreferrer\">Cursos de la Escuela de Democracia del NIMD<\/a>donde tanto los pol\u00edticos consagrados como los aspirantes se re\u00fanen y aprenden los valores democr\u00e1ticos. Al ense\u00f1ar a los l\u00edderes establecidos y futuros habilidades como hablar, escuchar y debatir con respeto mutuo, ayudamos a la pr\u00f3xima generaci\u00f3n a poner en pr\u00e1ctica sus valores pol\u00edticos en consonancia con las necesidades de su pa\u00eds.<\/em><\/p>\n<p><em>Nuestra escuela para j\u00f3venes con discapacidad tambi\u00e9n pretende capacitar a un grupo de personas que pueden enfrentarse a barreras para la participaci\u00f3n pol\u00edtica, tanto como j\u00f3venes como personas con discapacidad. Al ofrecerles un espacio en el que puedan crear una red con otros j\u00f3venes de todo el espectro pol\u00edtico y la oportunidad de adquirir nuevos conocimientos y habilidades, esperamos ayudar a los participantes a romper esas barreras.<\/em><\/p>\n<figure id=\"attachment_11465\" aria-describedby=\"caption-attachment-11465\" style=\"width: 580px\" class=\"wp-caption alignnone\"><img loading=\"lazy\" decoding=\"async\" class=\"wp-image-11465 size-full\" src=\"http:\/\/nimd.org\/wp-content\/uploads\/2025\/02\/EfeXny3X0AAYcdG-640x360-1-e1607003686879.jpg\" alt=\"\" width=\"580\" height=\"326\" \/><figcaption id=\"caption-attachment-11465\" class=\"wp-caption-text\">Gabriela y otros participantes en la Escuela de la Democracia durante la formaci\u00f3n en l\u00ednea.<\/figcaption><\/figure>","protected":false},"excerpt":{"rendered":"<p>Todos los a\u00f1os, el 3 de diciembre, celebramos el D\u00eda Internacional de las Personas con Discapacidad de la ONU, una jornada destinada a promover la participaci\u00f3n plena y en igualdad de condiciones de las personas con discapacidad. Para conmemorar este d\u00eda, hablamos con Gabriela Escalante, una prometedora graduada de nuestra Escuela de la Democracia para j\u00f3venes que viven con discapacidad, que dirigimos... <a href=\"https:\/\/nimd.org\/es\/interview-nimds-democracy-school-for-young-people-living-with-disabilities\/\"><\/a><\/p>","protected":false},"author":2,"featured_media":24918,"comment_status":"open","ping_status":"open","sticky":false,"template":"","format":"standard","meta":{"_acf_changed":false,"inline_featured_image":false,"_monsterinsights_skip_tracking":false,"_monsterinsights_sitenote_active":false,"_monsterinsights_sitenote_note":"","_monsterinsights_sitenote_category":0,"footnotes":""},"categories":[99],"tags":[],"countries":[82],"theme":[],"class_list":["post-18938","post","type-post","status-publish","format-standard","has-post-thumbnail","hentry","category-news","countries-el-salvador"],"acf":[],"yoast_head":"<!-- This site is optimized with the Yoast SEO Premium plugin v27.1 (Yoast SEO v27.1.1) - https:\/\/yoast.com\/product\/yoast-seo-premium-wordpress\/ -->\n<title>Interview: NIMD&#039;s Democracy School for young people living with disabilities - NIMD<\/title>\n<meta name=\"robots\" content=\"index, follow, max-snippet:-1, max-image-preview:large, max-video-preview:-1\" \/>\n<link rel=\"canonical\" href=\"https:\/\/nimd.org\/es\/interview-nimds-democracy-school-for-young-people-living-with-disabilities\/\" \/>\n<meta property=\"og:locale\" content=\"es_ES\" \/>\n<meta property=\"og:type\" content=\"article\" \/>\n<meta property=\"og:title\" content=\"Interview: NIMD&#039;s Democracy School for young people living with disabilities\" \/>\n<meta property=\"og:description\" content=\"Every year, on 3 December, we celebrate the UN International Day of Persons with Disabilities, a day designed to promote the full and equal participation of people living with disabilities. To mark this day, we talk to Gabriela Escalante, a promising graduate of our Democracy School for young people living with disabilities, which we run &hellip;\" \/>\n<meta property=\"og:url\" content=\"https:\/\/nimd.org\/es\/interview-nimds-democracy-school-for-young-people-living-with-disabilities\/\" \/>\n<meta property=\"og:site_name\" content=\"NIMD\" \/>\n<meta property=\"article:published_time\" content=\"2020-12-03T13:55:20+00:00\" \/>\n<meta property=\"article:modified_time\" content=\"2025-04-07T08:11:17+00:00\" \/>\n<meta property=\"og:image\" content=\"https:\/\/nimd.org\/wp-content\/uploads\/2025\/04\/Gabriela-featured-image.jpg\" \/>\n\t<meta property=\"og:image:width\" content=\"1280\" \/>\n\t<meta property=\"og:image:height\" content=\"717\" \/>\n\t<meta property=\"og:image:type\" content=\"image\/jpeg\" \/>\n<meta name=\"author\" content=\"superadmin\" \/>\n<meta name=\"twitter:card\" content=\"summary_large_image\" \/>\n<meta name=\"twitter:label1\" content=\"Escrito por\" \/>\n\t<meta name=\"twitter:data1\" content=\"superadmin\" \/>\n\t<meta name=\"twitter:label2\" content=\"Tiempo de lectura\" \/>\n\t<meta name=\"twitter:data2\" content=\"4 minutos\" \/>\n<script type=\"application\/ld+json\" class=\"yoast-schema-graph\">{\"@context\":\"https:\/\/schema.org\",\"@graph\":[{\"@type\":\"Article\",\"@id\":\"https:\/\/nimd.org\/es\/interview-nimds-democracy-school-for-young-people-living-with-disabilities\/#article\",\"isPartOf\":{\"@id\":\"https:\/\/nimd.org\/es\/interview-nimds-democracy-school-for-young-people-living-with-disabilities\/\"},\"author\":{\"name\":\"superadmin\",\"@id\":\"https:\/\/nimd.org\/fr\/#\/schema\/person\/fecd680c201ede81b56eb098a17ad928\"},\"headline\":\"Interview: NIMD&#8217;s Democracy School for young people living with disabilities\",\"datePublished\":\"2020-12-03T13:55:20+00:00\",\"dateModified\":\"2025-04-07T08:11:17+00:00\",\"mainEntityOfPage\":{\"@id\":\"https:\/\/nimd.org\/es\/interview-nimds-democracy-school-for-young-people-living-with-disabilities\/\"},\"wordCount\":750,\"commentCount\":0,\"image\":{\"@id\":\"https:\/\/nimd.org\/es\/interview-nimds-democracy-school-for-young-people-living-with-disabilities\/#primaryimage\"},\"thumbnailUrl\":\"https:\/\/nimd.org\/wp-content\/uploads\/2025\/04\/Gabriela-featured-image.jpg\",\"articleSection\":[\"News\"],\"inLanguage\":\"es\",\"potentialAction\":[{\"@type\":\"CommentAction\",\"name\":\"Comment\",\"target\":[\"https:\/\/nimd.org\/es\/interview-nimds-democracy-school-for-young-people-living-with-disabilities\/#respond\"]}]},{\"@type\":\"WebPage\",\"@id\":\"https:\/\/nimd.org\/es\/interview-nimds-democracy-school-for-young-people-living-with-disabilities\/\",\"url\":\"https:\/\/nimd.org\/es\/interview-nimds-democracy-school-for-young-people-living-with-disabilities\/\",\"name\":\"Interview: NIMD's Democracy School for young people living with disabilities - NIMD\",\"isPartOf\":{\"@id\":\"https:\/\/nimd.org\/fr\/#website\"},\"primaryImageOfPage\":{\"@id\":\"https:\/\/nimd.org\/es\/interview-nimds-democracy-school-for-young-people-living-with-disabilities\/#primaryimage\"},\"image\":{\"@id\":\"https:\/\/nimd.org\/es\/interview-nimds-democracy-school-for-young-people-living-with-disabilities\/#primaryimage\"},\"thumbnailUrl\":\"https:\/\/nimd.org\/wp-content\/uploads\/2025\/04\/Gabriela-featured-image.jpg\",\"datePublished\":\"2020-12-03T13:55:20+00:00\",\"dateModified\":\"2025-04-07T08:11:17+00:00\",\"author\":{\"@id\":\"https:\/\/nimd.org\/fr\/#\/schema\/person\/fecd680c201ede81b56eb098a17ad928\"},\"breadcrumb\":{\"@id\":\"https:\/\/nimd.org\/es\/interview-nimds-democracy-school-for-young-people-living-with-disabilities\/#breadcrumb\"},\"inLanguage\":\"es\",\"potentialAction\":[{\"@type\":\"ReadAction\",\"target\":[\"https:\/\/nimd.org\/es\/interview-nimds-democracy-school-for-young-people-living-with-disabilities\/\"]}]},{\"@type\":\"ImageObject\",\"inLanguage\":\"es\",\"@id\":\"https:\/\/nimd.org\/es\/interview-nimds-democracy-school-for-young-people-living-with-disabilities\/#primaryimage\",\"url\":\"https:\/\/nimd.org\/wp-content\/uploads\/2025\/04\/Gabriela-featured-image.jpg\",\"contentUrl\":\"https:\/\/nimd.org\/wp-content\/uploads\/2025\/04\/Gabriela-featured-image.jpg\",\"width\":1280,\"height\":717},{\"@type\":\"BreadcrumbList\",\"@id\":\"https:\/\/nimd.org\/es\/interview-nimds-democracy-school-for-young-people-living-with-disabilities\/#breadcrumb\",\"itemListElement\":[{\"@type\":\"ListItem\",\"position\":1,\"name\":\"Home\",\"item\":\"https:\/\/nimd.org\/fr\/\"},{\"@type\":\"ListItem\",\"position\":2,\"name\":\"Interview: NIMD&#8217;s Democracy School for young people living with disabilities\"}]},{\"@type\":\"WebSite\",\"@id\":\"https:\/\/nimd.org\/fr\/#website\",\"url\":\"https:\/\/nimd.org\/fr\/\",\"name\":\"NIMD\",\"description\":\"Democracy Starts With Dialogue\",\"potentialAction\":[{\"@type\":\"SearchAction\",\"target\":{\"@type\":\"EntryPoint\",\"urlTemplate\":\"https:\/\/nimd.org\/fr\/?s={search_term_string}\"},\"query-input\":{\"@type\":\"PropertyValueSpecification\",\"valueRequired\":true,\"valueName\":\"search_term_string\"}}],\"inLanguage\":\"es\"},{\"@type\":\"Person\",\"@id\":\"https:\/\/nimd.org\/fr\/#\/schema\/person\/fecd680c201ede81b56eb098a17ad928\",\"name\":\"superadmin\",\"image\":{\"@type\":\"ImageObject\",\"inLanguage\":\"es\",\"@id\":\"https:\/\/nimd.org\/fr\/#\/schema\/person\/image\/\",\"url\":\"https:\/\/secure.gravatar.com\/avatar\/1d1e7ebaf312b717161d349f71f6060e0ed86d7a652cbc37adc644a79988d181?s=96&d=mm&r=g\",\"contentUrl\":\"https:\/\/secure.gravatar.com\/avatar\/1d1e7ebaf312b717161d349f71f6060e0ed86d7a652cbc37adc644a79988d181?s=96&d=mm&r=g\",\"caption\":\"superadmin\"}}]}<\/script>\n<!-- \/ Yoast SEO Premium plugin. -->","yoast_head_json":{"title":"Entrevista: La Escuela de la Democracia del NIMD para j\u00f3venes discapacitados - NIMD","robots":{"index":"index","follow":"follow","max-snippet":"max-snippet:-1","max-image-preview":"max-image-preview:large","max-video-preview":"max-video-preview:-1"},"canonical":"https:\/\/nimd.org\/es\/interview-nimds-democracy-school-for-young-people-living-with-disabilities\/","og_locale":"es_ES","og_type":"article","og_title":"Interview: NIMD's Democracy School for young people living with disabilities","og_description":"Every year, on 3 December, we celebrate the UN International Day of Persons with Disabilities, a day designed to promote the full and equal participation of people living with disabilities. To mark this day, we talk to Gabriela Escalante, a promising graduate of our Democracy School for young people living with disabilities, which we run &hellip;","og_url":"https:\/\/nimd.org\/es\/interview-nimds-democracy-school-for-young-people-living-with-disabilities\/","og_site_name":"NIMD","article_published_time":"2020-12-03T13:55:20+00:00","article_modified_time":"2025-04-07T08:11:17+00:00","og_image":[{"width":1280,"height":717,"url":"https:\/\/nimd.org\/wp-content\/uploads\/2025\/04\/Gabriela-featured-image.jpg","type":"image\/jpeg"}],"author":"superadmin","twitter_card":"summary_large_image","twitter_misc":{"Escrito por":"superadmin","Tiempo de lectura":"4 minutos"},"schema":{"@context":"https:\/\/schema.org","@graph":[{"@type":"Article","@id":"https:\/\/nimd.org\/es\/interview-nimds-democracy-school-for-young-people-living-with-disabilities\/#article","isPartOf":{"@id":"https:\/\/nimd.org\/es\/interview-nimds-democracy-school-for-young-people-living-with-disabilities\/"},"author":{"name":"superadmin","@id":"https:\/\/nimd.org\/fr\/#\/schema\/person\/fecd680c201ede81b56eb098a17ad928"},"headline":"Interview: NIMD&#8217;s Democracy School for young people living with disabilities","datePublished":"2020-12-03T13:55:20+00:00","dateModified":"2025-04-07T08:11:17+00:00","mainEntityOfPage":{"@id":"https:\/\/nimd.org\/es\/interview-nimds-democracy-school-for-young-people-living-with-disabilities\/"},"wordCount":750,"commentCount":0,"image":{"@id":"https:\/\/nimd.org\/es\/interview-nimds-democracy-school-for-young-people-living-with-disabilities\/#primaryimage"},"thumbnailUrl":"https:\/\/nimd.org\/wp-content\/uploads\/2025\/04\/Gabriela-featured-image.jpg","articleSection":["News"],"inLanguage":"es","potentialAction":[{"@type":"CommentAction","name":"Comment","target":["https:\/\/nimd.org\/es\/interview-nimds-democracy-school-for-young-people-living-with-disabilities\/#respond"]}]},{"@type":"WebPage","@id":"https:\/\/nimd.org\/es\/interview-nimds-democracy-school-for-young-people-living-with-disabilities\/","url":"https:\/\/nimd.org\/es\/interview-nimds-democracy-school-for-young-people-living-with-disabilities\/","name":"Entrevista: La Escuela de la Democracia del NIMD para j\u00f3venes discapacitados - NIMD","isPartOf":{"@id":"https:\/\/nimd.org\/fr\/#website"},"primaryImageOfPage":{"@id":"https:\/\/nimd.org\/es\/interview-nimds-democracy-school-for-young-people-living-with-disabilities\/#primaryimage"},"image":{"@id":"https:\/\/nimd.org\/es\/interview-nimds-democracy-school-for-young-people-living-with-disabilities\/#primaryimage"},"thumbnailUrl":"https:\/\/nimd.org\/wp-content\/uploads\/2025\/04\/Gabriela-featured-image.jpg","datePublished":"2020-12-03T13:55:20+00:00","dateModified":"2025-04-07T08:11:17+00:00","author":{"@id":"https:\/\/nimd.org\/fr\/#\/schema\/person\/fecd680c201ede81b56eb098a17ad928"},"breadcrumb":{"@id":"https:\/\/nimd.org\/es\/interview-nimds-democracy-school-for-young-people-living-with-disabilities\/#breadcrumb"},"inLanguage":"es","potentialAction":[{"@type":"ReadAction","target":["https:\/\/nimd.org\/es\/interview-nimds-democracy-school-for-young-people-living-with-disabilities\/"]}]},{"@type":"ImageObject","inLanguage":"es","@id":"https:\/\/nimd.org\/es\/interview-nimds-democracy-school-for-young-people-living-with-disabilities\/#primaryimage","url":"https:\/\/nimd.org\/wp-content\/uploads\/2025\/04\/Gabriela-featured-image.jpg","contentUrl":"https:\/\/nimd.org\/wp-content\/uploads\/2025\/04\/Gabriela-featured-image.jpg","width":1280,"height":717},{"@type":"BreadcrumbList","@id":"https:\/\/nimd.org\/es\/interview-nimds-democracy-school-for-young-people-living-with-disabilities\/#breadcrumb","itemListElement":[{"@type":"ListItem","position":1,"name":"Home","item":"https:\/\/nimd.org\/fr\/"},{"@type":"ListItem","position":2,"name":"Interview: NIMD&#8217;s Democracy School for young people living with disabilities"}]},{"@type":"WebSite","@id":"https:\/\/nimd.org\/fr\/#website","url":"https:\/\/nimd.org\/fr\/","name":"NIMD","description":"La democracia empieza por el di\u00e1logo","potentialAction":[{"@type":"SearchAction","target":{"@type":"EntryPoint","urlTemplate":"https:\/\/nimd.org\/fr\/?s={search_term_string}"},"query-input":{"@type":"PropertyValueSpecification","valueRequired":true,"valueName":"search_term_string"}}],"inLanguage":"es"},{"@type":"Person","@id":"https:\/\/nimd.org\/fr\/#\/schema\/person\/fecd680c201ede81b56eb098a17ad928","name":"superadmin","image":{"@type":"ImageObject","inLanguage":"es","@id":"https:\/\/nimd.org\/fr\/#\/schema\/person\/image\/","url":"https:\/\/secure.gravatar.com\/avatar\/1d1e7ebaf312b717161d349f71f6060e0ed86d7a652cbc37adc644a79988d181?s=96&d=mm&r=g","contentUrl":"https:\/\/secure.gravatar.com\/avatar\/1d1e7ebaf312b717161d349f71f6060e0ed86d7a652cbc37adc644a79988d181?s=96&d=mm&r=g","caption":"superadmin"}}]}},"_links":{"self":[{"href":"https:\/\/nimd.org\/es\/wp-json\/wp\/v2\/posts\/18938","targetHints":{"allow":["GET"]}}],"collection":[{"href":"https:\/\/nimd.org\/es\/wp-json\/wp\/v2\/posts"}],"about":[{"href":"https:\/\/nimd.org\/es\/wp-json\/wp\/v2\/types\/post"}],"author":[{"embeddable":true,"href":"https:\/\/nimd.org\/es\/wp-json\/wp\/v2\/users\/2"}],"replies":[{"embeddable":true,"href":"https:\/\/nimd.org\/es\/wp-json\/wp\/v2\/comments?post=18938"}],"version-history":[{"count":5,"href":"https:\/\/nimd.org\/es\/wp-json\/wp\/v2\/posts\/18938\/revisions"}],"predecessor-version":[{"id":24917,"href":"https:\/\/nimd.org\/es\/wp-json\/wp\/v2\/posts\/18938\/revisions\/24917"}],"wp:featuredmedia":[{"embeddable":true,"href":"https:\/\/nimd.org\/es\/wp-json\/wp\/v2\/media\/24918"}],"wp:attachment":[{"href":"https:\/\/nimd.org\/es\/wp-json\/wp\/v2\/media?parent=18938"}],"wp:term":[{"taxonomy":"category","embeddable":true,"href":"https:\/\/nimd.org\/es\/wp-json\/wp\/v2\/categories?post=18938"},{"taxonomy":"post_tag","embeddable":true,"href":"https:\/\/nimd.org\/es\/wp-json\/wp\/v2\/tags?post=18938"},{"taxonomy":"countries","embeddable":true,"href":"https:\/\/nimd.org\/es\/wp-json\/wp\/v2\/countries?post=18938"},{"taxonomy":"theme","embeddable":true,"href":"https:\/\/nimd.org\/es\/wp-json\/wp\/v2\/theme?post=18938"}],"curies":[{"name":"wp","href":"https:\/\/api.w.org\/{rel}","templated":true}]}}