{"id":18902,"date":"2020-06-24T15:38:14","date_gmt":"2020-06-24T15:38:14","guid":{"rendered":"https:\/\/nimd.org\/defenddemocracy-a-joint-call\/"},"modified":"2025-06-26T08:40:54","modified_gmt":"2025-06-26T08:40:54","slug":"defenddemocracy-a-joint-call","status":"publish","type":"post","link":"https:\/\/nimd.org\/es\/defenddemocracy-a-joint-call\/","title":{"rendered":"1TP5Defiende la democracia: Un llamamiento conjunto"},"content":{"rendered":"<p>El NIMD ha aunado fuerzas con m\u00e1s de <a href=\"http:\/\/nimd.org\/wp-content\/uploads\/2025\/06\/List-of-signatories.pdf\" target=\"_blank\" rel=\"noopener noreferrer\">500 l\u00edderes pol\u00edticos y civiles, premios Nobel e instituciones prodemocr\u00e1ticas<\/a> para firmar un <a href=\"http:\/\/nimd.org\/wp-content\/uploads\/2025\/06\/A-Call-to-Defend-Democracy.pdf\" target=\"_blank\" rel=\"noopener noreferrer\">carta abierta a\u00a0<\/a>1TP5Defiende la democracia.<\/p>\n<h3>\u00bfPor qu\u00e9 defender la democracia?<\/h3>\n<p>La pandemia de COVID-19 amenaza algo m\u00e1s que las vidas y los medios de subsistencia de personas de todo el mundo. Es tambi\u00e9n una crisis pol\u00edtica que amenaza el futuro de la democracia liberal.<\/p>\n<p>En todo el mundo, muchos l\u00edderes autoritarios est\u00e1n utilizando la pandemia como excusa para tomar medidas represivas. En <span style=\"font-weight: 400;\">ver el Coronavirus <\/span><span style=\"font-weight: 400;\">como un nuevo campo de batalla pol\u00edtico en su lucha por estigmatizar <\/span><span style=\"font-weight: 400;\">democracia<\/span><span style=\"font-weight: 400;\"> y revertir sus espectaculares avances de las \u00faltimas d\u00e9cadas<\/span><\/p>\n<p>Sin embargo, la democracia es el sistema de gobierno m\u00e1s adecuado para abordar una crisis de la magnitud y complejidad de \u00e9sta.<\/p>\n<p>Gobiernos que escuchen a la gente, incluidos los grupos que actualmente no son escuchados... Medios de comunicaci\u00f3n cre\u00edbles y libres... Debate basado en hechos sobre las opciones pol\u00edticas. Todo esto es vital para combatir la pandemia. Y todos ellos son valores clave de la democracia.<\/p>\n<h3>S\u00f3lo a trav\u00e9s de la democracia<\/h3>\n<p>S\u00f3lo a trav\u00e9s de la democracia pueden las sociedades generar la confianza que les permita perseverar en una crisis, sanar profundas divisiones sociales mediante la participaci\u00f3n y el di\u00e1logo integradores, y mantener la confianza en que el sacrificio ser\u00e1 compartido y se respetar\u00e1n los derechos de todos los ciudadanos.<\/p>\n<p>S\u00f3lo a trav\u00e9s de la democracia puede capacitarse a la sociedad civil independiente, incluidas las mujeres y los j\u00f3venes, para que se asocie con las instituciones p\u00fablicas, colabore en la prestaci\u00f3n de servicios, ayude a los ciudadanos a mantenerse informados y comprometidos, y refuerce la moral social y el sentido de prop\u00f3sito com\u00fan.<\/p>\n<p>Y s\u00f3lo a trav\u00e9s de la democracia los sistemas de responsabilidad p\u00fablica pueden supervisar los poderes gubernamentales de emergencia y ponerles fin cuando ya no sean necesarios.<\/p>\n<div style=\"width: 1280px;\" class=\"wp-video\"><video class=\"wp-video-shortcode\" id=\"video-18902-1\" width=\"1280\" height=\"400\" poster=\"http:\/\/nimd.org\/wp-content\/uploads\/2020\/06\/Capture-3.jpg\" preload=\"metadata\" controls=\"controls\"><source type=\"video\/mp4\" src=\"http:\/\/nimd.org\/wp-content\/uploads\/2020\/06\/AccountabilityENGsub.mp4?_=1\" \/><a href=\"http:\/\/nimd.org\/wp-content\/uploads\/2020\/06\/AccountabilityENGsub.mp4\">http:\/\/nimd.org\/wp-content\/uploads\/2020\/06\/AccountabilityENGsub.mp4<\/a><\/video><\/div>\n<p><em>La democracia es escuchar todas las voces. Se trata de una toma de decisiones inclusiva y de tener en cuenta opiniones diferentes.<\/em><\/p>\n<h3>Nuestra llamada conjunta<\/h3>\n<p>En nuestra carta abierta, nos unimos a los defensores de la democracia de todo el mundo para<span style=\"font-weight: 400;\">\u00a0advierten que<\/span><span style=\"font-weight: 400;\"> el <\/span><span style=\"font-weight: 400;\">libertades<\/span><span style=\"font-weight: 400;\"> que apreciamos est\u00e1n amenazadas por gobiernos que utilizan la crisis para afianzarse en el poder.<\/span><\/p>\n<p>Iniciado por <a href=\"https:\/\/www.idea.int\/\" target=\"_blank\" rel=\"noopener noreferrer\">IDEA Internacional<\/a> y el <a href=\"https:\/\/www.ned.org\/\" target=\"_blank\" rel=\"noopener noreferrer\">Fondo Nacional para la Democracia<\/a>, la carta cuenta con el apoyo de 73 instituciones prodemocr\u00e1ticas, as\u00ed como de l\u00edderes pol\u00edticos y c\u00edvicos de todo el mundo, entre ellos 13 Premios Nobel y 62 ex Jefes de Estado y de Gobierno.<\/p>\n<p>Entre los firmantes no s\u00f3lo se encuentra NIMD Pa\u00edses Bajos, sino tambi\u00e9n otros miembros de nuestra red, incluidas nuestras oficinas en El Salvador y Guatemala, <a href=\"https:\/\/centralamerica.nimd.org\/nimd-america-central\/\" target=\"_blank\" rel=\"noopener noreferrer\">NIMD El Salvador<\/a> y <a href=\"https:\/\/centralamerica.nimd.org\/nimd-america-central\/\" target=\"_blank\" rel=\"noopener noreferrer\">NIMD Guatemala<\/a>nuestro socio en Indonesia, <a href=\"http:\/\/www.kemitraan.or.id\/\" target=\"_blank\" rel=\"noopener noreferrer\">Kemitraan<\/a>y nuestro socio en Mozambique, la <a href=\"http:\/\/www.imd.org.mz\/\" target=\"_blank\" rel=\"noopener noreferrer\">Instituto para la Democracia Multipartidista<\/a>.<\/p>\n<p><span style=\"font-weight: 400;\">La carta pretende concienciar y movilizar a ciudadanos y responsables pol\u00edticos para proteger la democracia. Les pedimos que reconozcan que se trata del sistema m\u00e1s eficaz para gestionar las crisis mundiales, protegiendo al mismo tiempo los derechos de todos los ciudadanos, en particular de las minor\u00edas y los grupos vulnerables.<\/span><\/p>\n<p><span style=\"font-weight: 400;\">Democracia<\/span><span style=\"font-weight: 400;\"> est\u00e1 amenazada, y las personas que se preocupan por ella deben reunir la voluntad, la disciplina y la solidaridad para defenderla. Est\u00e1n en juego <\/span><span style=\"font-weight: 400;\">libertad<\/span><span style=\"font-weight: 400;\">, <\/span><span style=\"font-weight: 400;\">salud<\/span><span style=\"font-weight: 400;\">y <\/span><span style=\"font-weight: 400;\">dignidad<\/span><span style=\"font-weight: 400;\"> de la gente en todas partes.<\/span><\/p>\n<p>Lea la carta completa y la lista de firmantes <a href=\"http:\/\/nimd.org\/wp-content\/uploads\/2025\/06\/Call-to-Defend-Democracy.pdf\" target=\"_blank\" rel=\"noopener noreferrer\">aqu\u00ed<\/a>.<\/p>","protected":false},"excerpt":{"rendered":"<p>El NIMD ha unido sus fuerzas a las de m\u00e1s de 500 l\u00edderes pol\u00edticos y civiles, Premios Nobel e instituciones pro-democracia para firmar una carta abierta al 1TP5DefiendeLaDemocracia. \u00bfPor qu\u00e9 defender la democracia? La pandemia de COVID-19 amenaza algo m\u00e1s que las vidas y los medios de subsistencia de personas de todo el mundo. Es tambi\u00e9n una crisis pol\u00edtica que amenaza el futuro de la democracia liberal. ... <a href=\"https:\/\/nimd.org\/es\/defenddemocracy-a-joint-call\/\"><\/a><\/p>","protected":false},"author":2,"featured_media":24453,"comment_status":"open","ping_status":"open","sticky":false,"template":"","format":"standard","meta":{"_acf_changed":false,"inline_featured_image":false,"_monsterinsights_skip_tracking":false,"_monsterinsights_sitenote_active":false,"_monsterinsights_sitenote_note":"","_monsterinsights_sitenote_category":0,"footnotes":""},"categories":[99],"tags":[],"countries":[],"theme":[],"class_list":["post-18902","post","type-post","status-publish","format-standard","has-post-thumbnail","hentry","category-news"],"acf":[],"yoast_head":"<!-- This site is optimized with the Yoast SEO Premium plugin v27.1 (Yoast SEO v27.1.1) - https:\/\/yoast.com\/product\/yoast-seo-premium-wordpress\/ -->\n<title>#DefendDemocracy: A joint call - NIMD<\/title>\n<meta name=\"robots\" content=\"index, follow, max-snippet:-1, max-image-preview:large, max-video-preview:-1\" \/>\n<link rel=\"canonical\" href=\"https:\/\/nimd.org\/es\/defenddemocracy-a-joint-call\/\" \/>\n<meta property=\"og:locale\" content=\"es_ES\" \/>\n<meta property=\"og:type\" content=\"article\" \/>\n<meta property=\"og:title\" content=\"#DefendDemocracy: A joint call\" \/>\n<meta property=\"og:description\" content=\"NIMD has joined forces with more than 500 political and civil leaders, Nobel Laureates and pro-democracy institutions to sign an open letter to\u00a0#DefendDemocracy. Why defend democracy? The COVID-19 pandemic threatens more than the lives and the livelihoods of people throughout the world. It is also a political crisis that threatens the future of liberal democracy. &hellip;\" \/>\n<meta property=\"og:url\" content=\"https:\/\/nimd.org\/es\/defenddemocracy-a-joint-call\/\" \/>\n<meta property=\"og:site_name\" content=\"NIMD\" \/>\n<meta property=\"article:published_time\" content=\"2020-06-24T15:38:14+00:00\" \/>\n<meta property=\"article:modified_time\" content=\"2025-06-26T08:40:54+00:00\" \/>\n<meta property=\"og:image\" content=\"https:\/\/nimd.org\/wp-content\/uploads\/2025\/04\/Defend-Democracy-scaled-1.jpg\" \/>\n\t<meta property=\"og:image:width\" content=\"2560\" \/>\n\t<meta property=\"og:image:height\" content=\"1344\" \/>\n\t<meta property=\"og:image:type\" content=\"image\/jpeg\" \/>\n<meta name=\"author\" content=\"superadmin\" \/>\n<meta name=\"twitter:card\" content=\"summary_large_image\" \/>\n<meta name=\"twitter:label1\" content=\"Escrito por\" \/>\n\t<meta name=\"twitter:data1\" content=\"superadmin\" \/>\n\t<meta name=\"twitter:label2\" content=\"Tiempo de lectura\" \/>\n\t<meta name=\"twitter:data2\" content=\"3 minutos\" \/>\n<script type=\"application\/ld+json\" class=\"yoast-schema-graph\">{\"@context\":\"https:\/\/schema.org\",\"@graph\":[{\"@type\":\"Article\",\"@id\":\"https:\/\/nimd.org\/fr\/defenddemocracy-a-joint-call\/#article\",\"isPartOf\":{\"@id\":\"https:\/\/nimd.org\/fr\/defenddemocracy-a-joint-call\/\"},\"author\":{\"name\":\"superadmin\",\"@id\":\"https:\/\/nimd.org\/fr\/#\/schema\/person\/fecd680c201ede81b56eb098a17ad928\"},\"headline\":\"#DefendDemocracy: A joint call\",\"datePublished\":\"2020-06-24T15:38:14+00:00\",\"dateModified\":\"2025-06-26T08:40:54+00:00\",\"mainEntityOfPage\":{\"@id\":\"https:\/\/nimd.org\/fr\/defenddemocracy-a-joint-call\/\"},\"wordCount\":520,\"commentCount\":0,\"image\":{\"@id\":\"https:\/\/nimd.org\/fr\/defenddemocracy-a-joint-call\/#primaryimage\"},\"thumbnailUrl\":\"https:\/\/nimd.org\/wp-content\/uploads\/2025\/04\/Defend-Democracy-scaled-1.jpg\",\"articleSection\":[\"News\"],\"inLanguage\":\"es\",\"potentialAction\":[{\"@type\":\"CommentAction\",\"name\":\"Comment\",\"target\":[\"https:\/\/nimd.org\/fr\/defenddemocracy-a-joint-call\/#respond\"]}]},{\"@type\":\"WebPage\",\"@id\":\"https:\/\/nimd.org\/fr\/defenddemocracy-a-joint-call\/\",\"url\":\"https:\/\/nimd.org\/fr\/defenddemocracy-a-joint-call\/\",\"name\":\"#DefendDemocracy: A joint call - NIMD\",\"isPartOf\":{\"@id\":\"https:\/\/nimd.org\/fr\/#website\"},\"primaryImageOfPage\":{\"@id\":\"https:\/\/nimd.org\/fr\/defenddemocracy-a-joint-call\/#primaryimage\"},\"image\":{\"@id\":\"https:\/\/nimd.org\/fr\/defenddemocracy-a-joint-call\/#primaryimage\"},\"thumbnailUrl\":\"https:\/\/nimd.org\/wp-content\/uploads\/2025\/04\/Defend-Democracy-scaled-1.jpg\",\"datePublished\":\"2020-06-24T15:38:14+00:00\",\"dateModified\":\"2025-06-26T08:40:54+00:00\",\"author\":{\"@id\":\"https:\/\/nimd.org\/fr\/#\/schema\/person\/fecd680c201ede81b56eb098a17ad928\"},\"breadcrumb\":{\"@id\":\"https:\/\/nimd.org\/fr\/defenddemocracy-a-joint-call\/#breadcrumb\"},\"inLanguage\":\"es\",\"potentialAction\":[{\"@type\":\"ReadAction\",\"target\":[\"https:\/\/nimd.org\/fr\/defenddemocracy-a-joint-call\/\"]}]},{\"@type\":\"ImageObject\",\"inLanguage\":\"es\",\"@id\":\"https:\/\/nimd.org\/fr\/defenddemocracy-a-joint-call\/#primaryimage\",\"url\":\"https:\/\/nimd.org\/wp-content\/uploads\/2025\/04\/Defend-Democracy-scaled-1.jpg\",\"contentUrl\":\"https:\/\/nimd.org\/wp-content\/uploads\/2025\/04\/Defend-Democracy-scaled-1.jpg\",\"width\":2560,\"height\":1344,\"caption\":\"Elections are an important part of democracy, but they're not the whole story. True democracy also encompasses values such as dialogue, accountability, diversity and inclusiveness.\"},{\"@type\":\"BreadcrumbList\",\"@id\":\"https:\/\/nimd.org\/fr\/defenddemocracy-a-joint-call\/#breadcrumb\",\"itemListElement\":[{\"@type\":\"ListItem\",\"position\":1,\"name\":\"Home\",\"item\":\"https:\/\/nimd.org\/fr\/\"},{\"@type\":\"ListItem\",\"position\":2,\"name\":\"#DefendDemocracy: A joint call\"}]},{\"@type\":\"WebSite\",\"@id\":\"https:\/\/nimd.org\/fr\/#website\",\"url\":\"https:\/\/nimd.org\/fr\/\",\"name\":\"NIMD\",\"description\":\"Democracy Starts With Dialogue\",\"potentialAction\":[{\"@type\":\"SearchAction\",\"target\":{\"@type\":\"EntryPoint\",\"urlTemplate\":\"https:\/\/nimd.org\/fr\/?s={search_term_string}\"},\"query-input\":{\"@type\":\"PropertyValueSpecification\",\"valueRequired\":true,\"valueName\":\"search_term_string\"}}],\"inLanguage\":\"es\"},{\"@type\":\"Person\",\"@id\":\"https:\/\/nimd.org\/fr\/#\/schema\/person\/fecd680c201ede81b56eb098a17ad928\",\"name\":\"superadmin\",\"image\":{\"@type\":\"ImageObject\",\"inLanguage\":\"es\",\"@id\":\"https:\/\/nimd.org\/fr\/#\/schema\/person\/image\/\",\"url\":\"https:\/\/secure.gravatar.com\/avatar\/1d1e7ebaf312b717161d349f71f6060e0ed86d7a652cbc37adc644a79988d181?s=96&d=mm&r=g\",\"contentUrl\":\"https:\/\/secure.gravatar.com\/avatar\/1d1e7ebaf312b717161d349f71f6060e0ed86d7a652cbc37adc644a79988d181?s=96&d=mm&r=g\",\"caption\":\"superadmin\"}}]}<\/script>\n<!-- \/ Yoast SEO Premium plugin. -->","yoast_head_json":{"title":"#DefendDemocracy: A joint call - NIMD","robots":{"index":"index","follow":"follow","max-snippet":"max-snippet:-1","max-image-preview":"max-image-preview:large","max-video-preview":"max-video-preview:-1"},"canonical":"https:\/\/nimd.org\/es\/defenddemocracy-a-joint-call\/","og_locale":"es_ES","og_type":"article","og_title":"#DefendDemocracy: A joint call","og_description":"NIMD has joined forces with more than 500 political and civil leaders, Nobel Laureates and pro-democracy institutions to sign an open letter to\u00a0#DefendDemocracy. Why defend democracy? The COVID-19 pandemic threatens more than the lives and the livelihoods of people throughout the world. It is also a political crisis that threatens the future of liberal democracy. &hellip;","og_url":"https:\/\/nimd.org\/es\/defenddemocracy-a-joint-call\/","og_site_name":"NIMD","article_published_time":"2020-06-24T15:38:14+00:00","article_modified_time":"2025-06-26T08:40:54+00:00","og_image":[{"width":2560,"height":1344,"url":"https:\/\/nimd.org\/wp-content\/uploads\/2025\/04\/Defend-Democracy-scaled-1.jpg","type":"image\/jpeg"}],"author":"superadmin","twitter_card":"summary_large_image","twitter_misc":{"Escrito por":"superadmin","Tiempo de lectura":"3 minutos"},"schema":{"@context":"https:\/\/schema.org","@graph":[{"@type":"Article","@id":"https:\/\/nimd.org\/fr\/defenddemocracy-a-joint-call\/#article","isPartOf":{"@id":"https:\/\/nimd.org\/fr\/defenddemocracy-a-joint-call\/"},"author":{"name":"superadmin","@id":"https:\/\/nimd.org\/fr\/#\/schema\/person\/fecd680c201ede81b56eb098a17ad928"},"headline":"#DefendDemocracy: A joint call","datePublished":"2020-06-24T15:38:14+00:00","dateModified":"2025-06-26T08:40:54+00:00","mainEntityOfPage":{"@id":"https:\/\/nimd.org\/fr\/defenddemocracy-a-joint-call\/"},"wordCount":520,"commentCount":0,"image":{"@id":"https:\/\/nimd.org\/fr\/defenddemocracy-a-joint-call\/#primaryimage"},"thumbnailUrl":"https:\/\/nimd.org\/wp-content\/uploads\/2025\/04\/Defend-Democracy-scaled-1.jpg","articleSection":["News"],"inLanguage":"es","potentialAction":[{"@type":"CommentAction","name":"Comment","target":["https:\/\/nimd.org\/fr\/defenddemocracy-a-joint-call\/#respond"]}]},{"@type":"WebPage","@id":"https:\/\/nimd.org\/fr\/defenddemocracy-a-joint-call\/","url":"https:\/\/nimd.org\/fr\/defenddemocracy-a-joint-call\/","name":"#DefendDemocracy: A joint call - NIMD","isPartOf":{"@id":"https:\/\/nimd.org\/fr\/#website"},"primaryImageOfPage":{"@id":"https:\/\/nimd.org\/fr\/defenddemocracy-a-joint-call\/#primaryimage"},"image":{"@id":"https:\/\/nimd.org\/fr\/defenddemocracy-a-joint-call\/#primaryimage"},"thumbnailUrl":"https:\/\/nimd.org\/wp-content\/uploads\/2025\/04\/Defend-Democracy-scaled-1.jpg","datePublished":"2020-06-24T15:38:14+00:00","dateModified":"2025-06-26T08:40:54+00:00","author":{"@id":"https:\/\/nimd.org\/fr\/#\/schema\/person\/fecd680c201ede81b56eb098a17ad928"},"breadcrumb":{"@id":"https:\/\/nimd.org\/fr\/defenddemocracy-a-joint-call\/#breadcrumb"},"inLanguage":"es","potentialAction":[{"@type":"ReadAction","target":["https:\/\/nimd.org\/fr\/defenddemocracy-a-joint-call\/"]}]},{"@type":"ImageObject","inLanguage":"es","@id":"https:\/\/nimd.org\/fr\/defenddemocracy-a-joint-call\/#primaryimage","url":"https:\/\/nimd.org\/wp-content\/uploads\/2025\/04\/Defend-Democracy-scaled-1.jpg","contentUrl":"https:\/\/nimd.org\/wp-content\/uploads\/2025\/04\/Defend-Democracy-scaled-1.jpg","width":2560,"height":1344,"caption":"Elections are an important part of democracy, but they're not the whole story. True democracy also encompasses values such as dialogue, accountability, diversity and inclusiveness."},{"@type":"BreadcrumbList","@id":"https:\/\/nimd.org\/fr\/defenddemocracy-a-joint-call\/#breadcrumb","itemListElement":[{"@type":"ListItem","position":1,"name":"Home","item":"https:\/\/nimd.org\/fr\/"},{"@type":"ListItem","position":2,"name":"#DefendDemocracy: A joint call"}]},{"@type":"WebSite","@id":"https:\/\/nimd.org\/fr\/#website","url":"https:\/\/nimd.org\/fr\/","name":"NIMD","description":"La democracia empieza por el di\u00e1logo","potentialAction":[{"@type":"SearchAction","target":{"@type":"EntryPoint","urlTemplate":"https:\/\/nimd.org\/fr\/?s={search_term_string}"},"query-input":{"@type":"PropertyValueSpecification","valueRequired":true,"valueName":"search_term_string"}}],"inLanguage":"es"},{"@type":"Person","@id":"https:\/\/nimd.org\/fr\/#\/schema\/person\/fecd680c201ede81b56eb098a17ad928","name":"superadmin","image":{"@type":"ImageObject","inLanguage":"es","@id":"https:\/\/nimd.org\/fr\/#\/schema\/person\/image\/","url":"https:\/\/secure.gravatar.com\/avatar\/1d1e7ebaf312b717161d349f71f6060e0ed86d7a652cbc37adc644a79988d181?s=96&d=mm&r=g","contentUrl":"https:\/\/secure.gravatar.com\/avatar\/1d1e7ebaf312b717161d349f71f6060e0ed86d7a652cbc37adc644a79988d181?s=96&d=mm&r=g","caption":"superadmin"}}]}},"_links":{"self":[{"href":"https:\/\/nimd.org\/es\/wp-json\/wp\/v2\/posts\/18902","targetHints":{"allow":["GET"]}}],"collection":[{"href":"https:\/\/nimd.org\/es\/wp-json\/wp\/v2\/posts"}],"about":[{"href":"https:\/\/nimd.org\/es\/wp-json\/wp\/v2\/types\/post"}],"author":[{"embeddable":true,"href":"https:\/\/nimd.org\/es\/wp-json\/wp\/v2\/users\/2"}],"replies":[{"embeddable":true,"href":"https:\/\/nimd.org\/es\/wp-json\/wp\/v2\/comments?post=18902"}],"version-history":[{"count":2,"href":"https:\/\/nimd.org\/es\/wp-json\/wp\/v2\/posts\/18902\/revisions"}],"predecessor-version":[{"id":25564,"href":"https:\/\/nimd.org\/es\/wp-json\/wp\/v2\/posts\/18902\/revisions\/25564"}],"wp:featuredmedia":[{"embeddable":true,"href":"https:\/\/nimd.org\/es\/wp-json\/wp\/v2\/media\/24453"}],"wp:attachment":[{"href":"https:\/\/nimd.org\/es\/wp-json\/wp\/v2\/media?parent=18902"}],"wp:term":[{"taxonomy":"category","embeddable":true,"href":"https:\/\/nimd.org\/es\/wp-json\/wp\/v2\/categories?post=18902"},{"taxonomy":"post_tag","embeddable":true,"href":"https:\/\/nimd.org\/es\/wp-json\/wp\/v2\/tags?post=18902"},{"taxonomy":"countries","embeddable":true,"href":"https:\/\/nimd.org\/es\/wp-json\/wp\/v2\/countries?post=18902"},{"taxonomy":"theme","embeddable":true,"href":"https:\/\/nimd.org\/es\/wp-json\/wp\/v2\/theme?post=18902"}],"curies":[{"name":"wp","href":"https:\/\/api.w.org\/{rel}","templated":true}]}}