{"id":18891,"date":"2020-05-01T07:18:24","date_gmt":"2020-05-01T07:18:24","guid":{"rendered":"https:\/\/nimd.org\/colombia-democracy-and-crises-made-worse-by-corona\/"},"modified":"2025-07-07T06:10:20","modified_gmt":"2025-07-07T06:10:20","slug":"colombia-democracy-and-crises-made-worse-by-corona","status":"publish","type":"post","link":"https:\/\/nimd.org\/es\/colombia-democracy-and-crises-made-worse-by-corona\/","title":{"rendered":"Colombia: Democracia y crisis agravada por Corona"},"content":{"rendered":"<p><em>El brote internacional de coronavirus tiene graves consecuencias para la democracia en todo el mundo. En el <a href=\"https:\/\/nimd.org\/es\/never-lockdown-democracy-quenching-a-thirst-for-democracy\/\">#NeverLockdownDemocracy serie de blogs<\/a>, la red NIMD adopta una visi\u00f3n global de c\u00f3mo podemos responder a la pandemia mientras proseguimos nuestra labor de protecci\u00f3n de la democracia. Siga <a href=\"https:\/\/twitter.com\/WeAreNIMD\" target=\"_blank\" rel=\"noopener noreferrer\">@SomosNIMD<\/a> en Twitter y el hashtag <a href=\"https:\/\/nimd.org\/es\/never-lockdown-democracy-quenching-a-thirst-for-democracy\/\">#NuncaCierresLaDemocracia<\/a> para no perderte ni un post.<\/em><\/p>\n<hr \/>\n<p><strong>Por \u00c1ngela Rodr\u00edguez, Directora Ejecutiva de NIMD Colombia<\/strong><\/p>\n<p>Es innegable que la democracia podr\u00eda ser una de las principales v\u00edctimas del nuevo coronavirus. En Am\u00e9rica Latina, el excesivo presidencialismo se ha acentuado gracias a la declaraci\u00f3n de <em>Estados de emergencia,<\/em> originalmente desplegadas como herramientas para hacer frente a una crisis global por los distintos pa\u00edses de la regi\u00f3n.<\/p>\n<p>Sin embargo, la opacidad de las acciones de los pol\u00edticos durante un estado de emergencia significa que el riesgo de pasar de una democracia d\u00e9bil al autoritarismo est\u00e1 a la vuelta de la esquina. Para evitarlo, es crucial contar con instituciones democr\u00e1ticas fuertes y representativas, y con un p\u00fablico votante dispuesto a concebir la pol\u00edtica m\u00e1s all\u00e1 de las elecciones.<\/p>\n<p>Fomentar estos dos cambios es el objetivo de NIMD en la regi\u00f3n desde hace mucho tiempo, que perseguimos a trav\u00e9s de nuestras Escuelas de Democracia, los programas de di\u00e1logo entre partidos y el compromiso con los partidos y la sociedad civil. La llegada de la pandemia ha hecho que nuestro trabajo sea m\u00e1s importante que nunca, por lo que mi equipo y yo estamos encontrando formas de continuar, a pesar del bloqueo. Pero desde mi oficina en Bogot<em>\u00e1<\/em> Veo que hay aspectos de la democracia colombiana en particular que parecen especialmente precarios gracias al Coronavirus.<\/p>\n<p><strong>El caso de Colombia<\/strong><\/p>\n<p>Colombia es uno de los pa\u00edses m\u00e1s desiguales de Am\u00e9rica Latina<a href=\"#_ftn1\" name=\"_ftnref1\"><\/a>. En consecuencia, sus sistemas de seguridad social y sanitario han funcionado tradicionalmente de forma precaria y excluyente, al igual que el sistema pol\u00edtico en general. Estas dificultades constantes se suman a la incertidumbre actual en torno al impacto del COVID-19 en el pa\u00eds.<\/p>\n<p>Sin embargo, mientras muchos de los analistas y pol\u00edticos del pa\u00eds debaten qu\u00e9 priorizar, si la econom\u00eda o la salud de los ciudadanos, pocos prestan atenci\u00f3n a una condici\u00f3n esencial para que ambas esferas de la sociedad funcionen eficazmente: una democracia sana.<\/p>\n<p>La democracia en Colombia se ha visto socavada en medio de la pandemia mundial debido a tres elementos principales: 1) importantes alteraciones en el equilibrio de poderes al cesar el Congreso sus actividades, 2) ausencia casi total de partidos pol\u00edticos en las esferas p\u00fablicas, y 3) gran opacidad en la entrega de subsidios por parte de los gobiernos (nacional y local) a los m\u00e1s afectados por el bloqueo.<\/p>\n<p><strong>Controlar el virus mientras se pierde el control de la pol\u00edtica<\/strong><\/p>\n<p>Empecemos por el asunto del Congreso. La situaci\u00f3n es relativamente f\u00e1cil de explicar, pero no necesariamente de entender: la fecha en la que el Congreso deb\u00eda reanudar sus sesiones era el 16 de marzo. Sin embargo, transcurri\u00f3 casi un mes hasta que los presidentes de ambas c\u00e1maras empezaron a poner pr\u00e1cticamente en marcha medidas para que el Congreso funcionara.<\/p>\n<p>Quienes defienden la pausa en las actividades del Congreso argumentan que la falta de protocolos para el funcionamiento virtual del Congreso podr\u00eda restar respaldo legal a las decisiones pol\u00edticas que se tomen durante el bloqueo. Pero otros sostienen que lo mejor es que las sesiones plenarias del Congreso comiencen cuanto antes. Este grupo cita otros organismos que est\u00e1n funcionando a trav\u00e9s de la web, como los concejos municipales. Tambi\u00e9n se refieren a los miles de colombianos que, a pesar de los riesgos de contagio, siguen acudiendo -f\u00edsicamente- a trabajar todos los d\u00edas.<\/p>\n<p><strong>No es una decisi\u00f3n tomada a la ligera<\/strong><\/p>\n<p>Sin decidir qui\u00e9n tiene raz\u00f3n, hay una cuesti\u00f3n urgente que plantear: cualquier cambio que implique la <em>de facto<\/em> La supresi\u00f3n del \u00f3rgano legislativo de un sistema pol\u00edtico puede tener un impacto negativo inconmensurable en su democracia. Modificar los controles y equilibrios, especialmente en una situaci\u00f3n en la que el Ejecutivo ya opera con una cartera excepcionalmente amplia, abre la puerta al autoritarismo y reduce la credibilidad de las instituciones democr\u00e1ticas.<\/p>\n<p>Las instituciones democr\u00e1ticas, como los partidos, las juntas electorales y los parlamentos, tambi\u00e9n pueden verse socavadas de otras formas. Por ejemplo, los congresistas han seguido cobrando su sueldo a pesar de no trabajar; un salvavidas que no han tenido miles de colombianos que perdieron su empleo debido a las medidas de bloqueo.<\/p>\n<p><strong>\u00bfEst\u00e1n bloqueados los partidos pol\u00edticos?<\/strong><\/p>\n<p>El segundo elemento que afecta la democracia colombiana en medio de la pandemia mundial es la ausencia casi total de los partidos pol\u00edticos en el escenario p\u00fablico. Un par de ellos, principalmente el partido de gobierno, se han hecho visibles para apoyar las medidas del Presidente para combatir el COVID-19 y para ofrecer una donaci\u00f3n significativa para ayudar a los m\u00e1s pobres en medio de la crisis.<\/p>\n<p>Por el contrario, los dem\u00e1s partidos pol\u00edticos son pr\u00e1cticamente inexistentes a los ojos de la poblaci\u00f3n. En consecuencia, el p\u00fablico no los percibe como el canal a trav\u00e9s del cual lograr el progreso de sus necesidades y demandas pol\u00edticas. Pero si las funciones de los partidos pol\u00edticos no se reconocen y cumplen plenamente, no pueden representar al p\u00fablico con la misma eficacia ni dise\u00f1ar pol\u00edticas que sirvan al inter\u00e9s p\u00fablico.<\/p>\n<p>El bloqueo no ha supuesto la desaparici\u00f3n de todos los dem\u00e1s problemas pol\u00edticos, y los ciudadanos de todos los estratos de la sociedad siguen necesitando representaci\u00f3n. Los sistemas multipartidistas son relativamente eficaces a la hora de satisfacer necesidades tan diversas y exigir responsabilidades a los responsables. Esto significa que los partidos deben esforzarse por no quedar marginados o inactivos a causa del brote.<\/p>\n<p><strong>Comprobaci\u00f3n y equilibrio de la respuesta v\u00edrica<\/strong><\/p>\n<p>El \u00faltimo elemento definitivo no s\u00f3lo agrava la crisis nacional por el coronavirus, sino que socava profundamente los cimientos de la democracia. Aqu\u00ed describo las opacidades que han rodeado la entrega de subsidios y bienes a los m\u00e1s pobres por parte del gobierno.<\/p>\n<p>Por un lado, los usuarios de Twitter han descubierto y denunciado importantes fallos en los subsidios monetarios que est\u00e1 poniendo en marcha el Gobierno nacional. Al introducir n\u00fameros aleatorios o los datos de personas fallecidas, \u00e9stas aparecen como beneficiarias de los subsidios. La explicaci\u00f3n gubernamental, alegando un error de programaci\u00f3n, no fue bien recibida por el p\u00fablico.<\/p>\n<p>Por otra parte, concejales de diferentes municipios han denunciado importantes sobrecostos en la canasta de bienes que las entidades territoriales compraron para los m\u00e1s pobres. Por ejemplo, en Atl\u00e1ntico, Cesar, Arauca, Norte de Santander, Cundinamarca y La Guajira, los concejales no recibieron ninguna explicaci\u00f3n cuando preguntaron por los bienes que estaba comprando el gobierno hasta tres veces por encima del valor normal de mercado.<\/p>\n<p>En ambos casos estamos ante un posible uso malintencionado de las medidas de emergencia decretadas por el Gobierno nacional. Estos problemas provienen de la falta de datos abiertos y de informaci\u00f3n precisa sobre c\u00f3mo est\u00e1 aplicando el Ejecutivo sus programas de asistencia. Este tipo de supervisi\u00f3n es algo que las instituciones democr\u00e1ticas estables pueden proporcionar mediante controles y equilibrios.<\/p>\n<p><strong>No es hora de lavarse las manos con la democracia.<\/strong><\/p>\n<p>Para los colombianos, la pol\u00edtica puede ser sin\u00f3nimo de corrupci\u00f3n y polarizaci\u00f3n. Pero es en estos momentos de desastre y extrema necesidad compartida cuando debemos tomarnos en serio -m\u00e1s que nunca- nuestro papel como ciudadanos activos y empezar a construir democracia m\u00e1s all\u00e1 de las urnas. De lo contrario, los impactos del coronavirus no s\u00f3lo se medir\u00e1n en vidas perdidas y personas infectadas en el presente, sino en la profundizaci\u00f3n de la pobreza y la desigualdad en el futuro.<\/p>\n<p>La democracia en Colombia ha estado enferma -incluso antes de que apareciera el coronavirus- y es hora de unir fuerzas para arreglarla. Desde NIMD Colombia, y a pesar de la situaci\u00f3n actual, seguimos trabajando junto a los actores pol\u00edticos para mejorar sus capacidades de representaci\u00f3n democr\u00e1tica.<\/p>","protected":false},"excerpt":{"rendered":"<p>El brote internacional de coronavirus tiene graves implicaciones para la democracia en todo el mundo. En la serie de blogs #NeverLockdownDemocracy, la red NIMD adopta una visi\u00f3n global de c\u00f3mo podemos responder a la pandemia mientras continuamos nuestro trabajo para proteger la democracia. Siga @WeAreNIMD en Twitter y el hashtag #NeverLockdownDemocracy para no perderse ninguna publicaci\u00f3n. Por \u00c1ngela Rodr\u00edguez, Ejecutiva ... <a href=\"https:\/\/nimd.org\/es\/colombia-democracy-and-crises-made-worse-by-corona\/\"><\/a><\/p>","protected":false},"author":2,"featured_media":24819,"comment_status":"open","ping_status":"open","sticky":false,"template":"","format":"standard","meta":{"_acf_changed":false,"inline_featured_image":false,"_monsterinsights_skip_tracking":false,"_monsterinsights_sitenote_active":false,"_monsterinsights_sitenote_note":"","_monsterinsights_sitenote_category":0,"footnotes":""},"categories":[99],"tags":[],"countries":[81],"theme":[],"class_list":["post-18891","post","type-post","status-publish","format-standard","has-post-thumbnail","hentry","category-news","countries-colombia"],"acf":[],"yoast_head":"<!-- This site is optimized with the Yoast SEO Premium plugin v27.1 (Yoast SEO v27.1.1) - https:\/\/yoast.com\/product\/yoast-seo-premium-wordpress\/ -->\n<title>Colombia: Democracy, and Crises made worse by Corona - NIMD<\/title>\n<meta name=\"robots\" content=\"index, follow, max-snippet:-1, max-image-preview:large, max-video-preview:-1\" \/>\n<link rel=\"canonical\" href=\"https:\/\/nimd.org\/es\/colombia-democracy-and-crises-made-worse-by-corona\/\" \/>\n<meta property=\"og:locale\" content=\"es_ES\" \/>\n<meta property=\"og:type\" content=\"article\" \/>\n<meta property=\"og:title\" content=\"Colombia: Democracy, and Crises made worse by Corona\" \/>\n<meta property=\"og:description\" content=\"The international Coronavirus outbreak has serious implications for democracy worldwide. In the #NeverLockdownDemocracy blog series, the NIMD network takes a global view of how we can respond to the pandemic as we continue our work to protect democracy. Follow @WeAreNIMD on Twitter and the hashtag #NeverLockdownDemocracy to never miss a post. By \u00c1ngela Rodr\u00edguez, Executive &hellip;\" \/>\n<meta property=\"og:url\" content=\"https:\/\/nimd.org\/es\/colombia-democracy-and-crises-made-worse-by-corona\/\" \/>\n<meta property=\"og:site_name\" content=\"NIMD\" \/>\n<meta property=\"article:published_time\" content=\"2020-05-01T07:18:24+00:00\" \/>\n<meta property=\"article:modified_time\" content=\"2025-07-07T06:10:20+00:00\" \/>\n<meta property=\"og:image\" content=\"https:\/\/nimd.org\/wp-content\/uploads\/2025\/04\/Asistencia-tecnica-multipartidaria-6-1-scaled-1-1.jpg\" \/>\n\t<meta property=\"og:image:width\" content=\"2560\" \/>\n\t<meta property=\"og:image:height\" content=\"1707\" \/>\n\t<meta property=\"og:image:type\" content=\"image\/jpeg\" \/>\n<meta name=\"author\" content=\"superadmin\" \/>\n<meta name=\"twitter:card\" content=\"summary_large_image\" \/>\n<meta name=\"twitter:label1\" content=\"Escrito por\" \/>\n\t<meta name=\"twitter:data1\" content=\"superadmin\" \/>\n\t<meta name=\"twitter:label2\" content=\"Tiempo de lectura\" \/>\n\t<meta name=\"twitter:data2\" content=\"6 minutos\" \/>\n<script type=\"application\/ld+json\" class=\"yoast-schema-graph\">{\"@context\":\"https:\/\/schema.org\",\"@graph\":[{\"@type\":\"Article\",\"@id\":\"https:\/\/nimd.org\/colombia-democracy-and-crises-made-worse-by-corona\/#article\",\"isPartOf\":{\"@id\":\"https:\/\/nimd.org\/colombia-democracy-and-crises-made-worse-by-corona\/\"},\"author\":{\"name\":\"superadmin\",\"@id\":\"https:\/\/nimd.org\/fr\/#\/schema\/person\/fecd680c201ede81b56eb098a17ad928\"},\"headline\":\"Colombia: Democracy, and Crises made worse by Corona\",\"datePublished\":\"2020-05-01T07:18:24+00:00\",\"dateModified\":\"2025-07-07T06:10:20+00:00\",\"mainEntityOfPage\":{\"@id\":\"https:\/\/nimd.org\/colombia-democracy-and-crises-made-worse-by-corona\/\"},\"wordCount\":1197,\"commentCount\":0,\"image\":{\"@id\":\"https:\/\/nimd.org\/colombia-democracy-and-crises-made-worse-by-corona\/#primaryimage\"},\"thumbnailUrl\":\"https:\/\/nimd.org\/wp-content\/uploads\/2025\/04\/Asistencia-tecnica-multipartidaria-6-1-scaled-1-1.jpg\",\"articleSection\":[\"News\"],\"inLanguage\":\"es\",\"potentialAction\":[{\"@type\":\"CommentAction\",\"name\":\"Comment\",\"target\":[\"https:\/\/nimd.org\/colombia-democracy-and-crises-made-worse-by-corona\/#respond\"]}]},{\"@type\":\"WebPage\",\"@id\":\"https:\/\/nimd.org\/colombia-democracy-and-crises-made-worse-by-corona\/\",\"url\":\"https:\/\/nimd.org\/colombia-democracy-and-crises-made-worse-by-corona\/\",\"name\":\"Colombia: Democracy, and Crises made worse by Corona - NIMD\",\"isPartOf\":{\"@id\":\"https:\/\/nimd.org\/fr\/#website\"},\"primaryImageOfPage\":{\"@id\":\"https:\/\/nimd.org\/colombia-democracy-and-crises-made-worse-by-corona\/#primaryimage\"},\"image\":{\"@id\":\"https:\/\/nimd.org\/colombia-democracy-and-crises-made-worse-by-corona\/#primaryimage\"},\"thumbnailUrl\":\"https:\/\/nimd.org\/wp-content\/uploads\/2025\/04\/Asistencia-tecnica-multipartidaria-6-1-scaled-1-1.jpg\",\"datePublished\":\"2020-05-01T07:18:24+00:00\",\"dateModified\":\"2025-07-07T06:10:20+00:00\",\"author\":{\"@id\":\"https:\/\/nimd.org\/fr\/#\/schema\/person\/fecd680c201ede81b56eb098a17ad928\"},\"breadcrumb\":{\"@id\":\"https:\/\/nimd.org\/colombia-democracy-and-crises-made-worse-by-corona\/#breadcrumb\"},\"inLanguage\":\"es\",\"potentialAction\":[{\"@type\":\"ReadAction\",\"target\":[\"https:\/\/nimd.org\/colombia-democracy-and-crises-made-worse-by-corona\/\"]}]},{\"@type\":\"ImageObject\",\"inLanguage\":\"es\",\"@id\":\"https:\/\/nimd.org\/colombia-democracy-and-crises-made-worse-by-corona\/#primaryimage\",\"url\":\"https:\/\/nimd.org\/wp-content\/uploads\/2025\/04\/Asistencia-tecnica-multipartidaria-6-1-scaled-1-1.jpg\",\"contentUrl\":\"https:\/\/nimd.org\/wp-content\/uploads\/2025\/04\/Asistencia-tecnica-multipartidaria-6-1-scaled-1-1.jpg\",\"width\":2560,\"height\":1707},{\"@type\":\"BreadcrumbList\",\"@id\":\"https:\/\/nimd.org\/colombia-democracy-and-crises-made-worse-by-corona\/#breadcrumb\",\"itemListElement\":[{\"@type\":\"ListItem\",\"position\":1,\"name\":\"Home\",\"item\":\"https:\/\/nimd.org\/fr\/\"},{\"@type\":\"ListItem\",\"position\":2,\"name\":\"Colombia: Democracy, and Crises made worse by Corona\"}]},{\"@type\":\"WebSite\",\"@id\":\"https:\/\/nimd.org\/fr\/#website\",\"url\":\"https:\/\/nimd.org\/fr\/\",\"name\":\"NIMD\",\"description\":\"Democracy Starts With Dialogue\",\"potentialAction\":[{\"@type\":\"SearchAction\",\"target\":{\"@type\":\"EntryPoint\",\"urlTemplate\":\"https:\/\/nimd.org\/fr\/?s={search_term_string}\"},\"query-input\":{\"@type\":\"PropertyValueSpecification\",\"valueRequired\":true,\"valueName\":\"search_term_string\"}}],\"inLanguage\":\"es\"},{\"@type\":\"Person\",\"@id\":\"https:\/\/nimd.org\/fr\/#\/schema\/person\/fecd680c201ede81b56eb098a17ad928\",\"name\":\"superadmin\",\"image\":{\"@type\":\"ImageObject\",\"inLanguage\":\"es\",\"@id\":\"https:\/\/nimd.org\/fr\/#\/schema\/person\/image\/\",\"url\":\"https:\/\/secure.gravatar.com\/avatar\/1d1e7ebaf312b717161d349f71f6060e0ed86d7a652cbc37adc644a79988d181?s=96&d=mm&r=g\",\"contentUrl\":\"https:\/\/secure.gravatar.com\/avatar\/1d1e7ebaf312b717161d349f71f6060e0ed86d7a652cbc37adc644a79988d181?s=96&d=mm&r=g\",\"caption\":\"superadmin\"}}]}<\/script>\n<!-- \/ Yoast SEO Premium plugin. -->","yoast_head_json":{"title":"Colombia: Democracy, and Crises made worse by Corona - NIMD","robots":{"index":"index","follow":"follow","max-snippet":"max-snippet:-1","max-image-preview":"max-image-preview:large","max-video-preview":"max-video-preview:-1"},"canonical":"https:\/\/nimd.org\/es\/colombia-democracy-and-crises-made-worse-by-corona\/","og_locale":"es_ES","og_type":"article","og_title":"Colombia: Democracy, and Crises made worse by Corona","og_description":"The international Coronavirus outbreak has serious implications for democracy worldwide. In the #NeverLockdownDemocracy blog series, the NIMD network takes a global view of how we can respond to the pandemic as we continue our work to protect democracy. Follow @WeAreNIMD on Twitter and the hashtag #NeverLockdownDemocracy to never miss a post. By \u00c1ngela Rodr\u00edguez, Executive &hellip;","og_url":"https:\/\/nimd.org\/es\/colombia-democracy-and-crises-made-worse-by-corona\/","og_site_name":"NIMD","article_published_time":"2020-05-01T07:18:24+00:00","article_modified_time":"2025-07-07T06:10:20+00:00","og_image":[{"width":2560,"height":1707,"url":"https:\/\/nimd.org\/wp-content\/uploads\/2025\/04\/Asistencia-tecnica-multipartidaria-6-1-scaled-1-1.jpg","type":"image\/jpeg"}],"author":"superadmin","twitter_card":"summary_large_image","twitter_misc":{"Escrito por":"superadmin","Tiempo de lectura":"6 minutos"},"schema":{"@context":"https:\/\/schema.org","@graph":[{"@type":"Article","@id":"https:\/\/nimd.org\/colombia-democracy-and-crises-made-worse-by-corona\/#article","isPartOf":{"@id":"https:\/\/nimd.org\/colombia-democracy-and-crises-made-worse-by-corona\/"},"author":{"name":"superadmin","@id":"https:\/\/nimd.org\/fr\/#\/schema\/person\/fecd680c201ede81b56eb098a17ad928"},"headline":"Colombia: Democracy, and Crises made worse by Corona","datePublished":"2020-05-01T07:18:24+00:00","dateModified":"2025-07-07T06:10:20+00:00","mainEntityOfPage":{"@id":"https:\/\/nimd.org\/colombia-democracy-and-crises-made-worse-by-corona\/"},"wordCount":1197,"commentCount":0,"image":{"@id":"https:\/\/nimd.org\/colombia-democracy-and-crises-made-worse-by-corona\/#primaryimage"},"thumbnailUrl":"https:\/\/nimd.org\/wp-content\/uploads\/2025\/04\/Asistencia-tecnica-multipartidaria-6-1-scaled-1-1.jpg","articleSection":["News"],"inLanguage":"es","potentialAction":[{"@type":"CommentAction","name":"Comment","target":["https:\/\/nimd.org\/colombia-democracy-and-crises-made-worse-by-corona\/#respond"]}]},{"@type":"WebPage","@id":"https:\/\/nimd.org\/colombia-democracy-and-crises-made-worse-by-corona\/","url":"https:\/\/nimd.org\/colombia-democracy-and-crises-made-worse-by-corona\/","name":"Colombia: Democracy, and Crises made worse by Corona - NIMD","isPartOf":{"@id":"https:\/\/nimd.org\/fr\/#website"},"primaryImageOfPage":{"@id":"https:\/\/nimd.org\/colombia-democracy-and-crises-made-worse-by-corona\/#primaryimage"},"image":{"@id":"https:\/\/nimd.org\/colombia-democracy-and-crises-made-worse-by-corona\/#primaryimage"},"thumbnailUrl":"https:\/\/nimd.org\/wp-content\/uploads\/2025\/04\/Asistencia-tecnica-multipartidaria-6-1-scaled-1-1.jpg","datePublished":"2020-05-01T07:18:24+00:00","dateModified":"2025-07-07T06:10:20+00:00","author":{"@id":"https:\/\/nimd.org\/fr\/#\/schema\/person\/fecd680c201ede81b56eb098a17ad928"},"breadcrumb":{"@id":"https:\/\/nimd.org\/colombia-democracy-and-crises-made-worse-by-corona\/#breadcrumb"},"inLanguage":"es","potentialAction":[{"@type":"ReadAction","target":["https:\/\/nimd.org\/colombia-democracy-and-crises-made-worse-by-corona\/"]}]},{"@type":"ImageObject","inLanguage":"es","@id":"https:\/\/nimd.org\/colombia-democracy-and-crises-made-worse-by-corona\/#primaryimage","url":"https:\/\/nimd.org\/wp-content\/uploads\/2025\/04\/Asistencia-tecnica-multipartidaria-6-1-scaled-1-1.jpg","contentUrl":"https:\/\/nimd.org\/wp-content\/uploads\/2025\/04\/Asistencia-tecnica-multipartidaria-6-1-scaled-1-1.jpg","width":2560,"height":1707},{"@type":"BreadcrumbList","@id":"https:\/\/nimd.org\/colombia-democracy-and-crises-made-worse-by-corona\/#breadcrumb","itemListElement":[{"@type":"ListItem","position":1,"name":"Home","item":"https:\/\/nimd.org\/fr\/"},{"@type":"ListItem","position":2,"name":"Colombia: Democracy, and Crises made worse by Corona"}]},{"@type":"WebSite","@id":"https:\/\/nimd.org\/fr\/#website","url":"https:\/\/nimd.org\/fr\/","name":"NIMD","description":"La democracia empieza por el di\u00e1logo","potentialAction":[{"@type":"SearchAction","target":{"@type":"EntryPoint","urlTemplate":"https:\/\/nimd.org\/fr\/?s={search_term_string}"},"query-input":{"@type":"PropertyValueSpecification","valueRequired":true,"valueName":"search_term_string"}}],"inLanguage":"es"},{"@type":"Person","@id":"https:\/\/nimd.org\/fr\/#\/schema\/person\/fecd680c201ede81b56eb098a17ad928","name":"superadmin","image":{"@type":"ImageObject","inLanguage":"es","@id":"https:\/\/nimd.org\/fr\/#\/schema\/person\/image\/","url":"https:\/\/secure.gravatar.com\/avatar\/1d1e7ebaf312b717161d349f71f6060e0ed86d7a652cbc37adc644a79988d181?s=96&d=mm&r=g","contentUrl":"https:\/\/secure.gravatar.com\/avatar\/1d1e7ebaf312b717161d349f71f6060e0ed86d7a652cbc37adc644a79988d181?s=96&d=mm&r=g","caption":"superadmin"}}]}},"_links":{"self":[{"href":"https:\/\/nimd.org\/es\/wp-json\/wp\/v2\/posts\/18891","targetHints":{"allow":["GET"]}}],"collection":[{"href":"https:\/\/nimd.org\/es\/wp-json\/wp\/v2\/posts"}],"about":[{"href":"https:\/\/nimd.org\/es\/wp-json\/wp\/v2\/types\/post"}],"author":[{"embeddable":true,"href":"https:\/\/nimd.org\/es\/wp-json\/wp\/v2\/users\/2"}],"replies":[{"embeddable":true,"href":"https:\/\/nimd.org\/es\/wp-json\/wp\/v2\/comments?post=18891"}],"version-history":[{"count":3,"href":"https:\/\/nimd.org\/es\/wp-json\/wp\/v2\/posts\/18891\/revisions"}],"predecessor-version":[{"id":25823,"href":"https:\/\/nimd.org\/es\/wp-json\/wp\/v2\/posts\/18891\/revisions\/25823"}],"wp:featuredmedia":[{"embeddable":true,"href":"https:\/\/nimd.org\/es\/wp-json\/wp\/v2\/media\/24819"}],"wp:attachment":[{"href":"https:\/\/nimd.org\/es\/wp-json\/wp\/v2\/media?parent=18891"}],"wp:term":[{"taxonomy":"category","embeddable":true,"href":"https:\/\/nimd.org\/es\/wp-json\/wp\/v2\/categories?post=18891"},{"taxonomy":"post_tag","embeddable":true,"href":"https:\/\/nimd.org\/es\/wp-json\/wp\/v2\/tags?post=18891"},{"taxonomy":"countries","embeddable":true,"href":"https:\/\/nimd.org\/es\/wp-json\/wp\/v2\/countries?post=18891"},{"taxonomy":"theme","embeddable":true,"href":"https:\/\/nimd.org\/es\/wp-json\/wp\/v2\/theme?post=18891"}],"curies":[{"name":"wp","href":"https:\/\/api.w.org\/{rel}","templated":true}]}}