{"id":18828,"date":"2019-10-11T15:20:02","date_gmt":"2019-10-11T15:20:02","guid":{"rendered":"https:\/\/nimd.org\/statement-on-attack-on-anastacio-matavel-in-mozambique\/"},"modified":"2025-04-07T08:03:20","modified_gmt":"2025-04-07T08:03:20","slug":"statement-on-attack-on-anastacio-matavel-in-mozambique","status":"publish","type":"post","link":"https:\/\/nimd.org\/es\/statement-on-attack-on-anastacio-matavel-in-mozambique\/","title":{"rendered":"Declaraci\u00f3n sobre el atentado contra Anast\u00e1cio Matavel en Mozambique"},"content":{"rendered":"<p>NIMD condena en\u00e9rgicamente el atentado que caus\u00f3 la muerte de Anast\u00e1cio Matavel, coordinador regional de <em>Sala de la Paz<\/em> (Sala de la Paz) en la provincia de Gaza, Mozambique. Fue asesinado en la ma\u00f1ana del 7 de octubre al salir de una sesi\u00f3n de formaci\u00f3n para observadores nacionales.<\/p>\n<p>El Sr. Matavel fue Director Ejecutivo del Foro de ONG (FONGA) y coordinador regional para la provincia de Gaza de <em>Sala de la Paz<\/em>. En <em>Sala de la Paz <\/em>es un consorcio c\u00edvico de observaci\u00f3n electoral coordinado por la <em>Instituto para la Democracia Multipartidaria<\/em> (IMD Mozambique). El NIMD colabora desde hace tiempo con el IMD Mozambique en el fortalecimiento de la democracia en Mozambique. En este contexto, apoyamos el <em>Sala de la Paz<\/em> plataforma.<\/p>\n<p>El NIMD insta a las autoridades nacionales de Mozambique a garantizar que la sociedad civil pueda operar en un entorno seguro para promover la democracia en el pa\u00eds. Las iniciativas locales de observaci\u00f3n c\u00edvica de las elecciones, como la <em>Sala da Paz,<\/em> son importantes, ya que contribuyen a fomentar la confianza de los ciudadanos en las pr\u00f3ximas elecciones de Mozambique.<\/p>\n<p>Adem\u00e1s, el NIMD hace un llamamiento a las autoridades nacionales para que garanticen la seguridad de todos los ciudadanos en el periodo previo, durante y despu\u00e9s de las elecciones del 15 de octubre, a fin de asegurar unas elecciones pac\u00edficas, libres y justas.<\/p>\n<p>Enviamos nuestro m\u00e1s sentido p\u00e9same y expresamos nuestra solidaridad con la familia, amigos y colegas de Anast\u00e1cio Matavel.<\/p>","protected":false},"excerpt":{"rendered":"<p>NIMD condena en\u00e9rgicamente el ataque que caus\u00f3 la muerte de Anast\u00e1cio Matavel, coordinador regional de Sala da Paz en la provincia de Gaza, Mozambique. Fue asesinado en la ma\u00f1ana del 7 de octubre al salir de una sesi\u00f3n de formaci\u00f3n para observadores nacionales. El Sr. Matavel era director ejecutivo del Foro de ONG ... <a href=\"https:\/\/nimd.org\/es\/statement-on-attack-on-anastacio-matavel-in-mozambique\/\"><\/a><\/p>","protected":false},"author":2,"featured_media":22392,"comment_status":"open","ping_status":"open","sticky":false,"template":"","format":"standard","meta":{"_acf_changed":false,"inline_featured_image":false,"_monsterinsights_skip_tracking":false,"_monsterinsights_sitenote_active":false,"_monsterinsights_sitenote_note":"","_monsterinsights_sitenote_category":0,"footnotes":""},"categories":[1],"tags":[],"countries":[90],"theme":[],"class_list":["post-18828","post","type-post","status-publish","format-standard","has-post-thumbnail","hentry","category-uncategorized","countries-mozambique"],"acf":[],"yoast_head":"<!-- This site is optimized with the Yoast SEO Premium plugin v27.1 (Yoast SEO v27.1.1) - https:\/\/yoast.com\/product\/yoast-seo-premium-wordpress\/ -->\n<title>Statement on attack on Anast\u00e1cio Matavel in Mozambique - NIMD<\/title>\n<meta name=\"robots\" content=\"index, follow, max-snippet:-1, max-image-preview:large, max-video-preview:-1\" \/>\n<link rel=\"canonical\" href=\"https:\/\/nimd.org\/es\/statement-on-attack-on-anastacio-matavel-in-mozambique\/\" \/>\n<meta property=\"og:locale\" content=\"es_ES\" \/>\n<meta property=\"og:type\" content=\"article\" \/>\n<meta property=\"og:title\" content=\"Statement on attack on Anast\u00e1cio Matavel in Mozambique\" \/>\n<meta property=\"og:description\" content=\"NIMD strongly condemns the attack that resulted in the death of Anast\u00e1cio Matavel, the regional coordinator of Sala da Paz (Peace Room) in the Gaza province of Mozambique. He\u00a0was murdered on the morning of 7 October upon leaving a training session for national observers. Mr Matavel was the Executive Director of the Forum of NGOs &hellip;\" \/>\n<meta property=\"og:url\" content=\"https:\/\/nimd.org\/es\/statement-on-attack-on-anastacio-matavel-in-mozambique\/\" \/>\n<meta property=\"og:site_name\" content=\"NIMD\" \/>\n<meta property=\"article:published_time\" content=\"2019-10-11T15:20:02+00:00\" \/>\n<meta property=\"article:modified_time\" content=\"2025-04-07T08:03:20+00:00\" \/>\n<meta property=\"og:image\" content=\"https:\/\/nimd.org\/wp-content\/uploads\/2025\/02\/STATEMENT-1.jpg\" \/>\n\t<meta property=\"og:image:width\" content=\"900\" \/>\n\t<meta property=\"og:image:height\" content=\"600\" \/>\n\t<meta property=\"og:image:type\" content=\"image\/jpeg\" \/>\n<meta name=\"author\" content=\"superadmin\" \/>\n<meta name=\"twitter:card\" content=\"summary_large_image\" \/>\n<meta name=\"twitter:label1\" content=\"Escrito por\" \/>\n\t<meta name=\"twitter:data1\" content=\"superadmin\" \/>\n\t<meta name=\"twitter:label2\" content=\"Tiempo de lectura\" \/>\n\t<meta name=\"twitter:data2\" content=\"1 minuto\" \/>\n<script type=\"application\/ld+json\" class=\"yoast-schema-graph\">{\"@context\":\"https:\/\/schema.org\",\"@graph\":[{\"@type\":\"Article\",\"@id\":\"https:\/\/nimd.org\/statement-on-attack-on-anastacio-matavel-in-mozambique\/#article\",\"isPartOf\":{\"@id\":\"https:\/\/nimd.org\/statement-on-attack-on-anastacio-matavel-in-mozambique\/\"},\"author\":{\"name\":\"superadmin\",\"@id\":\"https:\/\/nimd.org\/fr\/#\/schema\/person\/fecd680c201ede81b56eb098a17ad928\"},\"headline\":\"Statement on attack on Anast\u00e1cio Matavel in Mozambique\",\"datePublished\":\"2019-10-11T15:20:02+00:00\",\"dateModified\":\"2025-04-07T08:03:20+00:00\",\"mainEntityOfPage\":{\"@id\":\"https:\/\/nimd.org\/statement-on-attack-on-anastacio-matavel-in-mozambique\/\"},\"wordCount\":220,\"commentCount\":0,\"image\":{\"@id\":\"https:\/\/nimd.org\/statement-on-attack-on-anastacio-matavel-in-mozambique\/#primaryimage\"},\"thumbnailUrl\":\"https:\/\/nimd.org\/wp-content\/uploads\/2025\/02\/STATEMENT-1.jpg\",\"articleSection\":[\"Uncategorized\"],\"inLanguage\":\"es\",\"potentialAction\":[{\"@type\":\"CommentAction\",\"name\":\"Comment\",\"target\":[\"https:\/\/nimd.org\/statement-on-attack-on-anastacio-matavel-in-mozambique\/#respond\"]}]},{\"@type\":\"WebPage\",\"@id\":\"https:\/\/nimd.org\/statement-on-attack-on-anastacio-matavel-in-mozambique\/\",\"url\":\"https:\/\/nimd.org\/statement-on-attack-on-anastacio-matavel-in-mozambique\/\",\"name\":\"Statement on attack on Anast\u00e1cio Matavel in Mozambique - NIMD\",\"isPartOf\":{\"@id\":\"https:\/\/nimd.org\/fr\/#website\"},\"primaryImageOfPage\":{\"@id\":\"https:\/\/nimd.org\/statement-on-attack-on-anastacio-matavel-in-mozambique\/#primaryimage\"},\"image\":{\"@id\":\"https:\/\/nimd.org\/statement-on-attack-on-anastacio-matavel-in-mozambique\/#primaryimage\"},\"thumbnailUrl\":\"https:\/\/nimd.org\/wp-content\/uploads\/2025\/02\/STATEMENT-1.jpg\",\"datePublished\":\"2019-10-11T15:20:02+00:00\",\"dateModified\":\"2025-04-07T08:03:20+00:00\",\"author\":{\"@id\":\"https:\/\/nimd.org\/fr\/#\/schema\/person\/fecd680c201ede81b56eb098a17ad928\"},\"breadcrumb\":{\"@id\":\"https:\/\/nimd.org\/statement-on-attack-on-anastacio-matavel-in-mozambique\/#breadcrumb\"},\"inLanguage\":\"es\",\"potentialAction\":[{\"@type\":\"ReadAction\",\"target\":[\"https:\/\/nimd.org\/statement-on-attack-on-anastacio-matavel-in-mozambique\/\"]}]},{\"@type\":\"ImageObject\",\"inLanguage\":\"es\",\"@id\":\"https:\/\/nimd.org\/statement-on-attack-on-anastacio-matavel-in-mozambique\/#primaryimage\",\"url\":\"https:\/\/nimd.org\/wp-content\/uploads\/2025\/02\/STATEMENT-1.jpg\",\"contentUrl\":\"https:\/\/nimd.org\/wp-content\/uploads\/2025\/02\/STATEMENT-1.jpg\",\"width\":900,\"height\":600,\"caption\":\"Mr. Badawi protesting with the sign which authorities have detained him for. The Arabic reads: \\\"Don't amend the Constitution.\\\"\"},{\"@type\":\"BreadcrumbList\",\"@id\":\"https:\/\/nimd.org\/statement-on-attack-on-anastacio-matavel-in-mozambique\/#breadcrumb\",\"itemListElement\":[{\"@type\":\"ListItem\",\"position\":1,\"name\":\"Home\",\"item\":\"https:\/\/nimd.org\/fr\/\"},{\"@type\":\"ListItem\",\"position\":2,\"name\":\"Statement on attack on Anast\u00e1cio Matavel in Mozambique\"}]},{\"@type\":\"WebSite\",\"@id\":\"https:\/\/nimd.org\/fr\/#website\",\"url\":\"https:\/\/nimd.org\/fr\/\",\"name\":\"NIMD\",\"description\":\"Democracy Starts With Dialogue\",\"potentialAction\":[{\"@type\":\"SearchAction\",\"target\":{\"@type\":\"EntryPoint\",\"urlTemplate\":\"https:\/\/nimd.org\/fr\/?s={search_term_string}\"},\"query-input\":{\"@type\":\"PropertyValueSpecification\",\"valueRequired\":true,\"valueName\":\"search_term_string\"}}],\"inLanguage\":\"es\"},{\"@type\":\"Person\",\"@id\":\"https:\/\/nimd.org\/fr\/#\/schema\/person\/fecd680c201ede81b56eb098a17ad928\",\"name\":\"superadmin\",\"image\":{\"@type\":\"ImageObject\",\"inLanguage\":\"es\",\"@id\":\"https:\/\/nimd.org\/fr\/#\/schema\/person\/image\/\",\"url\":\"https:\/\/secure.gravatar.com\/avatar\/1d1e7ebaf312b717161d349f71f6060e0ed86d7a652cbc37adc644a79988d181?s=96&d=mm&r=g\",\"contentUrl\":\"https:\/\/secure.gravatar.com\/avatar\/1d1e7ebaf312b717161d349f71f6060e0ed86d7a652cbc37adc644a79988d181?s=96&d=mm&r=g\",\"caption\":\"superadmin\"}}]}<\/script>\n<!-- \/ Yoast SEO Premium plugin. -->","yoast_head_json":{"title":"Declaraci\u00f3n sobre el atentado contra Anast\u00e1cio Matavel en Mozambique - NIMD","robots":{"index":"index","follow":"follow","max-snippet":"max-snippet:-1","max-image-preview":"max-image-preview:large","max-video-preview":"max-video-preview:-1"},"canonical":"https:\/\/nimd.org\/es\/statement-on-attack-on-anastacio-matavel-in-mozambique\/","og_locale":"es_ES","og_type":"article","og_title":"Statement on attack on Anast\u00e1cio Matavel in Mozambique","og_description":"NIMD strongly condemns the attack that resulted in the death of Anast\u00e1cio Matavel, the regional coordinator of Sala da Paz (Peace Room) in the Gaza province of Mozambique. He\u00a0was murdered on the morning of 7 October upon leaving a training session for national observers. Mr Matavel was the Executive Director of the Forum of NGOs &hellip;","og_url":"https:\/\/nimd.org\/es\/statement-on-attack-on-anastacio-matavel-in-mozambique\/","og_site_name":"NIMD","article_published_time":"2019-10-11T15:20:02+00:00","article_modified_time":"2025-04-07T08:03:20+00:00","og_image":[{"width":900,"height":600,"url":"https:\/\/nimd.org\/wp-content\/uploads\/2025\/02\/STATEMENT-1.jpg","type":"image\/jpeg"}],"author":"superadmin","twitter_card":"summary_large_image","twitter_misc":{"Escrito por":"superadmin","Tiempo de lectura":"1 minuto"},"schema":{"@context":"https:\/\/schema.org","@graph":[{"@type":"Article","@id":"https:\/\/nimd.org\/statement-on-attack-on-anastacio-matavel-in-mozambique\/#article","isPartOf":{"@id":"https:\/\/nimd.org\/statement-on-attack-on-anastacio-matavel-in-mozambique\/"},"author":{"name":"superadmin","@id":"https:\/\/nimd.org\/fr\/#\/schema\/person\/fecd680c201ede81b56eb098a17ad928"},"headline":"Statement on attack on Anast\u00e1cio Matavel in Mozambique","datePublished":"2019-10-11T15:20:02+00:00","dateModified":"2025-04-07T08:03:20+00:00","mainEntityOfPage":{"@id":"https:\/\/nimd.org\/statement-on-attack-on-anastacio-matavel-in-mozambique\/"},"wordCount":220,"commentCount":0,"image":{"@id":"https:\/\/nimd.org\/statement-on-attack-on-anastacio-matavel-in-mozambique\/#primaryimage"},"thumbnailUrl":"https:\/\/nimd.org\/wp-content\/uploads\/2025\/02\/STATEMENT-1.jpg","articleSection":["Uncategorized"],"inLanguage":"es","potentialAction":[{"@type":"CommentAction","name":"Comment","target":["https:\/\/nimd.org\/statement-on-attack-on-anastacio-matavel-in-mozambique\/#respond"]}]},{"@type":"WebPage","@id":"https:\/\/nimd.org\/statement-on-attack-on-anastacio-matavel-in-mozambique\/","url":"https:\/\/nimd.org\/statement-on-attack-on-anastacio-matavel-in-mozambique\/","name":"Declaraci\u00f3n sobre el atentado contra Anast\u00e1cio Matavel en Mozambique - NIMD","isPartOf":{"@id":"https:\/\/nimd.org\/fr\/#website"},"primaryImageOfPage":{"@id":"https:\/\/nimd.org\/statement-on-attack-on-anastacio-matavel-in-mozambique\/#primaryimage"},"image":{"@id":"https:\/\/nimd.org\/statement-on-attack-on-anastacio-matavel-in-mozambique\/#primaryimage"},"thumbnailUrl":"https:\/\/nimd.org\/wp-content\/uploads\/2025\/02\/STATEMENT-1.jpg","datePublished":"2019-10-11T15:20:02+00:00","dateModified":"2025-04-07T08:03:20+00:00","author":{"@id":"https:\/\/nimd.org\/fr\/#\/schema\/person\/fecd680c201ede81b56eb098a17ad928"},"breadcrumb":{"@id":"https:\/\/nimd.org\/statement-on-attack-on-anastacio-matavel-in-mozambique\/#breadcrumb"},"inLanguage":"es","potentialAction":[{"@type":"ReadAction","target":["https:\/\/nimd.org\/statement-on-attack-on-anastacio-matavel-in-mozambique\/"]}]},{"@type":"ImageObject","inLanguage":"es","@id":"https:\/\/nimd.org\/statement-on-attack-on-anastacio-matavel-in-mozambique\/#primaryimage","url":"https:\/\/nimd.org\/wp-content\/uploads\/2025\/02\/STATEMENT-1.jpg","contentUrl":"https:\/\/nimd.org\/wp-content\/uploads\/2025\/02\/STATEMENT-1.jpg","width":900,"height":600,"caption":"Mr. Badawi protesting with the sign which authorities have detained him for. The Arabic reads: \"Don't amend the Constitution.\""},{"@type":"BreadcrumbList","@id":"https:\/\/nimd.org\/statement-on-attack-on-anastacio-matavel-in-mozambique\/#breadcrumb","itemListElement":[{"@type":"ListItem","position":1,"name":"Home","item":"https:\/\/nimd.org\/fr\/"},{"@type":"ListItem","position":2,"name":"Statement on attack on Anast\u00e1cio Matavel in Mozambique"}]},{"@type":"WebSite","@id":"https:\/\/nimd.org\/fr\/#website","url":"https:\/\/nimd.org\/fr\/","name":"NIMD","description":"La democracia empieza por el di\u00e1logo","potentialAction":[{"@type":"SearchAction","target":{"@type":"EntryPoint","urlTemplate":"https:\/\/nimd.org\/fr\/?s={search_term_string}"},"query-input":{"@type":"PropertyValueSpecification","valueRequired":true,"valueName":"search_term_string"}}],"inLanguage":"es"},{"@type":"Person","@id":"https:\/\/nimd.org\/fr\/#\/schema\/person\/fecd680c201ede81b56eb098a17ad928","name":"superadmin","image":{"@type":"ImageObject","inLanguage":"es","@id":"https:\/\/nimd.org\/fr\/#\/schema\/person\/image\/","url":"https:\/\/secure.gravatar.com\/avatar\/1d1e7ebaf312b717161d349f71f6060e0ed86d7a652cbc37adc644a79988d181?s=96&d=mm&r=g","contentUrl":"https:\/\/secure.gravatar.com\/avatar\/1d1e7ebaf312b717161d349f71f6060e0ed86d7a652cbc37adc644a79988d181?s=96&d=mm&r=g","caption":"superadmin"}}]}},"_links":{"self":[{"href":"https:\/\/nimd.org\/es\/wp-json\/wp\/v2\/posts\/18828","targetHints":{"allow":["GET"]}}],"collection":[{"href":"https:\/\/nimd.org\/es\/wp-json\/wp\/v2\/posts"}],"about":[{"href":"https:\/\/nimd.org\/es\/wp-json\/wp\/v2\/types\/post"}],"author":[{"embeddable":true,"href":"https:\/\/nimd.org\/es\/wp-json\/wp\/v2\/users\/2"}],"replies":[{"embeddable":true,"href":"https:\/\/nimd.org\/es\/wp-json\/wp\/v2\/comments?post=18828"}],"version-history":[{"count":1,"href":"https:\/\/nimd.org\/es\/wp-json\/wp\/v2\/posts\/18828\/revisions"}],"predecessor-version":[{"id":23256,"href":"https:\/\/nimd.org\/es\/wp-json\/wp\/v2\/posts\/18828\/revisions\/23256"}],"wp:featuredmedia":[{"embeddable":true,"href":"https:\/\/nimd.org\/es\/wp-json\/wp\/v2\/media\/22392"}],"wp:attachment":[{"href":"https:\/\/nimd.org\/es\/wp-json\/wp\/v2\/media?parent=18828"}],"wp:term":[{"taxonomy":"category","embeddable":true,"href":"https:\/\/nimd.org\/es\/wp-json\/wp\/v2\/categories?post=18828"},{"taxonomy":"post_tag","embeddable":true,"href":"https:\/\/nimd.org\/es\/wp-json\/wp\/v2\/tags?post=18828"},{"taxonomy":"countries","embeddable":true,"href":"https:\/\/nimd.org\/es\/wp-json\/wp\/v2\/countries?post=18828"},{"taxonomy":"theme","embeddable":true,"href":"https:\/\/nimd.org\/es\/wp-json\/wp\/v2\/theme?post=18828"}],"curies":[{"name":"wp","href":"https:\/\/api.w.org\/{rel}","templated":true}]}}