{"id":18802,"date":"2019-06-17T11:07:31","date_gmt":"2019-06-17T11:07:31","guid":{"rendered":"https:\/\/nimd.org\/the-young-indigenous-woman-who-pushes-for-guatemalan-womens-rights\/"},"modified":"2025-07-07T03:26:26","modified_gmt":"2025-07-07T03:26:26","slug":"the-young-indigenous-woman-who-pushes-for-guatemalan-womens-rights","status":"publish","type":"post","link":"https:\/\/nimd.org\/es\/the-young-indigenous-woman-who-pushes-for-guatemalan-womens-rights\/","title":{"rendered":"La joven ind\u00edgena que lucha por los derechos de las mujeres guatemaltecas"},"content":{"rendered":"<p><em><strong>Esta es la historia de la l\u00edder juvenil local, Nanci Paula Chiriz Sinto.\u00a0<\/strong><\/em><\/p>\n<p>\"<em>El NIMD me ha dado las herramientas para reforzar mis conocimientos pol\u00edticos y mi liderazgo\". <\/em>dice Nanci Paola Chiriz Sinto, una joven l\u00edder que promueve y defiende los derechos colectivos e individuales de las mujeres y los pueblos ind\u00edgenas de Guatemala. Con s\u00f3lo 21 a\u00f1os, Nanci ya estaba profundamente implicada en pol\u00edtica. Lleg\u00f3 a ser Secretaria Nacional de Juventud de Winaq, un movimiento pol\u00edtico con ra\u00edces en las comunidades ind\u00edgenas de Guatemala.<\/p>\n<p>Fue en este papel, y como la representante m\u00e1s joven de su partido, que Nanci conoci\u00f3 a NIMD. Su relaci\u00f3n con la organizaci\u00f3n creci\u00f3 r\u00e1pidamente cuando asumi\u00f3 el cargo de Coordinadora de la Comisi\u00f3n de Juventud del Foro Permanente de Partidos Pol\u00edticos, una plataforma de di\u00e1logo multipartidista apoyada por NIMD hasta 2015.<\/p>\n<h1>Compartir experiencias y aprender de los dem\u00e1s<\/h1>\n<p>En 2014, NIMD invit\u00f3 a Nanci a compartir su experiencia como Secretaria Nacional de Juventud de Winaq en el Seminario Internacional por la Equidad y la Igualdad Pol\u00edtica de las Mujeres en Honduras. En el evento, que reuni\u00f3 a j\u00f3venes de toda Centroam\u00e9rica, Nanci describi\u00f3 lo que significa ser una mujer joven ind\u00edgena en el sistema pol\u00edtico de Guatemala, uno que alberga una profunda desigualdad y exclusi\u00f3n bajo la superficie.<\/p>\n<p><img loading=\"lazy\" decoding=\"async\" class=\"aligncenter size-full wp-image-8610\" src=\"http:\/\/nimd.org\/wp-content\/uploads\/2025\/02\/pullquote-4-6.png\" alt=\"\" width=\"580\" height=\"80\" \/><\/p>\n<p>Entre las participantes en el seminario hab\u00eda muchas mujeres que pertenec\u00edan a dos o incluso tres grupos discriminados en Centroam\u00e9rica. Escuchando sus historias, Nanci lleg\u00f3 a comprender las barreras a las que se enfrentan muchas mujeres cuando participan en campa\u00f1as pol\u00edticas. Comprendi\u00f3 lo dif\u00edcil que puede ser prosperar en una cultura pol\u00edtica en la que se espera que las mujeres se ci\u00f1an a los papeles tradicionales de madre, esposa y cuidadora. Con su nueva comprensi\u00f3n del contexto regional, aprendi\u00f3 la importancia de crear alianzas entre mujeres y de elaborar estrategias conjuntas.<\/p>\n<p>En el seminario tambi\u00e9n se analizaron los retos a los que se enfrentan los j\u00f3venes de toda la regi\u00f3n cuando participan en pol\u00edtica. Enfrentarse a estos dos retos junto con otras mujeres j\u00f3venes y ambiciosas ten\u00eda sentido para Nanci. Con sus nuevos conocimientos y su red de contactos, se sinti\u00f3 m\u00e1s decidida y capacitada que nunca para defender los derechos de otras mujeres j\u00f3venes y de los pueblos ind\u00edgenas de Guatemala.<\/p>\n<p><img loading=\"lazy\" decoding=\"async\" class=\"aligncenter size-full wp-image-8608\" src=\"http:\/\/nimd.org\/wp-content\/uploads\/2025\/02\/pullquote-1-10.png\" alt=\"\" width=\"580\" height=\"80\" \/><\/p>\n<p>Nanci fue tambi\u00e9n la participante m\u00e1s joven en la conferencia de NIMD sobre los derechos pol\u00edticos de las mujeres, celebrada en T\u00fanez en 2017. Le result\u00f3 enriquecedor aprender de las participantes en un entorno tan internacional fuera de su pa\u00eds. Al reflexionar sobre sus diferentes experiencias, empez\u00f3 a comprender la magnitud de la violencia a la que se enfrentan las mujeres en todo el mundo y la importancia de asegurarse de que las sociedades no vean este tipo de violencia como algo normal.<\/p>\n<p>\"<em>A menudo pensamos que los insultos y los ataques verbales son s\u00f3lo el coste que, como mujeres, tenemos que pagar por participar en pol\u00edtica. Las mujeres luchamos contra un sistema que, adem\u00e1s de patriarcal, es adultoc\u00e9ntrico y racista. Frente a esto, tenemos que unirnos como mujeres y j\u00f3venes. Tuve la oportunidad de forjar alianzas y amistades con otras mujeres. Compartir experiencias nos hizo m\u00e1s fuertes. De repente, no importaba que fu\u00e9ramos de partidos pol\u00edticos o grupos sociales diferentes\".<\/em><\/p>\n<figure id=\"attachment_8596\" aria-describedby=\"caption-attachment-8596\" style=\"width: 512px\" class=\"wp-caption aligncenter\"><img loading=\"lazy\" decoding=\"async\" class=\"wp-image-8596\" src=\"http:\/\/nimd.org\/wp-content\/uploads\/2025\/02\/IMG_5839.jpg\" alt=\"\" width=\"512\" height=\"288\" \/><figcaption id=\"caption-attachment-8596\" class=\"wp-caption-text\">Nanci junto a sus compa\u00f1eras delegadas y personal de NIMD en la Conferencia sobre Derechos Pol\u00edticos de la Mujer celebrada en 2018 en Hammamet, T\u00fanez.<\/figcaption><\/figure>\n<p>&nbsp;<\/p>\n<h1>Abrir espacio a la participaci\u00f3n pol\u00edtica de mujeres y j\u00f3venes<\/h1>\n<p>Mirando hacia atr\u00e1s, Nanci reconoce el valioso impacto que estas experiencias tuvieron en su contribuci\u00f3n a la pol\u00edtica en Guatemala. Gan\u00f3 confianza en s\u00ed misma y en sus habilidades de liderazgo, y se sinti\u00f3 motivada para tener una influencia real en la participaci\u00f3n pol\u00edtica de las mujeres y los j\u00f3venes dentro de su partido. Por ejemplo, durante la convenci\u00f3n de su partido de 2015, Nanci form\u00f3 parte de un proceso de di\u00e1logo interno que condujo con \u00e9xito al nombramiento de dos nuevos miembros de la Junta Ejecutiva como representantes de la Oficina de la Mujer y la Oficina de Asuntos Electorales.<\/p>\n<p>Esto supuso muchas horas de di\u00e1logo y negociaci\u00f3n. Nanci reconoce que lo que aprendi\u00f3 de NIMD le ayud\u00f3 a plantear su enfoque del debate. Durante todo el proceso, contribuy\u00f3 a crear un ambiente participativo y tolerante, en el que se valoraba el di\u00e1logo.<\/p>\n<p><img loading=\"lazy\" decoding=\"async\" class=\"aligncenter size-full wp-image-8609\" src=\"http:\/\/nimd.org\/wp-content\/uploads\/2025\/02\/pullquote-3-8.png\" alt=\"\" width=\"580\" height=\"50\" \/><\/p>\n<p>Su nueva confianza tambi\u00e9n le ayud\u00f3, como Coordinadora de la Comisi\u00f3n de Juventud del Foro Permanente de Partidos Pol\u00edticos, a contribuir a la recopilaci\u00f3n de una serie de recomendaciones y sugerencias de j\u00f3venes de todo el espectro pol\u00edtico. \u00c9stas se utilizaron como aportaci\u00f3n a la actual Ley Nacional de la Juventud de Guatemala.<\/p>\n<p>La Comisi\u00f3n de la Juventud propuso situar las experiencias reales y los deseos de los j\u00f3venes en el centro de esta ley. Dado que muchos j\u00f3venes de Guatemala sufren discriminaci\u00f3n, desempleo y marginaci\u00f3n, la Comisi\u00f3n consider\u00f3 crucial escuchar sus voces y responder a sus necesidades.<\/p>\n<p>Para ello, la Comisi\u00f3n llev\u00f3 a cabo un an\u00e1lisis. Nanci y su equipo crearon plataformas de di\u00e1logo para representantes juveniles de todo el espectro pol\u00edtico. Aunque en Guatemala puede ser muy dif\u00edcil llegar a un consenso en entornos interpartidistas, los j\u00f3venes dejaron a un lado sus diferencias pol\u00edticas y entablaron verdaderos debates sobre las necesidades de los j\u00f3venes de su pa\u00eds.<\/p>\n<p>La Comisi\u00f3n de Juventud aprovech\u00f3 esta sesi\u00f3n para redactar un informe t\u00e9cnico en el que se identificaban las necesidades de los j\u00f3venes. Entre otras cosas, se\u00f1alaron la necesidad de una educaci\u00f3n hol\u00edstica, que incluyera el aprendizaje f\u00edsico, art\u00edstico, social y emocional. <em>\"Fue un proceso muy dif\u00edcil, pero tambi\u00e9n enriquecedor, y nuestras aportaciones se utilizaron en los debates sobre la ley\".<\/em><\/p>\n<p>Para Nanci, el trabajo de NIMD en Guatemala es crucial. NIMD la ayud\u00f3 a adquirir las habilidades que necesitaba para contribuir al debate. Dice que gracias a las experiencias que NIMD le proporcion\u00f3 aprendi\u00f3 el valor de la tolerancia y el respeto.<\/p>\n<p><em>\"Creo que NIMD juega un papel clave en el fortalecimiento de la democracia en Guatemala, al brindar capacitaci\u00f3n a representantes de partidos pol\u00edticos y de la sociedad civil. Fui parte de este proceso y obtuve herramientas para fortalecer mi incidencia pol\u00edtica y liderazgo.\"<\/em><\/p>\n<p><em>\"La formaci\u00f3n que NIMD imparte a partidos pol\u00edticos, mujeres y j\u00f3venes les proporciona los conocimientos y la capacitaci\u00f3n que necesitan para fortalecer el sistema pol\u00edtico de Guatemala.\" <\/em><\/p>\n<figure id=\"attachment_8597\" aria-describedby=\"caption-attachment-8597\" style=\"width: 512px\" class=\"wp-caption aligncenter\"><img loading=\"lazy\" decoding=\"async\" class=\"wp-image-8597\" src=\"http:\/\/nimd.org\/wp-content\/uploads\/2025\/02\/International-Seminar.jpg\" alt=\"\" width=\"512\" height=\"288\" \/><figcaption id=\"caption-attachment-8597\" class=\"wp-caption-text\">La asistencia a seminarios del NIMD, como \u00e9ste sobre la igualdad pol\u00edtica de las mujeres, fue esencial para ayudar a Nanci a adquirir las aptitudes necesarias para trabajar en el \u00e1mbito pol\u00edtico.<\/figcaption><\/figure>\n<p>&nbsp;<\/p>\n<h1>Apoyo a las mujeres ind\u00edgenas<\/h1>\n<p>Nanci utiliza ahora sus nuevos conocimientos para impartir formaci\u00f3n especializada a mujeres ind\u00edgenas sobre derechos humanos, justicia, derechos sobre la tierra y mecanismos de denuncia. Por motivos personales, decidi\u00f3 dejar el cargo de Secretaria Nacional de Juventud y ya no milita en ning\u00fan partido pol\u00edtico.<\/p>\n<p>A pesar de ello, el apoyo y las oportunidades que le brind\u00f3 NIMD han contribuido a su desarrollo personal y profesional como joven ind\u00edgena guatemalteca. Tras haber participado en los numerosos di\u00e1logos de NIMD, ya no tiene miedo de hablar p\u00fablicamente y con convicci\u00f3n sobre sus opiniones pol\u00edticas y sus experiencias dentro de un partido.<\/p>\n<p>Aunque los avances que ve son graduales, con cambios en la vida cotidiana de sus participantes que se van produciendo con el tiempo, considera gratificante poder apoyar a los grupos ind\u00edgenas de esta manera. Subraya que \"las mujeres y las comunidades ind\u00edgenas son mayor\u00eda en Guatemala\" y que ya es hora de que tengan la misma voz y los mismos derechos que otros grupos.<\/p>\n<p><img loading=\"lazy\" decoding=\"async\" class=\"aligncenter size-full wp-image-8617\" src=\"http:\/\/nimd.org\/wp-content\/uploads\/2025\/02\/pullquote-5-2.png\" alt=\"\" width=\"580\" height=\"80\" \/><\/p>\n<p>Nanci demuestra su compromiso con Guatemala a trav\u00e9s de todo lo que hace. Su vida y su trabajo para promover los derechos de las mujeres y empoderar a las comunidades ind\u00edgenas resuenan con fuerza en NIMD. Sabemos que l\u00edderes como Nanci son clave para fortalecer la democracia y lograr un impacto duradero en su pa\u00eds.<\/p>\n<p><em>Esta historia, junto con otras de nuestros programas en todo el mundo, tambi\u00e9n aparece en el Informe Anual 2018 de NIMD. Puedes descargarlo <a href=\"https:\/\/nimd.org\/es\/annual-report\/annual-report-2018\/\">aqu\u00ed<\/a>.\u00a0<\/em><\/p>","protected":false},"excerpt":{"rendered":"<p>Esta es la historia de la joven l\u00edder local Nanci Paula Chiriz Sinto.  \"NIMD me ha dado las herramientas para fortalecer mis conocimientos pol\u00edticos y mi liderazgo\", dice Nanci Paola Chiriz Sinto, una joven l\u00edder que promueve y defiende los derechos colectivos e individuales de las mujeres y los pueblos ind\u00edgenas de Guatemala. Con s\u00f3lo 21 a\u00f1os, Nanci ya ... <a href=\"https:\/\/nimd.org\/es\/the-young-indigenous-woman-who-pushes-for-guatemalan-womens-rights\/\"><\/a><\/p>","protected":false},"author":2,"featured_media":23023,"comment_status":"open","ping_status":"open","sticky":false,"template":"","format":"standard","meta":{"_acf_changed":false,"inline_featured_image":false,"_monsterinsights_skip_tracking":false,"_monsterinsights_sitenote_active":false,"_monsterinsights_sitenote_note":"","_monsterinsights_sitenote_category":0,"footnotes":""},"categories":[113],"tags":[],"countries":[84],"theme":[],"class_list":["post-18802","post","type-post","status-publish","format-standard","has-post-thumbnail","hentry","category-stories","countries-guatemala"],"acf":[],"yoast_head":"<!-- This site is optimized with the Yoast SEO Premium plugin v27.1 (Yoast SEO v27.1.1) - https:\/\/yoast.com\/product\/yoast-seo-premium-wordpress\/ -->\n<title>The young indigenous woman who pushes for Guatemalan women\u2019s rights - NIMD<\/title>\n<meta name=\"robots\" content=\"index, follow, max-snippet:-1, max-image-preview:large, max-video-preview:-1\" \/>\n<link rel=\"canonical\" href=\"https:\/\/nimd.org\/es\/the-young-indigenous-woman-who-pushes-for-guatemalan-womens-rights\/\" \/>\n<meta property=\"og:locale\" content=\"es_ES\" \/>\n<meta property=\"og:type\" content=\"article\" \/>\n<meta property=\"og:title\" content=\"The young indigenous woman who pushes for Guatemalan women\u2019s rights\" \/>\n<meta property=\"og:description\" content=\"This us the story of local youth leader, Nanci Paula Chiriz Sinto.\u00a0 \u201cNIMD has given me the tools to strengthen my political knowledge and leadership,\u201d says Nanci Paola Chiriz Sinto, a young leader who promotes and defends the collective and individual rights of women and indigenous peoples in Guatemala. At only 21, Nanci was already &hellip;\" \/>\n<meta property=\"og:url\" content=\"https:\/\/nimd.org\/es\/the-young-indigenous-woman-who-pushes-for-guatemalan-womens-rights\/\" \/>\n<meta property=\"og:site_name\" content=\"NIMD\" \/>\n<meta property=\"article:published_time\" content=\"2019-06-17T11:07:31+00:00\" \/>\n<meta property=\"article:modified_time\" content=\"2025-07-07T03:26:26+00:00\" \/>\n<meta property=\"og:image\" content=\"https:\/\/nimd.org\/wp-content\/uploads\/2025\/02\/Nanci-please-use-as-main-image-cropped-1.jpg\" \/>\n\t<meta property=\"og:image:width\" content=\"1327\" \/>\n\t<meta property=\"og:image:height\" content=\"862\" \/>\n\t<meta property=\"og:image:type\" content=\"image\/jpeg\" \/>\n<meta name=\"author\" content=\"superadmin\" \/>\n<meta name=\"twitter:card\" content=\"summary_large_image\" \/>\n<meta name=\"twitter:label1\" content=\"Escrito por\" \/>\n\t<meta name=\"twitter:data1\" content=\"superadmin\" \/>\n\t<meta name=\"twitter:label2\" content=\"Tiempo de lectura\" \/>\n\t<meta name=\"twitter:data2\" content=\"6 minutos\" \/>\n<script type=\"application\/ld+json\" class=\"yoast-schema-graph\">{\"@context\":\"https:\/\/schema.org\",\"@graph\":[{\"@type\":\"Article\",\"@id\":\"https:\/\/nimd.org\/the-young-indigenous-woman-who-pushes-for-guatemalan-womens-rights\/#article\",\"isPartOf\":{\"@id\":\"https:\/\/nimd.org\/the-young-indigenous-woman-who-pushes-for-guatemalan-womens-rights\/\"},\"author\":{\"name\":\"superadmin\",\"@id\":\"https:\/\/nimd.org\/fr\/#\/schema\/person\/fecd680c201ede81b56eb098a17ad928\"},\"headline\":\"The young indigenous woman who pushes for Guatemalan women\u2019s rights\",\"datePublished\":\"2019-06-17T11:07:31+00:00\",\"dateModified\":\"2025-07-07T03:26:26+00:00\",\"mainEntityOfPage\":{\"@id\":\"https:\/\/nimd.org\/the-young-indigenous-woman-who-pushes-for-guatemalan-womens-rights\/\"},\"wordCount\":1279,\"commentCount\":0,\"image\":{\"@id\":\"https:\/\/nimd.org\/the-young-indigenous-woman-who-pushes-for-guatemalan-womens-rights\/#primaryimage\"},\"thumbnailUrl\":\"https:\/\/nimd.org\/wp-content\/uploads\/2025\/02\/Nanci-please-use-as-main-image-cropped-1.jpg\",\"articleSection\":[\"Stories\"],\"inLanguage\":\"es\",\"potentialAction\":[{\"@type\":\"CommentAction\",\"name\":\"Comment\",\"target\":[\"https:\/\/nimd.org\/the-young-indigenous-woman-who-pushes-for-guatemalan-womens-rights\/#respond\"]}]},{\"@type\":\"WebPage\",\"@id\":\"https:\/\/nimd.org\/the-young-indigenous-woman-who-pushes-for-guatemalan-womens-rights\/\",\"url\":\"https:\/\/nimd.org\/the-young-indigenous-woman-who-pushes-for-guatemalan-womens-rights\/\",\"name\":\"The young indigenous woman who pushes for Guatemalan women\u2019s rights - NIMD\",\"isPartOf\":{\"@id\":\"https:\/\/nimd.org\/fr\/#website\"},\"primaryImageOfPage\":{\"@id\":\"https:\/\/nimd.org\/the-young-indigenous-woman-who-pushes-for-guatemalan-womens-rights\/#primaryimage\"},\"image\":{\"@id\":\"https:\/\/nimd.org\/the-young-indigenous-woman-who-pushes-for-guatemalan-womens-rights\/#primaryimage\"},\"thumbnailUrl\":\"https:\/\/nimd.org\/wp-content\/uploads\/2025\/02\/Nanci-please-use-as-main-image-cropped-1.jpg\",\"datePublished\":\"2019-06-17T11:07:31+00:00\",\"dateModified\":\"2025-07-07T03:26:26+00:00\",\"author\":{\"@id\":\"https:\/\/nimd.org\/fr\/#\/schema\/person\/fecd680c201ede81b56eb098a17ad928\"},\"breadcrumb\":{\"@id\":\"https:\/\/nimd.org\/the-young-indigenous-woman-who-pushes-for-guatemalan-womens-rights\/#breadcrumb\"},\"inLanguage\":\"es\",\"potentialAction\":[{\"@type\":\"ReadAction\",\"target\":[\"https:\/\/nimd.org\/the-young-indigenous-woman-who-pushes-for-guatemalan-womens-rights\/\"]}]},{\"@type\":\"ImageObject\",\"inLanguage\":\"es\",\"@id\":\"https:\/\/nimd.org\/the-young-indigenous-woman-who-pushes-for-guatemalan-womens-rights\/#primaryimage\",\"url\":\"https:\/\/nimd.org\/wp-content\/uploads\/2025\/02\/Nanci-please-use-as-main-image-cropped-1.jpg\",\"contentUrl\":\"https:\/\/nimd.org\/wp-content\/uploads\/2025\/02\/Nanci-please-use-as-main-image-cropped-1.jpg\",\"width\":1327,\"height\":862},{\"@type\":\"BreadcrumbList\",\"@id\":\"https:\/\/nimd.org\/the-young-indigenous-woman-who-pushes-for-guatemalan-womens-rights\/#breadcrumb\",\"itemListElement\":[{\"@type\":\"ListItem\",\"position\":1,\"name\":\"Home\",\"item\":\"https:\/\/nimd.org\/fr\/\"},{\"@type\":\"ListItem\",\"position\":2,\"name\":\"The young indigenous woman who pushes for Guatemalan women\u2019s rights\"}]},{\"@type\":\"WebSite\",\"@id\":\"https:\/\/nimd.org\/fr\/#website\",\"url\":\"https:\/\/nimd.org\/fr\/\",\"name\":\"NIMD\",\"description\":\"Democracy Starts With Dialogue\",\"potentialAction\":[{\"@type\":\"SearchAction\",\"target\":{\"@type\":\"EntryPoint\",\"urlTemplate\":\"https:\/\/nimd.org\/fr\/?s={search_term_string}\"},\"query-input\":{\"@type\":\"PropertyValueSpecification\",\"valueRequired\":true,\"valueName\":\"search_term_string\"}}],\"inLanguage\":\"es\"},{\"@type\":\"Person\",\"@id\":\"https:\/\/nimd.org\/fr\/#\/schema\/person\/fecd680c201ede81b56eb098a17ad928\",\"name\":\"superadmin\",\"image\":{\"@type\":\"ImageObject\",\"inLanguage\":\"es\",\"@id\":\"https:\/\/nimd.org\/fr\/#\/schema\/person\/image\/\",\"url\":\"https:\/\/secure.gravatar.com\/avatar\/1d1e7ebaf312b717161d349f71f6060e0ed86d7a652cbc37adc644a79988d181?s=96&d=mm&r=g\",\"contentUrl\":\"https:\/\/secure.gravatar.com\/avatar\/1d1e7ebaf312b717161d349f71f6060e0ed86d7a652cbc37adc644a79988d181?s=96&d=mm&r=g\",\"caption\":\"superadmin\"}}]}<\/script>\n<!-- \/ Yoast SEO Premium plugin. -->","yoast_head_json":{"title":"La joven ind\u00edgena que lucha por los derechos de las mujeres guatemaltecas - NIMD","robots":{"index":"index","follow":"follow","max-snippet":"max-snippet:-1","max-image-preview":"max-image-preview:large","max-video-preview":"max-video-preview:-1"},"canonical":"https:\/\/nimd.org\/es\/the-young-indigenous-woman-who-pushes-for-guatemalan-womens-rights\/","og_locale":"es_ES","og_type":"article","og_title":"The young indigenous woman who pushes for Guatemalan women\u2019s rights","og_description":"This us the story of local youth leader, Nanci Paula Chiriz Sinto.\u00a0 \u201cNIMD has given me the tools to strengthen my political knowledge and leadership,\u201d says Nanci Paola Chiriz Sinto, a young leader who promotes and defends the collective and individual rights of women and indigenous peoples in Guatemala. At only 21, Nanci was already &hellip;","og_url":"https:\/\/nimd.org\/es\/the-young-indigenous-woman-who-pushes-for-guatemalan-womens-rights\/","og_site_name":"NIMD","article_published_time":"2019-06-17T11:07:31+00:00","article_modified_time":"2025-07-07T03:26:26+00:00","og_image":[{"width":1327,"height":862,"url":"https:\/\/nimd.org\/wp-content\/uploads\/2025\/02\/Nanci-please-use-as-main-image-cropped-1.jpg","type":"image\/jpeg"}],"author":"superadmin","twitter_card":"summary_large_image","twitter_misc":{"Escrito por":"superadmin","Tiempo de lectura":"6 minutos"},"schema":{"@context":"https:\/\/schema.org","@graph":[{"@type":"Article","@id":"https:\/\/nimd.org\/the-young-indigenous-woman-who-pushes-for-guatemalan-womens-rights\/#article","isPartOf":{"@id":"https:\/\/nimd.org\/the-young-indigenous-woman-who-pushes-for-guatemalan-womens-rights\/"},"author":{"name":"superadmin","@id":"https:\/\/nimd.org\/fr\/#\/schema\/person\/fecd680c201ede81b56eb098a17ad928"},"headline":"The young indigenous woman who pushes for Guatemalan women\u2019s rights","datePublished":"2019-06-17T11:07:31+00:00","dateModified":"2025-07-07T03:26:26+00:00","mainEntityOfPage":{"@id":"https:\/\/nimd.org\/the-young-indigenous-woman-who-pushes-for-guatemalan-womens-rights\/"},"wordCount":1279,"commentCount":0,"image":{"@id":"https:\/\/nimd.org\/the-young-indigenous-woman-who-pushes-for-guatemalan-womens-rights\/#primaryimage"},"thumbnailUrl":"https:\/\/nimd.org\/wp-content\/uploads\/2025\/02\/Nanci-please-use-as-main-image-cropped-1.jpg","articleSection":["Stories"],"inLanguage":"es","potentialAction":[{"@type":"CommentAction","name":"Comment","target":["https:\/\/nimd.org\/the-young-indigenous-woman-who-pushes-for-guatemalan-womens-rights\/#respond"]}]},{"@type":"WebPage","@id":"https:\/\/nimd.org\/the-young-indigenous-woman-who-pushes-for-guatemalan-womens-rights\/","url":"https:\/\/nimd.org\/the-young-indigenous-woman-who-pushes-for-guatemalan-womens-rights\/","name":"La joven ind\u00edgena que lucha por los derechos de las mujeres guatemaltecas - NIMD","isPartOf":{"@id":"https:\/\/nimd.org\/fr\/#website"},"primaryImageOfPage":{"@id":"https:\/\/nimd.org\/the-young-indigenous-woman-who-pushes-for-guatemalan-womens-rights\/#primaryimage"},"image":{"@id":"https:\/\/nimd.org\/the-young-indigenous-woman-who-pushes-for-guatemalan-womens-rights\/#primaryimage"},"thumbnailUrl":"https:\/\/nimd.org\/wp-content\/uploads\/2025\/02\/Nanci-please-use-as-main-image-cropped-1.jpg","datePublished":"2019-06-17T11:07:31+00:00","dateModified":"2025-07-07T03:26:26+00:00","author":{"@id":"https:\/\/nimd.org\/fr\/#\/schema\/person\/fecd680c201ede81b56eb098a17ad928"},"breadcrumb":{"@id":"https:\/\/nimd.org\/the-young-indigenous-woman-who-pushes-for-guatemalan-womens-rights\/#breadcrumb"},"inLanguage":"es","potentialAction":[{"@type":"ReadAction","target":["https:\/\/nimd.org\/the-young-indigenous-woman-who-pushes-for-guatemalan-womens-rights\/"]}]},{"@type":"ImageObject","inLanguage":"es","@id":"https:\/\/nimd.org\/the-young-indigenous-woman-who-pushes-for-guatemalan-womens-rights\/#primaryimage","url":"https:\/\/nimd.org\/wp-content\/uploads\/2025\/02\/Nanci-please-use-as-main-image-cropped-1.jpg","contentUrl":"https:\/\/nimd.org\/wp-content\/uploads\/2025\/02\/Nanci-please-use-as-main-image-cropped-1.jpg","width":1327,"height":862},{"@type":"BreadcrumbList","@id":"https:\/\/nimd.org\/the-young-indigenous-woman-who-pushes-for-guatemalan-womens-rights\/#breadcrumb","itemListElement":[{"@type":"ListItem","position":1,"name":"Home","item":"https:\/\/nimd.org\/fr\/"},{"@type":"ListItem","position":2,"name":"The young indigenous woman who pushes for Guatemalan women\u2019s rights"}]},{"@type":"WebSite","@id":"https:\/\/nimd.org\/fr\/#website","url":"https:\/\/nimd.org\/fr\/","name":"NIMD","description":"La democracia empieza por el di\u00e1logo","potentialAction":[{"@type":"SearchAction","target":{"@type":"EntryPoint","urlTemplate":"https:\/\/nimd.org\/fr\/?s={search_term_string}"},"query-input":{"@type":"PropertyValueSpecification","valueRequired":true,"valueName":"search_term_string"}}],"inLanguage":"es"},{"@type":"Person","@id":"https:\/\/nimd.org\/fr\/#\/schema\/person\/fecd680c201ede81b56eb098a17ad928","name":"superadmin","image":{"@type":"ImageObject","inLanguage":"es","@id":"https:\/\/nimd.org\/fr\/#\/schema\/person\/image\/","url":"https:\/\/secure.gravatar.com\/avatar\/1d1e7ebaf312b717161d349f71f6060e0ed86d7a652cbc37adc644a79988d181?s=96&d=mm&r=g","contentUrl":"https:\/\/secure.gravatar.com\/avatar\/1d1e7ebaf312b717161d349f71f6060e0ed86d7a652cbc37adc644a79988d181?s=96&d=mm&r=g","caption":"superadmin"}}]}},"_links":{"self":[{"href":"https:\/\/nimd.org\/es\/wp-json\/wp\/v2\/posts\/18802","targetHints":{"allow":["GET"]}}],"collection":[{"href":"https:\/\/nimd.org\/es\/wp-json\/wp\/v2\/posts"}],"about":[{"href":"https:\/\/nimd.org\/es\/wp-json\/wp\/v2\/types\/post"}],"author":[{"embeddable":true,"href":"https:\/\/nimd.org\/es\/wp-json\/wp\/v2\/users\/2"}],"replies":[{"embeddable":true,"href":"https:\/\/nimd.org\/es\/wp-json\/wp\/v2\/comments?post=18802"}],"version-history":[{"count":6,"href":"https:\/\/nimd.org\/es\/wp-json\/wp\/v2\/posts\/18802\/revisions"}],"predecessor-version":[{"id":25755,"href":"https:\/\/nimd.org\/es\/wp-json\/wp\/v2\/posts\/18802\/revisions\/25755"}],"wp:featuredmedia":[{"embeddable":true,"href":"https:\/\/nimd.org\/es\/wp-json\/wp\/v2\/media\/23023"}],"wp:attachment":[{"href":"https:\/\/nimd.org\/es\/wp-json\/wp\/v2\/media?parent=18802"}],"wp:term":[{"taxonomy":"category","embeddable":true,"href":"https:\/\/nimd.org\/es\/wp-json\/wp\/v2\/categories?post=18802"},{"taxonomy":"post_tag","embeddable":true,"href":"https:\/\/nimd.org\/es\/wp-json\/wp\/v2\/tags?post=18802"},{"taxonomy":"countries","embeddable":true,"href":"https:\/\/nimd.org\/es\/wp-json\/wp\/v2\/countries?post=18802"},{"taxonomy":"theme","embeddable":true,"href":"https:\/\/nimd.org\/es\/wp-json\/wp\/v2\/theme?post=18802"}],"curies":[{"name":"wp","href":"https:\/\/api.w.org\/{rel}","templated":true}]}}