{"id":18691,"date":"2018-04-12T15:14:23","date_gmt":"2018-04-12T15:14:23","guid":{"rendered":"https:\/\/nimd.org\/interview-long-term-planning-for-a-better-future\/"},"modified":"2025-04-07T07:58:47","modified_gmt":"2025-04-07T07:58:47","slug":"interview-long-term-planning-for-a-better-future","status":"publish","type":"post","link":"https:\/\/nimd.org\/es\/interview-long-term-planning-for-a-better-future\/","title":{"rendered":"Entrevista: Planificaci\u00f3n a largo plazo para un futuro mejor"},"content":{"rendered":"<p><em><strong>En la desordenada realidad de la pol\u00edtica cotidiana, los partidos pol\u00edticos se ven obligados a menudo a centrarse en crisis externas a corto plazo. <\/strong><\/em><\/p>\n<p><em><strong>Como sabemos muy bien por los ejemplos de nuestros propios pa\u00edses, esto puede ir en detrimento del desarrollo a medio y largo plazo de visiones, estrategias y la organizaci\u00f3n del partido necesaria para apoyar estas estrategias.<\/strong><\/em><\/p>\n<p><em><strong>En el NIMD utilizamos una herramienta que denominamos \"planificaci\u00f3n estrat\u00e9gica\" para ayudar a los partidos pol\u00edticos de todo el mundo a adquirir la capacidad de mirar hacia el futuro y anticiparse a los acontecimientos. De este modo, los partidos y los pol\u00edticos pueden prepararse adecuadamente para hacer frente a los acontecimientos pol\u00edticos, las demandas de la sociedad y los cambios democr\u00e1ticos.<\/strong><\/em><\/p>\n<p>Los d\u00edas 8 y 9 de marzo de 2018, el NIMD y su socio, el <a href=\"https:\/\/bltprogram.wordpress.com\/\" target=\"_blank\" rel=\"noopener\">Programa de formaci\u00f3n de l\u00edderes en Burundi<\/a>organiz\u00f3 una formaci\u00f3n sobre planificaci\u00f3n estrat\u00e9gica para partidos pol\u00edticos en Gitega (Burundi). Asistieron a la reuni\u00f3n la mayor\u00eda de los partidos pol\u00edticos de Burundi, as\u00ed como el <a href=\"https:\/\/www.government.nl\/ministries\/ministry-of-the-interior-and-kingdom-relations\" target=\"_blank\" rel=\"noopener\">Ministerio del Interior<\/a>.<\/p>\n<p><img loading=\"lazy\" decoding=\"async\" class=\"alignnone size-full wp-image-5964\" src=\"http:\/\/nimd.org\/wp-content\/uploads\/2025\/02\/Image-2-e1523285068936.jpg\" alt=\"\" width=\"580\" height=\"261\" \/><\/p>\n<p><a href=\"https:\/\/www.linkedin.com\/in\/kidokoenig\/\" target=\"_blank\" rel=\"noopener\">Kido Koenig<\/a>antiguo Vicepresidente de la secci\u00f3n juvenil del <a href=\"https:\/\/www.pvda.nl\/\" target=\"_blank\" rel=\"noopener\">Partido Laborista holand\u00e9s<\/a> (PvdA) y entrenador del <a href=\"https:\/\/www.foundationmaxvanderstoel.nl\/\" target=\"_blank\" rel=\"noopener\">Fundaci\u00f3n Max van der Stoel<\/a>aport\u00f3 sus conocimientos t\u00e9cnicos a la formaci\u00f3n. Le preguntamos por su experiencia.<\/p>\n<p><strong>\u00bfPor qu\u00e9 le pareci\u00f3 importante contribuir a esta formaci\u00f3n?<\/strong><\/p>\n<p>Creo firmemente que compartir conocimientos, experiencia y motivaci\u00f3n es una buena manera de mejorar las democracias. Adem\u00e1s, tambi\u00e9n es una experiencia muy especial e instructiva trabajar con pol\u00edticos que intentan conseguir algo en un contexto incre\u00edblemente dif\u00edcil.<\/p>\n<p><img loading=\"lazy\" decoding=\"async\" class=\"alignnone size-full wp-image-5970\" src=\"http:\/\/nimd.org\/wp-content\/uploads\/2025\/02\/pullquote-1-e1523286520923.png\" alt=\"\" width=\"580\" height=\"112\" \/><\/p>\n<p><strong>\u00bfQu\u00e9 importancia tienen los intercambios internacionales y la formaci\u00f3n para democracias j\u00f3venes como Burundi?<\/strong><\/p>\n<p>Como persona pol\u00edticamente activa, es muy f\u00e1cil perderse en el propio contexto y existe el peligro de intentar reinventar constantemente la rueda y quedarse atascado en la pol\u00edtica a corto plazo. Compartir experiencias de otros pa\u00edses y pensar en cuestiones m\u00e1s amplias y estrat\u00e9gicas saca a los pol\u00edticos de ese contexto y ayuda a largo plazo.<\/p>\n<p><strong>\u00bfC\u00f3mo le ayud\u00f3 su propia experiencia en un partido pol\u00edtico a ayudar a los partidos burundeses a desarrollar una visi\u00f3n organizativa?<\/strong><\/p>\n<p>Empecemos diciendo que ning\u00fan partido es perfecto y que, en los Pa\u00edses Bajos, los partidos y la democracia siguen necesitando un trabajo constante. Pero, reflexionando sobre las cuestiones que todos nos planteamos, se puede dar un empuj\u00f3n en la direcci\u00f3n correcta. Se trata de debatir las cuestiones m\u00e1s profundas de la representaci\u00f3n, la legitimidad y la responsabilidad para llegar a una organizaci\u00f3n de partidos que pueda comprometerse efectivamente con una sociedad mejor. El hecho de haber visto pasar a menudo estas cuestiones ayuda a orientar los debates y la reflexi\u00f3n, sin llegar a ser prescriptivos.<\/p>\n<p><img loading=\"lazy\" decoding=\"async\" class=\"alignnone size-full wp-image-5971\" src=\"http:\/\/nimd.org\/wp-content\/uploads\/2025\/02\/pullquote-2-e1523286542806.png\" alt=\"\" width=\"580\" height=\"83\" \/><\/p>\n<p><strong>\u00bfC\u00f3mo cree que fue recibida la formaci\u00f3n?<\/strong><\/p>\n<p>Tengo muy buenas sensaciones. Los participantes se soltaron en los debates plenarios, mostraron mucha curiosidad por mis experiencias en los Pa\u00edses Bajos y se mostraron activos en las sesiones de trabajo. El contexto local es complicado, y a veces da la sensaci\u00f3n de estar librando una batalla cuesta arriba. Pero si ves a los participantes escribir notas y planes para un futuro mejor de su partido, entonces sabes que siempre hay esperanza.<\/p>\n<p><strong><img loading=\"lazy\" decoding=\"async\" class=\"alignnone size-full wp-image-5969\" src=\"http:\/\/nimd.org\/wp-content\/uploads\/2025\/02\/image-3-1-e1523286704472.jpg\" alt=\"\" width=\"580\" height=\"322\" \/><\/strong><\/p>\n<p>\u00bfPuede describir una respuesta agradable de los participantes?<\/p>\n<p>Por lo visto, les parec\u00ed lo bastante guay como para invitarme a unas copas despu\u00e9s de la formaci\u00f3n. Tambi\u00e9n hubo preguntas sorprendentes sobre detalles: \"\u00bfPor qu\u00e9 el PvdA tiene un l\u00edder de partido <em>y<\/em> una silla?\", \"\u00bfC\u00f3mo se forma una coalici\u00f3n y qu\u00e9 hacen los partidos de la oposici\u00f3n?\", \"\u00bfPor qu\u00e9 es tan dif\u00edcil encontrar buenas mujeres para nuestro partido?\". Estas son las preguntas que me han hecho pensar: \u00a1SI! Lo han entendido: estas son las opciones a las que nos enfrentamos los partidos pol\u00edticos. Espero que utilicen los ejercicios y los ejemplos holandeses para su propio crecimiento.<\/p>\n<h3>Nuestro trabajo en Burundi<\/h3>\n<p>Burundi es un pa\u00eds donde la pol\u00edtica suele estar polarizada y dominada por la cuesti\u00f3n de qui\u00e9n est\u00e1 en el poder.  NIMD cree que una democracia se beneficia de partidos fuertes con una visi\u00f3n clara. Junto con su socio, el Programa de Formaci\u00f3n de L\u00edderes de Burundi, NIMD ayuda a los partidos pol\u00edticos a desarrollar esta visi\u00f3n a largo plazo. Aportando la experiencia de su red internacional. Ofreciendo herramientas t\u00e9cnicas para pasar de la pol\u00edtica del poder a la pol\u00edtica de los partidos.  Y, a veces, simplemente haciendo las preguntas adecuadas.<\/p>\n<p><em>\u00a0<\/em><\/p>","protected":false},"excerpt":{"rendered":"<p>In the messy reality of everyday politics, political parties are often forced to focus on short-term external crises. As we know all too well from examples in our own countries, this can work to the detriment of the medium and long-term development of visions, strategies and the party organization needed to support these strategies. At &hellip; <a href=\"https:\/\/nimd.org\/es\/interview-long-term-planning-for-a-better-future\/\"><\/a><\/p>","protected":false},"author":2,"featured_media":22232,"comment_status":"open","ping_status":"open","sticky":false,"template":"","format":"standard","meta":{"_acf_changed":false,"inline_featured_image":false,"_monsterinsights_skip_tracking":false,"_monsterinsights_sitenote_active":false,"_monsterinsights_sitenote_note":"","_monsterinsights_sitenote_category":0,"footnotes":""},"categories":[99],"tags":[],"countries":[],"theme":[],"class_list":["post-18691","post","type-post","status-publish","format-standard","has-post-thumbnail","hentry","category-news"],"acf":[],"yoast_head":"<!-- This site is optimized with the Yoast SEO Premium plugin v27.1 (Yoast SEO v27.1.1) - https:\/\/yoast.com\/product\/yoast-seo-premium-wordpress\/ -->\n<title>Interview: Long-term planning for a better future - NIMD<\/title>\n<meta name=\"robots\" content=\"index, follow, max-snippet:-1, max-image-preview:large, max-video-preview:-1\" \/>\n<link rel=\"canonical\" href=\"https:\/\/nimd.org\/es\/interview-long-term-planning-for-a-better-future\/\" \/>\n<meta property=\"og:locale\" content=\"es_ES\" \/>\n<meta property=\"og:type\" content=\"article\" \/>\n<meta property=\"og:title\" content=\"Interview: Long-term planning for a better future\" \/>\n<meta property=\"og:description\" content=\"In the messy reality of everyday politics, political parties are often forced to focus on short-term external crises. As we know all too well from examples in our own countries, this can work to the detriment of the medium and long-term development of visions, strategies and the party organization needed to support these strategies. At &hellip;\" \/>\n<meta property=\"og:url\" content=\"https:\/\/nimd.org\/es\/interview-long-term-planning-for-a-better-future\/\" \/>\n<meta property=\"og:site_name\" content=\"NIMD\" \/>\n<meta property=\"article:published_time\" content=\"2018-04-12T15:14:23+00:00\" \/>\n<meta property=\"article:modified_time\" content=\"2025-04-07T07:58:47+00:00\" \/>\n<meta property=\"og:image\" content=\"https:\/\/nimd.org\/wp-content\/uploads\/2025\/02\/picture-Kido-e1523285307431.jpg\" \/>\n\t<meta property=\"og:image:width\" content=\"580\" \/>\n\t<meta property=\"og:image:height\" content=\"315\" \/>\n\t<meta property=\"og:image:type\" content=\"image\/jpeg\" \/>\n<meta name=\"author\" content=\"superadmin\" \/>\n<meta name=\"twitter:card\" content=\"summary_large_image\" \/>\n<meta name=\"twitter:label1\" content=\"Escrito por\" \/>\n\t<meta name=\"twitter:data1\" content=\"superadmin\" \/>\n\t<meta name=\"twitter:label2\" content=\"Tiempo de lectura\" \/>\n\t<meta name=\"twitter:data2\" content=\"3 minutos\" \/>\n<script type=\"application\/ld+json\" class=\"yoast-schema-graph\">{\"@context\":\"https:\/\/schema.org\",\"@graph\":[{\"@type\":\"Article\",\"@id\":\"https:\/\/nimd.org\/fr\/interview-long-term-planning-for-a-better-future\/#article\",\"isPartOf\":{\"@id\":\"https:\/\/nimd.org\/fr\/interview-long-term-planning-for-a-better-future\/\"},\"author\":{\"name\":\"superadmin\",\"@id\":\"https:\/\/nimd.org\/fr\/#\/schema\/person\/fecd680c201ede81b56eb098a17ad928\"},\"headline\":\"Interview: Long-term planning for a better future\",\"datePublished\":\"2018-04-12T15:14:23+00:00\",\"dateModified\":\"2025-04-07T07:58:47+00:00\",\"mainEntityOfPage\":{\"@id\":\"https:\/\/nimd.org\/fr\/interview-long-term-planning-for-a-better-future\/\"},\"wordCount\":684,\"commentCount\":0,\"image\":{\"@id\":\"https:\/\/nimd.org\/fr\/interview-long-term-planning-for-a-better-future\/#primaryimage\"},\"thumbnailUrl\":\"https:\/\/nimd.org\/wp-content\/uploads\/2025\/02\/picture-Kido-e1523285307431.jpg\",\"articleSection\":[\"News\"],\"inLanguage\":\"es\",\"potentialAction\":[{\"@type\":\"CommentAction\",\"name\":\"Comment\",\"target\":[\"https:\/\/nimd.org\/fr\/interview-long-term-planning-for-a-better-future\/#respond\"]}]},{\"@type\":\"WebPage\",\"@id\":\"https:\/\/nimd.org\/fr\/interview-long-term-planning-for-a-better-future\/\",\"url\":\"https:\/\/nimd.org\/fr\/interview-long-term-planning-for-a-better-future\/\",\"name\":\"Interview: Long-term planning for a better future - NIMD\",\"isPartOf\":{\"@id\":\"https:\/\/nimd.org\/fr\/#website\"},\"primaryImageOfPage\":{\"@id\":\"https:\/\/nimd.org\/fr\/interview-long-term-planning-for-a-better-future\/#primaryimage\"},\"image\":{\"@id\":\"https:\/\/nimd.org\/fr\/interview-long-term-planning-for-a-better-future\/#primaryimage\"},\"thumbnailUrl\":\"https:\/\/nimd.org\/wp-content\/uploads\/2025\/02\/picture-Kido-e1523285307431.jpg\",\"datePublished\":\"2018-04-12T15:14:23+00:00\",\"dateModified\":\"2025-04-07T07:58:47+00:00\",\"author\":{\"@id\":\"https:\/\/nimd.org\/fr\/#\/schema\/person\/fecd680c201ede81b56eb098a17ad928\"},\"breadcrumb\":{\"@id\":\"https:\/\/nimd.org\/fr\/interview-long-term-planning-for-a-better-future\/#breadcrumb\"},\"inLanguage\":\"es\",\"potentialAction\":[{\"@type\":\"ReadAction\",\"target\":[\"https:\/\/nimd.org\/fr\/interview-long-term-planning-for-a-better-future\/\"]}]},{\"@type\":\"ImageObject\",\"inLanguage\":\"es\",\"@id\":\"https:\/\/nimd.org\/fr\/interview-long-term-planning-for-a-better-future\/#primaryimage\",\"url\":\"https:\/\/nimd.org\/wp-content\/uploads\/2025\/02\/picture-Kido-e1523285307431.jpg\",\"contentUrl\":\"https:\/\/nimd.org\/wp-content\/uploads\/2025\/02\/picture-Kido-e1523285307431.jpg\",\"width\":580,\"height\":315,\"caption\":\"Kido (right) after the training.\"},{\"@type\":\"BreadcrumbList\",\"@id\":\"https:\/\/nimd.org\/fr\/interview-long-term-planning-for-a-better-future\/#breadcrumb\",\"itemListElement\":[{\"@type\":\"ListItem\",\"position\":1,\"name\":\"Home\",\"item\":\"https:\/\/nimd.org\/fr\/\"},{\"@type\":\"ListItem\",\"position\":2,\"name\":\"Interview: Long-term planning for a better future\"}]},{\"@type\":\"WebSite\",\"@id\":\"https:\/\/nimd.org\/fr\/#website\",\"url\":\"https:\/\/nimd.org\/fr\/\",\"name\":\"NIMD\",\"description\":\"Democracy Starts With Dialogue\",\"potentialAction\":[{\"@type\":\"SearchAction\",\"target\":{\"@type\":\"EntryPoint\",\"urlTemplate\":\"https:\/\/nimd.org\/fr\/?s={search_term_string}\"},\"query-input\":{\"@type\":\"PropertyValueSpecification\",\"valueRequired\":true,\"valueName\":\"search_term_string\"}}],\"inLanguage\":\"es\"},{\"@type\":\"Person\",\"@id\":\"https:\/\/nimd.org\/fr\/#\/schema\/person\/fecd680c201ede81b56eb098a17ad928\",\"name\":\"superadmin\",\"image\":{\"@type\":\"ImageObject\",\"inLanguage\":\"es\",\"@id\":\"https:\/\/nimd.org\/fr\/#\/schema\/person\/image\/\",\"url\":\"https:\/\/secure.gravatar.com\/avatar\/1d1e7ebaf312b717161d349f71f6060e0ed86d7a652cbc37adc644a79988d181?s=96&d=mm&r=g\",\"contentUrl\":\"https:\/\/secure.gravatar.com\/avatar\/1d1e7ebaf312b717161d349f71f6060e0ed86d7a652cbc37adc644a79988d181?s=96&d=mm&r=g\",\"caption\":\"superadmin\"}}]}<\/script>\n<!-- \/ Yoast SEO Premium plugin. -->","yoast_head_json":{"title":"Interview: Long-term planning for a better future - NIMD","robots":{"index":"index","follow":"follow","max-snippet":"max-snippet:-1","max-image-preview":"max-image-preview:large","max-video-preview":"max-video-preview:-1"},"canonical":"https:\/\/nimd.org\/es\/interview-long-term-planning-for-a-better-future\/","og_locale":"es_ES","og_type":"article","og_title":"Interview: Long-term planning for a better future","og_description":"In the messy reality of everyday politics, political parties are often forced to focus on short-term external crises. As we know all too well from examples in our own countries, this can work to the detriment of the medium and long-term development of visions, strategies and the party organization needed to support these strategies. At &hellip;","og_url":"https:\/\/nimd.org\/es\/interview-long-term-planning-for-a-better-future\/","og_site_name":"NIMD","article_published_time":"2018-04-12T15:14:23+00:00","article_modified_time":"2025-04-07T07:58:47+00:00","og_image":[{"width":580,"height":315,"url":"https:\/\/nimd.org\/wp-content\/uploads\/2025\/02\/picture-Kido-e1523285307431.jpg","type":"image\/jpeg"}],"author":"superadmin","twitter_card":"summary_large_image","twitter_misc":{"Escrito por":"superadmin","Tiempo de lectura":"3 minutos"},"schema":{"@context":"https:\/\/schema.org","@graph":[{"@type":"Article","@id":"https:\/\/nimd.org\/fr\/interview-long-term-planning-for-a-better-future\/#article","isPartOf":{"@id":"https:\/\/nimd.org\/fr\/interview-long-term-planning-for-a-better-future\/"},"author":{"name":"superadmin","@id":"https:\/\/nimd.org\/fr\/#\/schema\/person\/fecd680c201ede81b56eb098a17ad928"},"headline":"Interview: Long-term planning for a better future","datePublished":"2018-04-12T15:14:23+00:00","dateModified":"2025-04-07T07:58:47+00:00","mainEntityOfPage":{"@id":"https:\/\/nimd.org\/fr\/interview-long-term-planning-for-a-better-future\/"},"wordCount":684,"commentCount":0,"image":{"@id":"https:\/\/nimd.org\/fr\/interview-long-term-planning-for-a-better-future\/#primaryimage"},"thumbnailUrl":"https:\/\/nimd.org\/wp-content\/uploads\/2025\/02\/picture-Kido-e1523285307431.jpg","articleSection":["News"],"inLanguage":"es","potentialAction":[{"@type":"CommentAction","name":"Comment","target":["https:\/\/nimd.org\/fr\/interview-long-term-planning-for-a-better-future\/#respond"]}]},{"@type":"WebPage","@id":"https:\/\/nimd.org\/fr\/interview-long-term-planning-for-a-better-future\/","url":"https:\/\/nimd.org\/fr\/interview-long-term-planning-for-a-better-future\/","name":"Interview: Long-term planning for a better future - NIMD","isPartOf":{"@id":"https:\/\/nimd.org\/fr\/#website"},"primaryImageOfPage":{"@id":"https:\/\/nimd.org\/fr\/interview-long-term-planning-for-a-better-future\/#primaryimage"},"image":{"@id":"https:\/\/nimd.org\/fr\/interview-long-term-planning-for-a-better-future\/#primaryimage"},"thumbnailUrl":"https:\/\/nimd.org\/wp-content\/uploads\/2025\/02\/picture-Kido-e1523285307431.jpg","datePublished":"2018-04-12T15:14:23+00:00","dateModified":"2025-04-07T07:58:47+00:00","author":{"@id":"https:\/\/nimd.org\/fr\/#\/schema\/person\/fecd680c201ede81b56eb098a17ad928"},"breadcrumb":{"@id":"https:\/\/nimd.org\/fr\/interview-long-term-planning-for-a-better-future\/#breadcrumb"},"inLanguage":"es","potentialAction":[{"@type":"ReadAction","target":["https:\/\/nimd.org\/fr\/interview-long-term-planning-for-a-better-future\/"]}]},{"@type":"ImageObject","inLanguage":"es","@id":"https:\/\/nimd.org\/fr\/interview-long-term-planning-for-a-better-future\/#primaryimage","url":"https:\/\/nimd.org\/wp-content\/uploads\/2025\/02\/picture-Kido-e1523285307431.jpg","contentUrl":"https:\/\/nimd.org\/wp-content\/uploads\/2025\/02\/picture-Kido-e1523285307431.jpg","width":580,"height":315,"caption":"Kido (right) after the training."},{"@type":"BreadcrumbList","@id":"https:\/\/nimd.org\/fr\/interview-long-term-planning-for-a-better-future\/#breadcrumb","itemListElement":[{"@type":"ListItem","position":1,"name":"Home","item":"https:\/\/nimd.org\/fr\/"},{"@type":"ListItem","position":2,"name":"Interview: Long-term planning for a better future"}]},{"@type":"WebSite","@id":"https:\/\/nimd.org\/fr\/#website","url":"https:\/\/nimd.org\/fr\/","name":"NIMD","description":"La democracia empieza por el di\u00e1logo","potentialAction":[{"@type":"SearchAction","target":{"@type":"EntryPoint","urlTemplate":"https:\/\/nimd.org\/fr\/?s={search_term_string}"},"query-input":{"@type":"PropertyValueSpecification","valueRequired":true,"valueName":"search_term_string"}}],"inLanguage":"es"},{"@type":"Person","@id":"https:\/\/nimd.org\/fr\/#\/schema\/person\/fecd680c201ede81b56eb098a17ad928","name":"superadmin","image":{"@type":"ImageObject","inLanguage":"es","@id":"https:\/\/nimd.org\/fr\/#\/schema\/person\/image\/","url":"https:\/\/secure.gravatar.com\/avatar\/1d1e7ebaf312b717161d349f71f6060e0ed86d7a652cbc37adc644a79988d181?s=96&d=mm&r=g","contentUrl":"https:\/\/secure.gravatar.com\/avatar\/1d1e7ebaf312b717161d349f71f6060e0ed86d7a652cbc37adc644a79988d181?s=96&d=mm&r=g","caption":"superadmin"}}]}},"_links":{"self":[{"href":"https:\/\/nimd.org\/es\/wp-json\/wp\/v2\/posts\/18691","targetHints":{"allow":["GET"]}}],"collection":[{"href":"https:\/\/nimd.org\/es\/wp-json\/wp\/v2\/posts"}],"about":[{"href":"https:\/\/nimd.org\/es\/wp-json\/wp\/v2\/types\/post"}],"author":[{"embeddable":true,"href":"https:\/\/nimd.org\/es\/wp-json\/wp\/v2\/users\/2"}],"replies":[{"embeddable":true,"href":"https:\/\/nimd.org\/es\/wp-json\/wp\/v2\/comments?post=18691"}],"version-history":[{"count":5,"href":"https:\/\/nimd.org\/es\/wp-json\/wp\/v2\/posts\/18691\/revisions"}],"predecessor-version":[{"id":24513,"href":"https:\/\/nimd.org\/es\/wp-json\/wp\/v2\/posts\/18691\/revisions\/24513"}],"wp:featuredmedia":[{"embeddable":true,"href":"https:\/\/nimd.org\/es\/wp-json\/wp\/v2\/media\/22232"}],"wp:attachment":[{"href":"https:\/\/nimd.org\/es\/wp-json\/wp\/v2\/media?parent=18691"}],"wp:term":[{"taxonomy":"category","embeddable":true,"href":"https:\/\/nimd.org\/es\/wp-json\/wp\/v2\/categories?post=18691"},{"taxonomy":"post_tag","embeddable":true,"href":"https:\/\/nimd.org\/es\/wp-json\/wp\/v2\/tags?post=18691"},{"taxonomy":"countries","embeddable":true,"href":"https:\/\/nimd.org\/es\/wp-json\/wp\/v2\/countries?post=18691"},{"taxonomy":"theme","embeddable":true,"href":"https:\/\/nimd.org\/es\/wp-json\/wp\/v2\/theme?post=18691"}],"curies":[{"name":"wp","href":"https:\/\/api.w.org\/{rel}","templated":true}]}}