{"id":18655,"date":"2017-09-05T07:45:43","date_gmt":"2017-09-05T07:45:43","guid":{"rendered":"https:\/\/nimd.org\/the-benin-school-of-politics-empowering-democratic-leaders-of-the-future\/"},"modified":"2025-07-07T03:26:54","modified_gmt":"2025-07-07T03:26:54","slug":"the-benin-school-of-politics-empowering-democratic-leaders-of-the-future","status":"publish","type":"post","link":"https:\/\/nimd.org\/es\/the-benin-school-of-politics-empowering-democratic-leaders-of-the-future\/","title":{"rendered":"La escuela pol\u00edtica de Ben\u00edn: Capacitar a los l\u00edderes democr\u00e1ticos del futuro"},"content":{"rendered":"<p><em><strong>Eric Vignil\u00e9 Tindo es un joven de Bohicon, una ciudad situada a unos 120 km al interior de Coton\u00fa, la capital econ\u00f3mica de Ben\u00edn. Eric naci\u00f3 como hijo mayor de una familia de cinco hijos. Su padre siempre ha trabajado como soldador mientras su madre se quedaba en casa. <\/strong><\/em><\/p>\n<p><em><strong>En 2011, Eric obtuvo un t\u00edtulo profesional en inform\u00e1tica en el Instituto CERCO y, en 2012, se convirti\u00f3 en presidente del movimiento juvenil de su ciudad natal, el \"Mouvement des Jeunes Pour la Rel\u00e8ve de Demain\". El movimiento se cre\u00f3 originalmente para apoyar la reelecci\u00f3n del actual alcalde de Bohicon, Luc Atrokpo, que tambi\u00e9n es Secretario Ejecutivo Nacional del partido pol\u00edtico \"La Renaissance du B\u00e9nin\". <\/strong><\/em><\/p>\n<p><em><strong>Sin embargo, las elecciones generales y municipales, previstas inicialmente para 2013, no se celebraron hasta 2015; durante los dos a\u00f1os anteriores a las elecciones, Eric se mostr\u00f3 muy activo para el partido. <\/strong><\/em><\/p>\n<p><em><strong>Sin embargo, en su opini\u00f3n, carec\u00eda de todos los conocimientos fundamentales de la democracia.<\/strong><\/em><\/p>\n<p><em><strong>A principios de 2015, Eric se incorpor\u00f3 a la Escuela de Pol\u00edtica NIMD-AWEPA, un programa creado para impartir sesiones de formaci\u00f3n a j\u00f3venes benineses en respuesta a las necesidades y la cultura pol\u00edtica del pa\u00eds.<\/strong><\/em><\/p>\n<blockquote><p>\"Eric se ha convertido en uno de nuestros alumnos m\u00e1s aplicados\". Jerome Scheltens, Director del Programa.<\/p><\/blockquote>\n<figure id=\"attachment_4969\" aria-describedby=\"caption-attachment-4969\" style=\"width: 580px\" class=\"wp-caption alignnone\"><img loading=\"lazy\" decoding=\"async\" class=\"wp-image-4969 size-full\" src=\"http:\/\/nimd.org\/wp-content\/uploads\/2025\/02\/Benin-featured-e1504537422620.jpg\" alt=\"\" width=\"580\" height=\"356\" \/><figcaption id=\"caption-attachment-4969\" class=\"wp-caption-text\">La clase de 2015 de la School of Politcs.<\/figcaption><\/figure>\n<p>Ben\u00edn ha experimentado un crecimiento econ\u00f3mico sustancial en los \u00faltimos a\u00f1os, pero el efecto sobre la reducci\u00f3n de la pobreza y el desarrollo ha sido escaso. El pa\u00eds sigue siendo uno de los m\u00e1s pobres del mundo. Tras la adopci\u00f3n de la democracia multipartidista en 1990, el traspaso de poderes presidenciales se ha producido pac\u00edficamente en m\u00faltiples ocasiones, respetando los l\u00edmites m\u00e1ximos de mandato y bas\u00e1ndose en lo que se consideran unas elecciones suficientemente libres y justas.<\/p>\n<p>Sin embargo, aunque se considera que el pa\u00eds tiene un sistema de gobierno estable, los problemas de corrupci\u00f3n grave han provocado un aumento de las tensiones sociales que han desembocado en huelgas y manifestaciones. La reforma democr\u00e1tica tambi\u00e9n lleva mucho tiempo estancada; como cultura pol\u00edtica muy conservadora, Ben\u00edn prefiere mantener el statu quo.<\/p>\n<p>Por tanto, la pol\u00edtica en Ben\u00edn es excluyente y pertenece a una peque\u00f1a \u00e9lite pol\u00edtica. Las pol\u00edticas y la legislaci\u00f3n rara vez reflejan deliberadamente las opiniones de un amplio sector de la poblaci\u00f3n, y los j\u00f3venes y las mujeres en particular est\u00e1n excluidos de participar en la elaboraci\u00f3n de pol\u00edticas y el liderazgo pol\u00edtico. Por todo ello, hay muy poca confianza e incluso poco inter\u00e9s en la pol\u00edtica y la gobernanza.<\/p>\n<h3>Escuela de Pol\u00edtica NIMD-AWEPA<\/h3>\n<p>En 2015, NIMD y <a href=\"https:\/\/www.awepa.org\/\" target=\"_blank\" rel=\"noopener\">AWEPA <\/a>iniciaron su primera <a href=\"https:\/\/nimd.org\/es\/programme\/benin\/\" target=\"_blank\" rel=\"noopener\">Escuela de Pol\u00edtica de Ben\u00edn<\/a>con el objetivo espec\u00edfico de promover el papel de los j\u00f3venes y las mujeres j\u00f3venes como l\u00edderes pol\u00edticos democr\u00e1ticos y c\u00edvicos para ayudar a abordar su exclusi\u00f3n de la pol\u00edtica.<\/p>\n<p>Para la primera cohorte, NIMD y AWEPA identificaron a un grupo de 34 j\u00f3venes de gran potencial pol\u00edtico y c\u00edvico: 11 mujeres y 23 hombres de todo el pa\u00eds, todos ellos con la esperanza de un futuro mejor para su pa\u00eds.<\/p>\n<p><img loading=\"lazy\" decoding=\"async\" class=\"alignnone wp-image-4973 size-full\" src=\"http:\/\/nimd.org\/wp-content\/uploads\/2025\/02\/pullquote-1-e1504539432546.png\" alt=\"\" width=\"580\" height=\"81\" \/><\/p>\n<p>El objetivo era doble. En primer lugar, la Escuela de Pol\u00edtica forma a j\u00f3venes estudiantes comprometidos, entre ellos Eric, en valores y cultura democr\u00e1ticos durante retiros de fin de semana en Ouidah, una ciudad al oeste de Coton\u00fa.<\/p>\n<p>En segundo lugar, la escuela apoya a su red de antiguos alumnos para que organicen actividades destinadas a influir en la pol\u00edtica interna de los partidos y en la toma de decisiones pol\u00edticas, con el fin de que sean m\u00e1s abiertas y receptivas a las necesidades de los j\u00f3venes y las j\u00f3venes.<\/p>\n<p>Durante la primera sesi\u00f3n, a principios de 2015, Eric y los dem\u00e1s estudiantes recibieron formaci\u00f3n para mejorar su comprensi\u00f3n de los sistemas pol\u00edticos y ayudarles a desarrollar habilidades como estrategas pol\u00edticos. Los estudiantes aprendieron a redactar programas y manifiestos de partido y a desarrollar planes estrat\u00e9gicos. Tambi\u00e9n adquirieron las habilidades necesarias para mantener una posici\u00f3n pol\u00edtica, como por ejemplo hablar en p\u00fablico.<\/p>\n<p><img loading=\"lazy\" decoding=\"async\" class=\"alignnone wp-image-4967 size-full\" src=\"http:\/\/nimd.org\/wp-content\/uploads\/2025\/02\/Benin-3-e1504537479504.jpg\" alt=\"\" width=\"580\" height=\"324\" \/><\/p>\n<p>Inmediatamente despu\u00e9s de esta primera sesi\u00f3n, Eric se puso manos a la obra para poner en pr\u00e1ctica sus nuevos conocimientos. Redact\u00f3 un plan de campa\u00f1a y un programa pol\u00edtico para el alcalde de su ciudad natal. El alcalde le encarg\u00f3 entonces la comunicaci\u00f3n y la movilizaci\u00f3n de los j\u00f3venes del municipio durante las elecciones de 2015.<\/p>\n<p>As\u00ed, Eric pudo centrarse en organizar actividades juveniles de promoci\u00f3n de los valores democr\u00e1ticos, como sondeos postelectorales y campa\u00f1as puerta a puerta.<\/p>\n<p><img loading=\"lazy\" decoding=\"async\" class=\"alignnone wp-image-4980 size-full\" src=\"http:\/\/nimd.org\/wp-content\/uploads\/2025\/02\/pullquote-2-e1504539852404.png\" alt=\"\" width=\"580\" height=\"112\" \/><\/p>\n<p>Aunque, al principio, muchos miembros del partido no comprend\u00edan la importancia de incluir a los j\u00f3venes en papeles m\u00e1s positivos en la pol\u00edtica, el cambio de comportamiento de algunos de los propios l\u00edderes juveniles, junto con una buena dosis de perseverancia por parte de Eric, parece haber empezado a surtir efecto en las actitudes de la vieja guardia hacia la participaci\u00f3n juvenil.<\/p>\n<p>Una sesi\u00f3n posterior de la Escuela de Pol\u00edtica en 2015 se centr\u00f3 en los procesos y la gesti\u00f3n electorales. Los estudiantes recibieron formaci\u00f3n sobre la importancia de la transparencia y la rendici\u00f3n de cuentas durante las elecciones. Entre otras cosas, adquirieron competencias en observaci\u00f3n electoral, gesti\u00f3n de resultados y elaboraci\u00f3n de un c\u00f3digo de conducta electoral.<\/p>\n<h3>Utilizar nuevas competencias para reforzar la democracia<\/h3>\n<p>Tras impresionar al Secretario General con sus conocimientos, Eric fue encargado de seleccionar y preparar a los representantes del partido en las urnas y a los representantes de los candidatos a nivel comunitario y de distrito. Con el apoyo de una de sus compa\u00f1eras, V\u00e9ronique Tonoukouen, utiliz\u00f3 los conocimientos adquiridos en la Escuela para preparar a los representantes de los partidos para la observaci\u00f3n electoral durante las elecciones municipales y parlamentarias.<\/p>\n<p>Aprovech\u00f3 la ocasi\u00f3n para explicar el c\u00f3digo electoral a los observadores, demostrar su importancia y mostrar c\u00f3mo respetarlo. Hizo todo lo posible por insistir en la idea de que la observaci\u00f3n electoral no consiste s\u00f3lo en impedir que otro partido haga trampas, sino tambi\u00e9n en la legitimidad del proceso.<\/p>\n<blockquote><p>A este respecto, V\u00e9ronique se\u00f1al\u00f3 que \"aunque s\u00f3lo una o dos personas est\u00e9n mejor preparadas para observar las elecciones de forma imparcial, hemos avanzado\".<\/p><\/blockquote>\n<p>Como parte de las actividades de la red de antiguos alumnos, el programa ayud\u00f3 a Eric a organizar sesiones de informaci\u00f3n para compartir lo que hab\u00eda aprendido dentro de su movimiento juvenil, incluyendo lo que la secci\u00f3n juvenil deber\u00eda hacer mejor. No todos los miembros de la direcci\u00f3n de las juventudes estaban dispuestos a aceptar los cambios que Eric propugnaba; aunque \u00e9l quer\u00eda que la direcci\u00f3n fuera m\u00e1s representativa de la comunidad, algunos miembros pensaban que perder\u00edan su control del poder.<\/p>\n<p>Sin embargo, seg\u00fan Eric, la direcci\u00f3n del movimiento ha cambiado un poco con el tiempo. Como ahora ven el valor pol\u00edtico de representar a su comunidad, organizan actividades de divulgaci\u00f3n y han creado un grupo de trabajo para que los l\u00edderes tengan espacio para debatir temas y aprender unos de otros.<\/p>\n<blockquote><p>\"Hoy en d\u00eda, los dirigentes juveniles incluso pagan sus cuotas de afiliaci\u00f3n\", afirma Eric con orgullo.<\/p><\/blockquote>\n<p>No es perfecto y el grupo a\u00fan se enfrenta a muchos retos, sobre todo en lo que respecta a su propia capacidad, pero Eric se\u00f1ala que incluso las peque\u00f1as cosas pueden ayudar cuando observa su propia capacidad para entablar un debate real en lugar de gritar durante las discusiones, lo que, en su opini\u00f3n, ha mejorado realmente la calidad de sus interacciones.<\/p>\n<p><img loading=\"lazy\" decoding=\"async\" class=\"alignnone wp-image-4975 size-full\" src=\"http:\/\/nimd.org\/wp-content\/uploads\/2025\/02\/pullquote-3-e1504539535841.png\" alt=\"\" width=\"580\" height=\"81\" \/><\/p>\n<figure id=\"attachment_4968\" aria-describedby=\"caption-attachment-4968\" style=\"width: 580px\" class=\"wp-caption alignnone\"><img loading=\"lazy\" decoding=\"async\" class=\"wp-image-4968 size-full\" src=\"http:\/\/nimd.org\/wp-content\/uploads\/2025\/02\/Benin-4-e1504537537117.jpg\" alt=\"\" width=\"580\" height=\"380\" \/><figcaption id=\"caption-attachment-4968\" class=\"wp-caption-text\">Los participantes en la Escuela de Pol\u00edtica dialogan.<\/figcaption><\/figure>\n<p>Eric habla con cari\u00f1o de sus compa\u00f1eros de clase, procedentes de diversos partidos pol\u00edticos y de la sociedad civil, y es el primero en admitir que la Escuela ha cambiado su visi\u00f3n de las mujeres en la pol\u00edtica despu\u00e9s de haber visto lo inteligentes y dedicadas que son las mujeres de su clase.<\/p>\n<p>A lo largo del \u00faltimo a\u00f1o y medio, Eric se ha convertido en un gran creyente en la democracia y, aunque es el primero en dedicar la carrera que ahora tiene dentro del partido al programa Escuelas, por el camino ha conseguido transferir mucho de lo que ha aprendido a su comunidad y a su partido.<\/p>\n<p>En el proceso, ha contribuido a construir una cultura pol\u00edtica m\u00e1s democr\u00e1tica, abierta a la participaci\u00f3n de j\u00f3venes y mujeres, y un sistema pol\u00edtico que apoya unas elecciones transparentes y leg\u00edtimas. Y lo que no es menos importante, Eric ha contribuido a cambiar el funcionamiento de su partido desde dentro, convirti\u00e9ndolo en una organizaci\u00f3n pol\u00edtica m\u00e1s receptiva e integradora de la que \u00e9l y otros miembros del partido se sienten orgullosos.<\/p>\n<p>Junto con AWEPA, NIMD sigue promoviendo la democracia inclusiva entre los j\u00f3venes pol\u00edticos y c\u00edvicos de Ben\u00edn. Actualmente est\u00e1 trabajando para mejorar el contenido de las sesiones de formaci\u00f3n de la Escuela, as\u00ed como promoviendo la inclusi\u00f3n de representantes para cubrir todo el \u00e1mbito pol\u00edtico local, de modo que m\u00e1s personas como Eric est\u00e9n capacitadas para convertirse en los l\u00edderes democr\u00e1ticos del futuro.<\/p>","protected":false},"excerpt":{"rendered":"<p>Eric Vignil\u00e9 Tindo es un joven de Bohicon, una ciudad situada a unos 120 km al interior de Coton\u00fa, la capital econ\u00f3mica de Ben\u00edn. Eric naci\u00f3 como hijo mayor de una familia de cinco hijos. Su padre siempre ha trabajado como soldador mientras su madre se quedaba en casa. En 2011, Eric obtuvo un t\u00edtulo profesional ... <a href=\"https:\/\/nimd.org\/es\/the-benin-school-of-politics-empowering-democratic-leaders-of-the-future\/\"><\/a><\/p>","protected":false},"author":2,"featured_media":22075,"comment_status":"open","ping_status":"open","sticky":false,"template":"","format":"standard","meta":{"_acf_changed":false,"inline_featured_image":false,"_monsterinsights_skip_tracking":false,"_monsterinsights_sitenote_active":false,"_monsterinsights_sitenote_note":"","_monsterinsights_sitenote_category":0,"footnotes":""},"categories":[113],"tags":[],"countries":[78],"theme":[],"class_list":["post-18655","post","type-post","status-publish","format-standard","has-post-thumbnail","hentry","category-stories","countries-benin"],"acf":[],"yoast_head":"<!-- This site is optimized with the Yoast SEO Premium plugin v27.1 (Yoast SEO v27.1.1) - https:\/\/yoast.com\/product\/yoast-seo-premium-wordpress\/ -->\n<title>The Benin school of politics: Empowering democratic leaders of the future - NIMD<\/title>\n<meta name=\"robots\" content=\"index, follow, max-snippet:-1, max-image-preview:large, max-video-preview:-1\" \/>\n<link rel=\"canonical\" href=\"https:\/\/nimd.org\/es\/the-benin-school-of-politics-empowering-democratic-leaders-of-the-future\/\" \/>\n<meta property=\"og:locale\" content=\"es_ES\" \/>\n<meta property=\"og:type\" content=\"article\" \/>\n<meta property=\"og:title\" content=\"The Benin school of politics: Empowering democratic leaders of the future\" \/>\n<meta property=\"og:description\" content=\"Eric Vignil\u00e9 Tindo is a young man from Bohicon, a town about 120 km inland from the Beninese economic capital of Cotonou. Eric was born the eldest son of a family of five children. His father has always worked as a welder while his mother stayed at home. In 2011, Eric gained a professional degree &hellip;\" \/>\n<meta property=\"og:url\" content=\"https:\/\/nimd.org\/es\/the-benin-school-of-politics-empowering-democratic-leaders-of-the-future\/\" \/>\n<meta property=\"og:site_name\" content=\"NIMD\" \/>\n<meta property=\"article:published_time\" content=\"2017-09-05T07:45:43+00:00\" \/>\n<meta property=\"article:modified_time\" content=\"2025-07-07T03:26:54+00:00\" \/>\n<meta property=\"og:image\" content=\"https:\/\/nimd.org\/wp-content\/uploads\/2025\/02\/Benin-1.jpg\" \/>\n\t<meta property=\"og:image:width\" content=\"992\" \/>\n\t<meta property=\"og:image:height\" content=\"544\" \/>\n\t<meta property=\"og:image:type\" content=\"image\/jpeg\" \/>\n<meta name=\"author\" content=\"superadmin\" \/>\n<meta name=\"twitter:card\" content=\"summary_large_image\" \/>\n<meta name=\"twitter:label1\" content=\"Escrito por\" \/>\n\t<meta name=\"twitter:data1\" content=\"superadmin\" \/>\n\t<meta name=\"twitter:label2\" content=\"Tiempo de lectura\" \/>\n\t<meta name=\"twitter:data2\" content=\"7 minutos\" \/>\n<script type=\"application\/ld+json\" class=\"yoast-schema-graph\">{\"@context\":\"https:\/\/schema.org\",\"@graph\":[{\"@type\":\"Article\",\"@id\":\"https:\/\/nimd.org\/the-benin-school-of-politics-empowering-democratic-leaders-of-the-future\/#article\",\"isPartOf\":{\"@id\":\"https:\/\/nimd.org\/the-benin-school-of-politics-empowering-democratic-leaders-of-the-future\/\"},\"author\":{\"name\":\"superadmin\",\"@id\":\"https:\/\/nimd.org\/fr\/#\/schema\/person\/fecd680c201ede81b56eb098a17ad928\"},\"headline\":\"The Benin school of politics: Empowering democratic leaders of the future\",\"datePublished\":\"2017-09-05T07:45:43+00:00\",\"dateModified\":\"2025-07-07T03:26:54+00:00\",\"mainEntityOfPage\":{\"@id\":\"https:\/\/nimd.org\/the-benin-school-of-politics-empowering-democratic-leaders-of-the-future\/\"},\"wordCount\":1357,\"commentCount\":0,\"image\":{\"@id\":\"https:\/\/nimd.org\/the-benin-school-of-politics-empowering-democratic-leaders-of-the-future\/#primaryimage\"},\"thumbnailUrl\":\"https:\/\/nimd.org\/wp-content\/uploads\/2025\/02\/Benin-1.jpg\",\"articleSection\":[\"Stories\"],\"inLanguage\":\"es\",\"potentialAction\":[{\"@type\":\"CommentAction\",\"name\":\"Comment\",\"target\":[\"https:\/\/nimd.org\/the-benin-school-of-politics-empowering-democratic-leaders-of-the-future\/#respond\"]}]},{\"@type\":\"WebPage\",\"@id\":\"https:\/\/nimd.org\/the-benin-school-of-politics-empowering-democratic-leaders-of-the-future\/\",\"url\":\"https:\/\/nimd.org\/the-benin-school-of-politics-empowering-democratic-leaders-of-the-future\/\",\"name\":\"The Benin school of politics: Empowering democratic leaders of the future - NIMD\",\"isPartOf\":{\"@id\":\"https:\/\/nimd.org\/fr\/#website\"},\"primaryImageOfPage\":{\"@id\":\"https:\/\/nimd.org\/the-benin-school-of-politics-empowering-democratic-leaders-of-the-future\/#primaryimage\"},\"image\":{\"@id\":\"https:\/\/nimd.org\/the-benin-school-of-politics-empowering-democratic-leaders-of-the-future\/#primaryimage\"},\"thumbnailUrl\":\"https:\/\/nimd.org\/wp-content\/uploads\/2025\/02\/Benin-1.jpg\",\"datePublished\":\"2017-09-05T07:45:43+00:00\",\"dateModified\":\"2025-07-07T03:26:54+00:00\",\"author\":{\"@id\":\"https:\/\/nimd.org\/fr\/#\/schema\/person\/fecd680c201ede81b56eb098a17ad928\"},\"breadcrumb\":{\"@id\":\"https:\/\/nimd.org\/the-benin-school-of-politics-empowering-democratic-leaders-of-the-future\/#breadcrumb\"},\"inLanguage\":\"es\",\"potentialAction\":[{\"@type\":\"ReadAction\",\"target\":[\"https:\/\/nimd.org\/the-benin-school-of-politics-empowering-democratic-leaders-of-the-future\/\"]}]},{\"@type\":\"ImageObject\",\"inLanguage\":\"es\",\"@id\":\"https:\/\/nimd.org\/the-benin-school-of-politics-empowering-democratic-leaders-of-the-future\/#primaryimage\",\"url\":\"https:\/\/nimd.org\/wp-content\/uploads\/2025\/02\/Benin-1.jpg\",\"contentUrl\":\"https:\/\/nimd.org\/wp-content\/uploads\/2025\/02\/Benin-1.jpg\",\"width\":992,\"height\":544},{\"@type\":\"BreadcrumbList\",\"@id\":\"https:\/\/nimd.org\/the-benin-school-of-politics-empowering-democratic-leaders-of-the-future\/#breadcrumb\",\"itemListElement\":[{\"@type\":\"ListItem\",\"position\":1,\"name\":\"Home\",\"item\":\"https:\/\/nimd.org\/fr\/\"},{\"@type\":\"ListItem\",\"position\":2,\"name\":\"The Benin school of politics: Empowering democratic leaders of the future\"}]},{\"@type\":\"WebSite\",\"@id\":\"https:\/\/nimd.org\/fr\/#website\",\"url\":\"https:\/\/nimd.org\/fr\/\",\"name\":\"NIMD\",\"description\":\"Democracy Starts With Dialogue\",\"potentialAction\":[{\"@type\":\"SearchAction\",\"target\":{\"@type\":\"EntryPoint\",\"urlTemplate\":\"https:\/\/nimd.org\/fr\/?s={search_term_string}\"},\"query-input\":{\"@type\":\"PropertyValueSpecification\",\"valueRequired\":true,\"valueName\":\"search_term_string\"}}],\"inLanguage\":\"es\"},{\"@type\":\"Person\",\"@id\":\"https:\/\/nimd.org\/fr\/#\/schema\/person\/fecd680c201ede81b56eb098a17ad928\",\"name\":\"superadmin\",\"image\":{\"@type\":\"ImageObject\",\"inLanguage\":\"es\",\"@id\":\"https:\/\/nimd.org\/fr\/#\/schema\/person\/image\/\",\"url\":\"https:\/\/secure.gravatar.com\/avatar\/1d1e7ebaf312b717161d349f71f6060e0ed86d7a652cbc37adc644a79988d181?s=96&d=mm&r=g\",\"contentUrl\":\"https:\/\/secure.gravatar.com\/avatar\/1d1e7ebaf312b717161d349f71f6060e0ed86d7a652cbc37adc644a79988d181?s=96&d=mm&r=g\",\"caption\":\"superadmin\"}}]}<\/script>\n<!-- \/ Yoast SEO Premium plugin. -->","yoast_head_json":{"title":"La escuela pol\u00edtica de Ben\u00edn: Capacitar a los l\u00edderes democr\u00e1ticos del futuro - NIMD","robots":{"index":"index","follow":"follow","max-snippet":"max-snippet:-1","max-image-preview":"max-image-preview:large","max-video-preview":"max-video-preview:-1"},"canonical":"https:\/\/nimd.org\/es\/the-benin-school-of-politics-empowering-democratic-leaders-of-the-future\/","og_locale":"es_ES","og_type":"article","og_title":"The Benin school of politics: Empowering democratic leaders of the future","og_description":"Eric Vignil\u00e9 Tindo is a young man from Bohicon, a town about 120 km inland from the Beninese economic capital of Cotonou. Eric was born the eldest son of a family of five children. His father has always worked as a welder while his mother stayed at home. In 2011, Eric gained a professional degree &hellip;","og_url":"https:\/\/nimd.org\/es\/the-benin-school-of-politics-empowering-democratic-leaders-of-the-future\/","og_site_name":"NIMD","article_published_time":"2017-09-05T07:45:43+00:00","article_modified_time":"2025-07-07T03:26:54+00:00","og_image":[{"width":992,"height":544,"url":"https:\/\/nimd.org\/wp-content\/uploads\/2025\/02\/Benin-1.jpg","type":"image\/jpeg"}],"author":"superadmin","twitter_card":"summary_large_image","twitter_misc":{"Escrito por":"superadmin","Tiempo de lectura":"7 minutos"},"schema":{"@context":"https:\/\/schema.org","@graph":[{"@type":"Article","@id":"https:\/\/nimd.org\/the-benin-school-of-politics-empowering-democratic-leaders-of-the-future\/#article","isPartOf":{"@id":"https:\/\/nimd.org\/the-benin-school-of-politics-empowering-democratic-leaders-of-the-future\/"},"author":{"name":"superadmin","@id":"https:\/\/nimd.org\/fr\/#\/schema\/person\/fecd680c201ede81b56eb098a17ad928"},"headline":"The Benin school of politics: Empowering democratic leaders of the future","datePublished":"2017-09-05T07:45:43+00:00","dateModified":"2025-07-07T03:26:54+00:00","mainEntityOfPage":{"@id":"https:\/\/nimd.org\/the-benin-school-of-politics-empowering-democratic-leaders-of-the-future\/"},"wordCount":1357,"commentCount":0,"image":{"@id":"https:\/\/nimd.org\/the-benin-school-of-politics-empowering-democratic-leaders-of-the-future\/#primaryimage"},"thumbnailUrl":"https:\/\/nimd.org\/wp-content\/uploads\/2025\/02\/Benin-1.jpg","articleSection":["Stories"],"inLanguage":"es","potentialAction":[{"@type":"CommentAction","name":"Comment","target":["https:\/\/nimd.org\/the-benin-school-of-politics-empowering-democratic-leaders-of-the-future\/#respond"]}]},{"@type":"WebPage","@id":"https:\/\/nimd.org\/the-benin-school-of-politics-empowering-democratic-leaders-of-the-future\/","url":"https:\/\/nimd.org\/the-benin-school-of-politics-empowering-democratic-leaders-of-the-future\/","name":"La escuela pol\u00edtica de Ben\u00edn: Capacitar a los l\u00edderes democr\u00e1ticos del futuro - NIMD","isPartOf":{"@id":"https:\/\/nimd.org\/fr\/#website"},"primaryImageOfPage":{"@id":"https:\/\/nimd.org\/the-benin-school-of-politics-empowering-democratic-leaders-of-the-future\/#primaryimage"},"image":{"@id":"https:\/\/nimd.org\/the-benin-school-of-politics-empowering-democratic-leaders-of-the-future\/#primaryimage"},"thumbnailUrl":"https:\/\/nimd.org\/wp-content\/uploads\/2025\/02\/Benin-1.jpg","datePublished":"2017-09-05T07:45:43+00:00","dateModified":"2025-07-07T03:26:54+00:00","author":{"@id":"https:\/\/nimd.org\/fr\/#\/schema\/person\/fecd680c201ede81b56eb098a17ad928"},"breadcrumb":{"@id":"https:\/\/nimd.org\/the-benin-school-of-politics-empowering-democratic-leaders-of-the-future\/#breadcrumb"},"inLanguage":"es","potentialAction":[{"@type":"ReadAction","target":["https:\/\/nimd.org\/the-benin-school-of-politics-empowering-democratic-leaders-of-the-future\/"]}]},{"@type":"ImageObject","inLanguage":"es","@id":"https:\/\/nimd.org\/the-benin-school-of-politics-empowering-democratic-leaders-of-the-future\/#primaryimage","url":"https:\/\/nimd.org\/wp-content\/uploads\/2025\/02\/Benin-1.jpg","contentUrl":"https:\/\/nimd.org\/wp-content\/uploads\/2025\/02\/Benin-1.jpg","width":992,"height":544},{"@type":"BreadcrumbList","@id":"https:\/\/nimd.org\/the-benin-school-of-politics-empowering-democratic-leaders-of-the-future\/#breadcrumb","itemListElement":[{"@type":"ListItem","position":1,"name":"Home","item":"https:\/\/nimd.org\/fr\/"},{"@type":"ListItem","position":2,"name":"The Benin school of politics: Empowering democratic leaders of the future"}]},{"@type":"WebSite","@id":"https:\/\/nimd.org\/fr\/#website","url":"https:\/\/nimd.org\/fr\/","name":"NIMD","description":"La democracia empieza por el di\u00e1logo","potentialAction":[{"@type":"SearchAction","target":{"@type":"EntryPoint","urlTemplate":"https:\/\/nimd.org\/fr\/?s={search_term_string}"},"query-input":{"@type":"PropertyValueSpecification","valueRequired":true,"valueName":"search_term_string"}}],"inLanguage":"es"},{"@type":"Person","@id":"https:\/\/nimd.org\/fr\/#\/schema\/person\/fecd680c201ede81b56eb098a17ad928","name":"superadmin","image":{"@type":"ImageObject","inLanguage":"es","@id":"https:\/\/nimd.org\/fr\/#\/schema\/person\/image\/","url":"https:\/\/secure.gravatar.com\/avatar\/1d1e7ebaf312b717161d349f71f6060e0ed86d7a652cbc37adc644a79988d181?s=96&d=mm&r=g","contentUrl":"https:\/\/secure.gravatar.com\/avatar\/1d1e7ebaf312b717161d349f71f6060e0ed86d7a652cbc37adc644a79988d181?s=96&d=mm&r=g","caption":"superadmin"}}]}},"_links":{"self":[{"href":"https:\/\/nimd.org\/es\/wp-json\/wp\/v2\/posts\/18655","targetHints":{"allow":["GET"]}}],"collection":[{"href":"https:\/\/nimd.org\/es\/wp-json\/wp\/v2\/posts"}],"about":[{"href":"https:\/\/nimd.org\/es\/wp-json\/wp\/v2\/types\/post"}],"author":[{"embeddable":true,"href":"https:\/\/nimd.org\/es\/wp-json\/wp\/v2\/users\/2"}],"replies":[{"embeddable":true,"href":"https:\/\/nimd.org\/es\/wp-json\/wp\/v2\/comments?post=18655"}],"version-history":[{"count":6,"href":"https:\/\/nimd.org\/es\/wp-json\/wp\/v2\/posts\/18655\/revisions"}],"predecessor-version":[{"id":25791,"href":"https:\/\/nimd.org\/es\/wp-json\/wp\/v2\/posts\/18655\/revisions\/25791"}],"wp:featuredmedia":[{"embeddable":true,"href":"https:\/\/nimd.org\/es\/wp-json\/wp\/v2\/media\/22075"}],"wp:attachment":[{"href":"https:\/\/nimd.org\/es\/wp-json\/wp\/v2\/media?parent=18655"}],"wp:term":[{"taxonomy":"category","embeddable":true,"href":"https:\/\/nimd.org\/es\/wp-json\/wp\/v2\/categories?post=18655"},{"taxonomy":"post_tag","embeddable":true,"href":"https:\/\/nimd.org\/es\/wp-json\/wp\/v2\/tags?post=18655"},{"taxonomy":"countries","embeddable":true,"href":"https:\/\/nimd.org\/es\/wp-json\/wp\/v2\/countries?post=18655"},{"taxonomy":"theme","embeddable":true,"href":"https:\/\/nimd.org\/es\/wp-json\/wp\/v2\/theme?post=18655"}],"curies":[{"name":"wp","href":"https:\/\/api.w.org\/{rel}","templated":true}]}}